{"id":7378,"date":"2019-08-19T15:56:52","date_gmt":"2019-08-19T18:56:52","guid":{"rendered":"https:\/\/hostnetart.com.br\/baixada\/mp-881-atende-interesses-da-economia-ortodoxa\/"},"modified":"2019-08-19T15:56:52","modified_gmt":"2019-08-19T18:56:52","slug":"mp-881-atende-interesses-da-economia-ortodoxa","status":"publish","type":"post","link":"https:\/\/hostnetart.com.br\/baixada\/mp-881-atende-interesses-da-economia-ortodoxa\/","title":{"rendered":"MP 881 atende interesses da economia ortodoxa"},"content":{"rendered":"<div class=\"elementor-element elementor-element-194680ec elementor-widget elementor-widget-theme-post-content\" data-id=\"194680ec\" data-element_type=\"widget\" data-widget_type=\"theme-post-content.default\">\n<div class=\"elementor-widget-container\">\n<p>A Medida Provis\u00f3ria 881, <a href=\"https:\/\/contrafcut.com.br\/noticias\/camara-aprova-mp-da-exploracao\/\" target=\"_blank\" rel=\"noopener noreferrer\">que teve o texto base aprovado nesta semana pela C\u00e2mara dos Deputados,<\/a> atende os interesses da economia ortodoxa, na qual a l\u00f3gica \u00e9 que o dinamismo econ\u00f4mico \u00e9 puxado pelo lado da oferta. Essa \u00e9 a opini\u00e3o da presidenta da Confedera\u00e7\u00e3o dos Trabalhadores do Ramo Financeiro (Contraf-CUT), <a href=\"https:\/\/contrafcut.com.br\/?s=Juvandia+Moreira\" target=\"_blank\" rel=\"noopener noreferrer\">Juvandia Moreira<\/a>.<\/p>\n<p>Editada com a finalidade de reduzir a burocracia e limitar o poder de regula\u00e7\u00e3o do Estado sobre as empresas, a \u201c<a href=\"https:\/\/www.redebrasilatual.com.br\/trabalho\/2019\/08\/mp-liberdade-economica-retrocede-um-seculo\/\" target=\"_blank\" rel=\"noopener noreferrer\">MP da Explora\u00e7\u00e3o<\/a>\u201d avan\u00e7a sobre as leis do trabalho, transformando-a numa esp\u00e9cie de minirreforma trabalhista.<\/p>\n<p>Juvandia explica que a ideia desse tipo de economia \u00e9 \u201cfacilitar\u201d a vida dos produtores para que eles aumentem a sua produ\u00e7\u00e3o e assim gerem crescimento econ\u00f4mico. \u201cDentre as quest\u00f5es propostas nessa l\u00f3gica para facilitar a vida do produtor est\u00e3o a desburocratiza\u00e7\u00e3o e a redu\u00e7\u00e3o de custos, com impostos e encargos.\u201d<\/p>\n<p>Portanto, para eles, quando voc\u00ea cria uma lei que facilita a abertura da empresa aos s\u00e1bados e domingos, por exemplo, ou que reduz o custo da for\u00e7a de trabalho, isso por si s\u00f3 vai animar o empresariado a investir mais e gerar crescimento e emprego. \u201c\u00c9 a mesma l\u00f3gica que foi utilizada na Reforma Trabalhista. Na \u00e9poca, o Henrique Meirelles disse que a reforma iria gerar seis milh\u00f5es de empregos, como se apenas o fato de a for\u00e7a de trabalho estar mais barata fosse animar os empres\u00e1rios a sa\u00edrem contratando.\u201d<\/p>\n<p>A presidenta da Contraf-CUT, por\u00e9m, aponta a vis\u00e3o econ\u00f4mica da classe trabalhadora. \u201cN\u00f3s vemos a economia pelo lado da demanda. Ou seja, se n\u00e3o houver demanda de nada adianta facilitar a oferta, pois os empres\u00e1rios n\u00e3o v\u00e3o investir mais. Ir\u00e3o apenas aumentar a margem de lucro aumentando as desigualdades. Seria necess\u00e1rio, portanto criar programas ou projetos para gerar emprego, aumentar a massa salarial e, a partir da\u00ed, aumentar a demanda da economia. S\u00f3 ent\u00e3o esse processo iria animar os empres\u00e1rios a investirem mais.\u201d Juvandia garante que \u201cda mesma maneira que ocorreu com a previs\u00e3o de gera\u00e7\u00e3o de empregos p\u00f3s reforma trabalhista, que na pr\u00e1tica n\u00e3o gerou nenhum, essa nova previs\u00e3o dessa minirreforma tamb\u00e9m vai ser frustrada. No caso dos bancos vai gerar mais adoecimentos, aumentar a sobrecarga e diminuir a qualidade de vida dos banc\u00e1rios\u201d, acrescentou a presidenta. \u201cVamos pautar o debate na mesa de negocia\u00e7\u00e3o com os bancos.\u201d<\/p>\n<p><strong>Fonte: Contraf-CUT<\/strong><\/p>\n<\/div>\n<\/div>\n","protected":false},"excerpt":{"rendered":"<p>A Medida Provis\u00f3ria 881, que teve o texto base aprovado nesta semana pela C\u00e2mara dos Deputados, atende os interesses da economia ortodoxa, na qual a l\u00f3gica \u00e9 que o dinamismo econ\u00f4mico \u00e9 puxado pelo lado da oferta. Essa \u00e9 a opini\u00e3o da presidenta da Confedera\u00e7\u00e3o dos Trabalhadores do Ramo Financeiro (Contraf-CUT), Juvandia Moreira. Editada com [&hellip;]<\/p>\n","protected":false},"author":2,"featured_media":7377,"comment_status":"","ping_status":"","sticky":false,"template":"","format":"standard","meta":{"footnotes":""},"categories":[3],"tags":[],"class_list":["post-7378","post","type-post","status-publish","format-standard","has-post-thumbnail","hentry","category-noticias"],"_links":{"self":[{"href":"https:\/\/hostnetart.com.br\/baixada\/wp-json\/wp\/v2\/posts\/7378","targetHints":{"allow":["GET"]}}],"collection":[{"href":"https:\/\/hostnetart.com.br\/baixada\/wp-json\/wp\/v2\/posts"}],"about":[{"href":"https:\/\/hostnetart.com.br\/baixada\/wp-json\/wp\/v2\/types\/post"}],"author":[{"embeddable":true,"href":"https:\/\/hostnetart.com.br\/baixada\/wp-json\/wp\/v2\/users\/2"}],"replies":[{"embeddable":true,"href":"https:\/\/hostnetart.com.br\/baixada\/wp-json\/wp\/v2\/comments?post=7378"}],"version-history":[{"count":0,"href":"https:\/\/hostnetart.com.br\/baixada\/wp-json\/wp\/v2\/posts\/7378\/revisions"}],"wp:featuredmedia":[{"embeddable":true,"href":"https:\/\/hostnetart.com.br\/baixada\/wp-json\/wp\/v2\/media\/7377"}],"wp:attachment":[{"href":"https:\/\/hostnetart.com.br\/baixada\/wp-json\/wp\/v2\/media?parent=7378"}],"wp:term":[{"taxonomy":"category","embeddable":true,"href":"https:\/\/hostnetart.com.br\/baixada\/wp-json\/wp\/v2\/categories?post=7378"},{"taxonomy":"post_tag","embeddable":true,"href":"https:\/\/hostnetart.com.br\/baixada\/wp-json\/wp\/v2\/tags?post=7378"}],"curies":[{"name":"wp","href":"https:\/\/api.w.org\/{rel}","templated":true}]}}