{"id":7374,"date":"2019-08-16T14:39:41","date_gmt":"2019-08-16T17:39:41","guid":{"rendered":"https:\/\/hostnetart.com.br\/baixada\/especialistas-sao-unanimes-reforma-vai-aumentar-a-desigualdade-social-e-de-renda\/"},"modified":"2019-08-16T14:39:41","modified_gmt":"2019-08-16T17:39:41","slug":"especialistas-sao-unanimes-reforma-vai-aumentar-a-desigualdade-social-e-de-renda","status":"publish","type":"post","link":"https:\/\/hostnetart.com.br\/baixada\/especialistas-sao-unanimes-reforma-vai-aumentar-a-desigualdade-social-e-de-renda\/","title":{"rendered":"Especialistas s\u00e3o un\u00e2nimes: reforma vai aumentar a desigualdade social e de renda"},"content":{"rendered":"<p>A \u201creforma\u201d da Previd\u00eancia, em tramita\u00e7\u00e3o no Senado depois de ter sido aprovada em dois turnos na C\u00e2mara, vai aumentar a desigualdade social e de renda no Brasil ao atingir grande massa de pessoas que recebem baixos sal\u00e1rios ou aposentadorias. Essa e outras cr\u00edticas foram apresentadas ontem (15) por debatedores que participaram de audi\u00eancia p\u00fablica na Comiss\u00e3o de Direitos Humanos e Legisla\u00e7\u00e3o Participativa (CDH) do Senado.<\/p>\n<p>Segundo o economista Eduardo Fagnani \u2013 autor do livro <a href=\"https:\/\/www.redebrasilatual.com.br\/politica\/2019\/08\/reforma-da-previdencia-mentiras-em-livro-eduardo-fagnani\/\"><i>Previd\u00eancia: O Debate Desonesto<\/i><\/a> \u2013, a reforma vai prejudicar especialmente os trabalhadores e, consequentemente, aumentar a concentra\u00e7\u00e3o de renda e a desigualdade social. Ele disse que o Brasil j\u00e1 \u00e9 considerado o pa\u00eds mais desigual do planeta, com enorme concentra\u00e7\u00e3o de renda. Para o economista, o projeto \u00e9 apenas mais um passo para o <a href=\"https:\/\/www.redebrasilatual.com.br\/trabalho\/2019\/07\/texto-da-previdencia-esta-conectado-ao-desmonte-social-feito-pela-reforma-trabalhista\/\">desmonte do Estado social<\/a> pactuado na Constitui\u00e7\u00e3o de 1988.<\/p>\n<p>\u201cEstamos destruindo a seguridade social, que \u00e9 o principal mecanismo de transfer\u00eancia de renda do Brasil, de diminui\u00e7\u00e3o da desigualdade. Estamos destruindo esses mecanismos de prote\u00e7\u00e3o social, como o BPC. Est\u00e3o reformando o modelo de sociedade que foi pactuado em 1988. Mais um retrocesso no processo civilizat\u00f3rio brasileiro\u201d, afirmou Fagnani.<\/p>\n<p>O presidente do F\u00f3rum Nacional Permanente de Carreiras T\u00edpicas de Estado (Fonacate), Rudinei Marques, ressaltou que a <a href=\"https:\/\/www.redebrasilatual.com.br\/economia\/2019\/06\/desigualdade-aumenta-com-queda-de-quase-40-na-renda-da-metade-mais-pobre-da-populacao\/\">concentra\u00e7\u00e3o de renda vem aumentando em todo o mundo<\/a> nos \u00faltimos anos e que o texto atual da reforma previdenci\u00e1ria n\u00e3o atacar\u00e1 privil\u00e9gios como alega o governo. Ao contr\u00e1rio, declarou, atinge de maneira dura quem recebe sal\u00e1rios ou benef\u00edcios entre R$ 1.300 e R$ 1.800.<\/p>\n<p>Rudinei afirmou ainda que a proposta vai diminuir o valor de aposentadorias e pens\u00f5es, tornar mais tardias as aposentadorias, diminuir sal\u00e1rios l\u00edquidos dos trabalhadores da ativa, principalmente dos servidores p\u00fablicos. Segundo seus c\u00e1lculos, o servidor p\u00fablico vai perder, em m\u00e9dia, 5% de seu sal\u00e1rio l\u00edquido devido ao aumento das contribui\u00e7\u00f5es previdenci\u00e1rias.<\/p>\n<p>Representante da Associa\u00e7\u00e3o Brasileira dos Economistas pela Democracia (Abed), Cl\u00f3vis Scherer reiterou que a reforma da Previd\u00eancia vai concentrar ainda mais a renda no pa\u00eds, j\u00e1 que atinge a renda dos trabalhadores que ganham pouco. Ele afirmou que o governo federal nunca apresentou um relat\u00f3rio ou estudo dos futuros impactos sociais da reforma previdenci\u00e1ria. \u201cEssa reforma recai sobre a carne dos trabalhadores\u201d, alertou o economista.<\/p>\n<p>Pela<a href=\"https:\/\/www.redebrasilatual.com.br\/politica\/2019\/08\/juristas-lancam-campanha-moromente-e-explicam-a-populacao-crimes-da-lava-jato\/\">\u00a0Associa\u00e7\u00e3o Brasileira de Juristas pela Democracia<\/a> (ABJD), a advogada Marcelise Azevedo concordou com os demais participantes. Para ela, as mudan\u00e7as previdenci\u00e1rias v\u00e3o ocasionar grande retrocesso social. Marcelise lembrou que a Previd\u00eancia \u00e9 um direito humano fundamental, \u201cum marco civilizat\u00f3rio\u201d.<\/p>\n<p>Em nome do Sindicato Nacional dos Docentes das Institui\u00e7\u00f5es de Ensino Superior (Andes), a professora Madalena Vange Medeiros do Carmo Borges afirmou que as reformas defendidas pelo governo v\u00e3o piorar a situa\u00e7\u00e3o de quem est\u00e1 na base e desmontar a assist\u00eancia social.<\/p>\n<p>Tamb\u00e9m participaram da audi\u00eancia p\u00fablica o secret\u00e1rio de Assuntos Jur\u00eddicos da CUT, Valeir Ertle; o presidente da Confedera\u00e7\u00e3o Nacional dos Trabalhadores em Educa\u00e7\u00e3o (CNTE), Heleno Manoel Gomes Ara\u00fajo Filho; o vice-presidente de Assuntos Parlamentares da Associa\u00e7\u00e3o Nacional dos Auditores Fiscais da Receita Federal (Anfip), Jos\u00e9 Avelino da Silva Neto; o representante da Associa\u00e7\u00e3o Nacional dos Servidores Ambientais Vitor Sarno; e a coordenadora nacional da Auditoria Cidad\u00e3 da D\u00edvida, Maria L\u00facia Fattorelli. A reuni\u00e3o foi conduzida pelo presidente da CDH, senador Paulo Paim (PT-RS).<\/p>\n<p><em>Com informa\u00e7\u00f5es da Ag\u00eancia Senado<\/em><\/p>\n<div class=\"penci-single-link-pages\">\u00a0<\/div>\n<div class=\"penci-single-link-pages\"><strong>Fonte: Rede Brasil Atual<\/strong><\/div>\n","protected":false},"excerpt":{"rendered":"<p>A \u201creforma\u201d da Previd\u00eancia, em tramita\u00e7\u00e3o no Senado depois de ter sido aprovada em dois turnos na C\u00e2mara, vai aumentar a desigualdade social e de renda no Brasil ao atingir grande massa de pessoas que recebem baixos sal\u00e1rios ou aposentadorias. Essa e outras cr\u00edticas foram apresentadas ontem (15) por debatedores que participaram de audi\u00eancia p\u00fablica [&hellip;]<\/p>\n","protected":false},"author":2,"featured_media":7373,"comment_status":"","ping_status":"","sticky":false,"template":"","format":"standard","meta":{"footnotes":""},"categories":[3],"tags":[],"class_list":["post-7374","post","type-post","status-publish","format-standard","has-post-thumbnail","hentry","category-noticias"],"_links":{"self":[{"href":"https:\/\/hostnetart.com.br\/baixada\/wp-json\/wp\/v2\/posts\/7374","targetHints":{"allow":["GET"]}}],"collection":[{"href":"https:\/\/hostnetart.com.br\/baixada\/wp-json\/wp\/v2\/posts"}],"about":[{"href":"https:\/\/hostnetart.com.br\/baixada\/wp-json\/wp\/v2\/types\/post"}],"author":[{"embeddable":true,"href":"https:\/\/hostnetart.com.br\/baixada\/wp-json\/wp\/v2\/users\/2"}],"replies":[{"embeddable":true,"href":"https:\/\/hostnetart.com.br\/baixada\/wp-json\/wp\/v2\/comments?post=7374"}],"version-history":[{"count":0,"href":"https:\/\/hostnetart.com.br\/baixada\/wp-json\/wp\/v2\/posts\/7374\/revisions"}],"wp:featuredmedia":[{"embeddable":true,"href":"https:\/\/hostnetart.com.br\/baixada\/wp-json\/wp\/v2\/media\/7373"}],"wp:attachment":[{"href":"https:\/\/hostnetart.com.br\/baixada\/wp-json\/wp\/v2\/media?parent=7374"}],"wp:term":[{"taxonomy":"category","embeddable":true,"href":"https:\/\/hostnetart.com.br\/baixada\/wp-json\/wp\/v2\/categories?post=7374"},{"taxonomy":"post_tag","embeddable":true,"href":"https:\/\/hostnetart.com.br\/baixada\/wp-json\/wp\/v2\/tags?post=7374"}],"curies":[{"name":"wp","href":"https:\/\/api.w.org\/{rel}","templated":true}]}}