{"id":7372,"date":"2019-08-16T14:38:20","date_gmt":"2019-08-16T17:38:20","guid":{"rendered":"https:\/\/hostnetart.com.br\/baixada\/mpt-e-oit-lancam-observatorio-para-monitorar-desigualdades-e-oportunidades-no-trabalho\/"},"modified":"2019-08-16T14:38:20","modified_gmt":"2019-08-16T17:38:20","slug":"mpt-e-oit-lancam-observatorio-para-monitorar-desigualdades-e-oportunidades-no-trabalho","status":"publish","type":"post","link":"https:\/\/hostnetart.com.br\/baixada\/mpt-e-oit-lancam-observatorio-para-monitorar-desigualdades-e-oportunidades-no-trabalho\/","title":{"rendered":"MPT e OIT lan\u00e7am observat\u00f3rio para monitorar desigualdades e oportunidades no trabalho"},"content":{"rendered":"<p>O Minist\u00e9rio P\u00fablico do Trabalho (MPT) e a Organiza\u00e7\u00e3o Internacional do Trabalho (OIT) lan\u00e7aram nesta quinta-feira (15), em Bras\u00edlia, Observat\u00f3rio da Diversidade e da Igualdade de Oportunidades no Trabalho, uma plataforma digital com informa\u00e7\u00f5es estat\u00edsticas oficiais, dados \u201ccom potencial de qualificar processos de tomada de decis\u00e3o em rela\u00e7\u00e3o \u00e0s pol\u00edticas p\u00fablicas\u201d, segundo as entidades. \u201cA plataforma permite identificar desafios e oportunidades, em termos de pol\u00edticas p\u00fablicas, a partir de diferentes categorias de an\u00e1lise como g\u00eanero, ra\u00e7a, pessoas com defici\u00eancia, LGBTI e grupos populacionais e tradicionais espec\u00edficos como ribeirinhos, extrativistas, pescadores artesanais, ind\u00edgenas, quilombolas, comunidades de terreiro, e ciganos, entre outros\u201d, afirmou o procurador-geral do Trabalho, Ronaldo Curado Fleury.<\/p>\n<p>S\u00e3o informa\u00e7\u00f5es que mostram, na verdade, a <a href=\"https:\/\/www.redebrasilatual.com.br\/economia\/2019\/07\/reforma-da-previdencia-a-quem-interessa-aumentar-a-desigualdade\/\">desigualdade no mercado de trabalho<\/a> brasileiro. Segundo dados de 2017 citados pelo MPT, por exemplo, o rendimento m\u00e9dio dos homens no setor formal era de R$ 3.200, enquanto as mulheres recebiam R$ 2.700. Em rela\u00e7\u00e3o aos homens brancos, mulheres brancas recebiam o correspondente a 76% do rendimento, valor que diminui ainda mais para homens negros (68%) e mulheres negras (55%).<\/p>\n<p>Acesse <a href=\"https:\/\/smartlabbr.org\/diversidade\/\" target=\"_blank\" rel=\"noopener noreferrer\">aqui<\/a> o conte\u00fado do Observat\u00f3rio. As informa\u00e7\u00f5es podem ser desagregadas por unidade da federa\u00e7\u00e3o e por munic\u00edpio. Segundo os dados, S\u00e3o Paulo \u00e9 a unidade com maior disparidade de rendimentos mensais: os homens ganham, em m\u00e9dia, R$ 690 a mais que as mulheres.<\/p>\n<p>O projeto tamb\u00e9m tem\u00a0apoio do Conselho Nacional do Minist\u00e9rio P\u00fablico (CNMP), do Pacto Global das Na\u00e7\u00f5es Unidas e da ONU Mulheres. \u201cEm breve, o Observat\u00f3rio trar\u00e1 informa\u00e7\u00f5es espec\u00edficas sobre migrantes, gera\u00e7\u00f5es de jovens e pessoas de idade avan\u00e7ada, diversidade religiosa e acesso \u00e0 sa\u00fade, com foco na promo\u00e7\u00e3o da diversidade e da igualdade de oportunidades no trabalho\u201d, diz o MPT.<\/p>\n<p>Outros dados contidos na plataforma mostram a cobertura\u00a0do Benef\u00edcio de Presta\u00e7\u00e3o Continuada (BPC) e o n\u00famero de v\u00ednculos de emprego formal de trabalho de pessoas com defici\u00eancia, \u201csugerindo, de forma concomitante, uma an\u00e1lise do grau de inser\u00e7\u00e3o socioprodutiva e de acesso a esquemas de prote\u00e7\u00e3o social para esta popula\u00e7\u00e3o em espec\u00edfico\u201d.<\/p>\n<p>\u201cO efeito combinado com esquemas de prote\u00e7\u00e3o social poderia promover os direitos humanos e laborais dessas pessoas ao mesmo tempo em que impulsiona a economia e a produ\u00e7\u00e3o\u201d, comentou a titular da Coordenadoria Nacional de Promo\u00e7\u00e3o de Igualdade de Oportunidades e Elimina\u00e7\u00e3o da Discrimina\u00e7\u00e3o no Trabalho, Valdirene de Assis.<\/p>\n<p>H\u00e1 ainda dados espec\u00edficos sobre a popula\u00e7\u00e3o LGBTI. Segundo o MPT, tamb\u00e9m \u00e9 poss\u00edvel \u201canalisar a concentra\u00e7\u00e3o e a distribui\u00e7\u00e3o territorial de 3,08 milh\u00f5es de fam\u00edlias oriundas de uma s\u00e9rie de cortes demogr\u00e1ficos relacionados com Grupos Populacionais Tradicionais e Espec\u00edficos (GPTEs), tais como povos e popula\u00e7\u00f5es \u00e9tnicas (povos ind\u00edgenas, quilombolas, comunidades de terreiro e ciganos), pessoas residentes do meio rural (assentados da reforma agr\u00e1ria e pessoas vinculadas com a agricultura familiar), popula\u00e7\u00f5es vinculadas ao meio ambiente (ribeirinhos, extrativistas e pescadores artesanais) e fam\u00edlias de pessoas afetadas por conjunturas espec\u00edficas (fam\u00edlias de presos, de catadores de materiais recicl\u00e1veis, de pessoas em situa\u00e7\u00e3o de rua, de afetados por grandes empreendimentos, entre outros).<\/p>\n<p><strong>Fonte: Rede Brasil Atual<\/strong><\/p>\n","protected":false},"excerpt":{"rendered":"<p>O Minist\u00e9rio P\u00fablico do Trabalho (MPT) e a Organiza\u00e7\u00e3o Internacional do Trabalho (OIT) lan\u00e7aram nesta quinta-feira (15), em Bras\u00edlia, Observat\u00f3rio da Diversidade e da Igualdade de Oportunidades no Trabalho, uma plataforma digital com informa\u00e7\u00f5es estat\u00edsticas oficiais, dados \u201ccom potencial de qualificar processos de tomada de decis\u00e3o em rela\u00e7\u00e3o \u00e0s pol\u00edticas p\u00fablicas\u201d, segundo as entidades. \u201cA [&hellip;]<\/p>\n","protected":false},"author":2,"featured_media":7371,"comment_status":"","ping_status":"","sticky":false,"template":"","format":"standard","meta":{"footnotes":""},"categories":[3],"tags":[],"class_list":["post-7372","post","type-post","status-publish","format-standard","has-post-thumbnail","hentry","category-noticias"],"_links":{"self":[{"href":"https:\/\/hostnetart.com.br\/baixada\/wp-json\/wp\/v2\/posts\/7372","targetHints":{"allow":["GET"]}}],"collection":[{"href":"https:\/\/hostnetart.com.br\/baixada\/wp-json\/wp\/v2\/posts"}],"about":[{"href":"https:\/\/hostnetart.com.br\/baixada\/wp-json\/wp\/v2\/types\/post"}],"author":[{"embeddable":true,"href":"https:\/\/hostnetart.com.br\/baixada\/wp-json\/wp\/v2\/users\/2"}],"replies":[{"embeddable":true,"href":"https:\/\/hostnetart.com.br\/baixada\/wp-json\/wp\/v2\/comments?post=7372"}],"version-history":[{"count":0,"href":"https:\/\/hostnetart.com.br\/baixada\/wp-json\/wp\/v2\/posts\/7372\/revisions"}],"wp:featuredmedia":[{"embeddable":true,"href":"https:\/\/hostnetart.com.br\/baixada\/wp-json\/wp\/v2\/media\/7371"}],"wp:attachment":[{"href":"https:\/\/hostnetart.com.br\/baixada\/wp-json\/wp\/v2\/media?parent=7372"}],"wp:term":[{"taxonomy":"category","embeddable":true,"href":"https:\/\/hostnetart.com.br\/baixada\/wp-json\/wp\/v2\/categories?post=7372"},{"taxonomy":"post_tag","embeddable":true,"href":"https:\/\/hostnetart.com.br\/baixada\/wp-json\/wp\/v2\/tags?post=7372"}],"curies":[{"name":"wp","href":"https:\/\/api.w.org\/{rel}","templated":true}]}}