{"id":7370,"date":"2019-08-16T14:35:12","date_gmt":"2019-08-16T17:35:12","guid":{"rendered":"https:\/\/hostnetart.com.br\/baixada\/tres-milhoes-de-pessoas-procuram-trabalho-ha-pelo-menos-dois-anos-numero-dobrou-desde-2015\/"},"modified":"2019-08-16T14:35:12","modified_gmt":"2019-08-16T17:35:12","slug":"tres-milhoes-de-pessoas-procuram-trabalho-ha-pelo-menos-dois-anos-numero-dobrou-desde-2015","status":"publish","type":"post","link":"https:\/\/hostnetart.com.br\/baixada\/tres-milhoes-de-pessoas-procuram-trabalho-ha-pelo-menos-dois-anos-numero-dobrou-desde-2015\/","title":{"rendered":"Tr\u00eas milh\u00f5es de pessoas procuram trabalho h\u00e1 pelo menos dois anos. N\u00famero dobrou desde 2015"},"content":{"rendered":"<p>No encerramento do segundo trimestre, um em cada quatro desempregados, ou 3,347 milh\u00f5es de pessoas, procurava trabalho h\u00e1 pelo menos dois anos, segundo o IBGE. Esse \u00e9 o maior n\u00famero para um per\u00edodo desde o in\u00edcio da s\u00e9rie hist\u00f3rica da <a href=\"https:\/\/www.redebrasilatual.com.br\/tag\/pnad-continua\/\">Pesquisa Nacional por Amostra de Domic\u00edlios (Pnad) Cont\u00ednua<\/a>, em 2012. S\u00e3o 196 mil pessoas a mais em um ano. Em 2015, o total era de 1,435 milh\u00e3o \u2013 em menos de quatro anos, mais que o dobro.<\/p>\n<p>De acordo com o instituto, \u00e9 um indicador\u00a0com tend\u00eancia de crescimento pela dificuldade da inser\u00e7\u00e3o no mercado de trabalho desde o in\u00edcio da crise econ\u00f4mica, em finais de 2014. \u201cA propor\u00e7\u00e3o de pessoas \u00e0 procura de trabalho em per\u00edodos mais curtos est\u00e1 diminuindo, mas t\u00eam crescido nos mais longos. Parte delas pode ter conseguido emprego, mas outra aumentou seu tempo de procura para os dois anos\u201d, diz analista Adriana Beringuy, do IBGE.<\/p>\n<p>Ainda segundo a pesquisa,\u00a045,6% dos desempregados estavam de um m\u00eas a um ano atr\u00e1s de um trabalho. Em seguida (26,2%), justamente os que mant\u00eam essa busca h\u00e1 dois anos ou mais. Esse \u00e9 um dos fatores que explicam o desalento, afirmam os pesquisadores. No segundo trimestre, a Pnad apontou 4,9 milh\u00f5es de desalentados no pa\u00eds, gente que desistiu de procurar emprego, sendo 766 mil na Bahia e 588 mil no Maranh\u00e3o.<\/p>\n<p>A taxa de desalentados em rela\u00e7\u00e3o \u00e0 for\u00e7a de trabalho \u00e9 de 4,4%, recorde da s\u00e9rie. Chega a 18,4% no Maranh\u00e3o e a 15,2% em Alagoas, caindo para 1,3% no Rio de Janeiro e 0,9% em Santa Catarina.<\/p>\n<p>A dificuldade de encontrar trabalho influencia tamb\u00e9m na expans\u00e3o da informalidade, diz o IBGE. O mercado brasileiro tem 19,4\u00a0milh\u00f5es de trabalhadores por conta pr\u00f3pria sem CNPJ, 11,5 milh\u00f5es de empregados sem carteira assinada e 873 mil empregadores sem CNPJ.<\/p>\n<h5>Desemprego<\/h5>\n<p>A popula\u00e7\u00e3o por conta pr\u00f3pria corresponde a 25,9% do total dos ocupados. As maiores taxas s\u00e3o da regi\u00e3o Norte: Par\u00e1 (35,6%), Amap\u00e1 (35,1%) e Amazonas (34,3%). As menores foram registradas no Distrito Federal (19,6%), Mato Grosso do Sul (20,9%) e S\u00e3o Paulo (21,7%).<\/p>\n<p>A<a href=\"https:\/\/www.redebrasilatual.com.br\/economia\/2019\/07\/desemprego-cede-mas-informalidade-bate-recorde-e-o-rendimento-cai\/\" target=\"_blank\" rel=\"noopener noreferrer\"> taxa de desemprego no pa\u00eds, no segundo trimestre, conforme divulgado em 31 de julho, foi de 12%,<\/a> ante 12,7% no primeiro e 12,4% em igual per\u00edodo do ano passado. Tamb\u00e9m varia bastante conforme a unidade da federa\u00e7\u00e3o: vai 6% (Santa Catarina) a 17,3% (Bahia). Em S\u00e3o Paulo, atingiu 12,8%. Do primeiro para o segundo trimestre, houve recuo em 10 unidades e estabilidade em 17. Na compara\u00e7\u00e3o anual, a taxa subiu em duas, caiu em tr\u00eas e ficou est\u00e1vel nas demais, mostrando uma situa\u00e7\u00e3o de estagna\u00e7\u00e3o econ\u00f4mica com o desemprego em n\u00edvel elevado.<\/p>\n<p>A chamada subutiliza\u00e7\u00e3o da for\u00e7a de trabalho, que mostra pessoas que poderiam trabalhar mais, mas n\u00e3o conseguiram, chegou a 24,8%, variando de 10,7% (Santa Catarina) a 43,3% (Piau\u00ed).<\/p>\n<p><strong>Fonte: Rede Brasil Atual<\/strong><\/p>\n","protected":false},"excerpt":{"rendered":"<p>No encerramento do segundo trimestre, um em cada quatro desempregados, ou 3,347 milh\u00f5es de pessoas, procurava trabalho h\u00e1 pelo menos dois anos, segundo o IBGE. Esse \u00e9 o maior n\u00famero para um per\u00edodo desde o in\u00edcio da s\u00e9rie hist\u00f3rica da Pesquisa Nacional por Amostra de Domic\u00edlios (Pnad) Cont\u00ednua, em 2012. S\u00e3o 196 mil pessoas a [&hellip;]<\/p>\n","protected":false},"author":2,"featured_media":7369,"comment_status":"","ping_status":"","sticky":false,"template":"","format":"standard","meta":{"footnotes":""},"categories":[3],"tags":[],"class_list":["post-7370","post","type-post","status-publish","format-standard","has-post-thumbnail","hentry","category-noticias"],"_links":{"self":[{"href":"https:\/\/hostnetart.com.br\/baixada\/wp-json\/wp\/v2\/posts\/7370","targetHints":{"allow":["GET"]}}],"collection":[{"href":"https:\/\/hostnetart.com.br\/baixada\/wp-json\/wp\/v2\/posts"}],"about":[{"href":"https:\/\/hostnetart.com.br\/baixada\/wp-json\/wp\/v2\/types\/post"}],"author":[{"embeddable":true,"href":"https:\/\/hostnetart.com.br\/baixada\/wp-json\/wp\/v2\/users\/2"}],"replies":[{"embeddable":true,"href":"https:\/\/hostnetart.com.br\/baixada\/wp-json\/wp\/v2\/comments?post=7370"}],"version-history":[{"count":0,"href":"https:\/\/hostnetart.com.br\/baixada\/wp-json\/wp\/v2\/posts\/7370\/revisions"}],"wp:featuredmedia":[{"embeddable":true,"href":"https:\/\/hostnetart.com.br\/baixada\/wp-json\/wp\/v2\/media\/7369"}],"wp:attachment":[{"href":"https:\/\/hostnetart.com.br\/baixada\/wp-json\/wp\/v2\/media?parent=7370"}],"wp:term":[{"taxonomy":"category","embeddable":true,"href":"https:\/\/hostnetart.com.br\/baixada\/wp-json\/wp\/v2\/categories?post=7370"},{"taxonomy":"post_tag","embeddable":true,"href":"https:\/\/hostnetart.com.br\/baixada\/wp-json\/wp\/v2\/tags?post=7370"}],"curies":[{"name":"wp","href":"https:\/\/api.w.org\/{rel}","templated":true}]}}