{"id":7366,"date":"2019-08-15T22:26:52","date_gmt":"2019-08-16T01:26:52","guid":{"rendered":"https:\/\/hostnetart.com.br\/baixada\/funcef-revisa-aliquota-do-equacionamento-e-frustra-participantes\/"},"modified":"2019-08-15T22:26:52","modified_gmt":"2019-08-16T01:26:52","slug":"funcef-revisa-aliquota-do-equacionamento-e-frustra-participantes","status":"publish","type":"post","link":"https:\/\/hostnetart.com.br\/baixada\/funcef-revisa-aliquota-do-equacionamento-e-frustra-participantes\/","title":{"rendered":"Funcef revisa al\u00edquota do equacionamento e frustra participantes"},"content":{"rendered":"<div class=\"elementor-element elementor-element-194680ec elementor-widget elementor-widget-theme-post-content\" data-id=\"194680ec\" data-element_type=\"widget\" data-widget_type=\"theme-post-content.default\">\n<div class=\"elementor-widget-container\">\n<p>A Funcef informou, nesta semana, que as al\u00edquotas adotadas nas contribui\u00e7\u00f5es extraordin\u00e1rias do equacionamento sofrer\u00e3o altera\u00e7\u00f5es. Na pr\u00e1tica as al\u00edquotas, que j\u00e1 tinham sofrido leve redu\u00e7\u00e3o no \u00faltimo ano, ficar\u00e3o mais altas. O secret\u00e1rio de Finan\u00e7as da Confedera\u00e7\u00e3o Nacional dos Trabalhadores do Ramo Financeiro (Contraf-CUT), S\u00e9rgio Takemoto, explica que essa revis\u00e3o \u00e9 prevista em lei, mas, para ele, precisa ser melhor explicada. \u201cNo momento em que todos aguardam a ado\u00e7\u00e3o da resolu\u00e7\u00e3o CNPC n\u00ba 30, que permite amplia\u00e7\u00e3o do prazo e dilui\u00e7\u00e3o dos descontos, a Funcef parece caminhar na dire\u00e7\u00e3o contr\u00e1ria. A alta concentra\u00e7\u00e3o de investimento em renda fixa \u2013 cuja rentabilidade vem diminuindo \u2013 \u00e9 um dos fatores que parece agravar a situa\u00e7\u00e3o\u201d, afirmou.<\/p>\n<p>No caso do Reg\/Replan Saldado, cujas al\u00edquotas s\u00e3o as mesmas para todos os participantes, o somat\u00f3rio de descontos dos tr\u00eas planos de equacionamento em 2018 chegava a 20,23% ao m\u00eas. Em junho de 2019, a soma chegava a 19,48% em fun\u00e7\u00e3o de uma avalia\u00e7\u00e3o atuarial similar \u00e0 que est\u00e1 em curso. Agora, segundo a Funcef, o total de descontos a partir deste m\u00eas ser\u00e1 19,53%.<\/p>\n<p>Para Takemoto, a funda\u00e7\u00e3o cita estudos de solv\u00eancia e liquidez que serviriam de base para reformular os planos de equacionamento a partir da resolu\u00e7\u00e3o CNPC n\u00ba 30, mas trata a quest\u00e3o de forma vaga. A norma est\u00e1 em vigor h\u00e1 quase um ano. \u201cJ\u00e1 estamos cobrando maior agilidade na ado\u00e7\u00e3o da resolu\u00e7\u00e3o CNPC n\u00ba 30. A funda\u00e7\u00e3o j\u00e1 poderia ter avaliado a quest\u00e3o da dilui\u00e7\u00e3o do prazo.\u201d<\/p>\n<h3><strong>O que leva a essa oscila\u00e7\u00e3o?<\/strong><\/h3>\n<p>O balan\u00e7o de maio de 2019 do Reg\/Replan indica que as contribui\u00e7\u00f5es extraordin\u00e1rias n\u00e3o t\u00eam sido suficientes para a reconstitui\u00e7\u00e3o das reservas do plano. Em dezembro de 2018, o total a integralizar em aproximadamente 17 anos era R$ 21,2 bilh\u00f5es. Em maio de 2019, essa pend\u00eancia j\u00e1 estava em R$ 21,4 bilh\u00f5es, R$ 192,8 milh\u00f5es maior. A compensa\u00e7\u00e3o dessa diferen\u00e7a, salvas as devidas atualiza\u00e7\u00f5es, seria o objeto dessa revis\u00e3o de al\u00edquotas.<\/p>\n<p>Em planos de previd\u00eancia, os resultados esperados podem n\u00e3o ser alcan\u00e7ados devido ao baixo desempenho de investimentos, estimativas de rentabilidade al\u00e9m do exequ\u00edvel, eventuais aumentos no volume de benef\u00edcios a serem pagos, condena\u00e7\u00f5es judiciais, entre tantos motivos. A evolu\u00e7\u00e3o do passivo \u2013 total de benef\u00edcios que o plano precisa pagar aos participantes \u2013 pode pesar, uma vez que o Saldado \u00e9 um plano maduro, que paga mais benef\u00edcios do que arrecada.<\/p>\n<h3><strong>Sa\u00edda pode estar na diversifica\u00e7\u00e3o<\/strong><\/h3>\n<p>A situa\u00e7\u00e3o poderia ser compensada por maior rentabilidade nos investimentos, mas a elevada concentra\u00e7\u00e3o em renda fixa n\u00e3o ajuda. A Funcef tem optado por alocar recursos em renda fixa, segmento onde se incluem t\u00edtulos p\u00fablicos da Uni\u00e3o. Deixa de lado investimentos considerados de maior risco, mas com expectativa de melhor rentabilidade, como renda vari\u00e1vel (a\u00e7\u00f5es e participa\u00e7\u00e3o em empresas) e os investimentos estruturados, como os FIPs.<\/p>\n<p>De 2016 a 2018, a insist\u00eancia na renda fixa trouxe ganhos inferiores aos que a Funcef poderia ter conquistado. Nos t\u00edtulos p\u00fablicos, a rentabilidade acumulada foi de 36,1%, enquanto a renda vari\u00e1vel alcan\u00e7ou 58,6%. Mesmo os FIPs, ap\u00f3s perda em 2016, registraram valoriza\u00e7\u00e3o acumulada entre 2017 e 2018 de 44,1%, enquanto a renda vari\u00e1vel marcou 30% e a renda fixa, 19,9% no mesmo per\u00edodo. Al\u00e9m disso, do total de recursos alocados em renda vari\u00e1vel na Funcef, somados todos os planos, 39% est\u00e3o investidos na Vale, quando poderiam estar mais distribu\u00eddos.<\/p>\n<p>Takemoto acredita que os n\u00fameros mostram que certas op\u00e7\u00f5es nas quais a Funcef vem insistindo trazem consequ\u00eancias pesadas para os participantes. \u201cSe adotasse uma pol\u00edtica de investimentos diversificada, a revis\u00e3o atuarial nas al\u00edquotas poderia levar a uma nova redu\u00e7\u00e3o dos descontos para os trabalhadores.<\/p>\n<p><strong>Fonte: Contraf-CUT. com Fenae<\/strong><\/p>\n<\/div>\n<\/div>\n","protected":false},"excerpt":{"rendered":"<p>A Funcef informou, nesta semana, que as al\u00edquotas adotadas nas contribui\u00e7\u00f5es extraordin\u00e1rias do equacionamento sofrer\u00e3o altera\u00e7\u00f5es. Na pr\u00e1tica as al\u00edquotas, que j\u00e1 tinham sofrido leve redu\u00e7\u00e3o no \u00faltimo ano, ficar\u00e3o mais altas. O secret\u00e1rio de Finan\u00e7as da Confedera\u00e7\u00e3o Nacional dos Trabalhadores do Ramo Financeiro (Contraf-CUT), S\u00e9rgio Takemoto, explica que essa revis\u00e3o \u00e9 prevista em lei, [&hellip;]<\/p>\n","protected":false},"author":2,"featured_media":7365,"comment_status":"","ping_status":"","sticky":false,"template":"","format":"standard","meta":{"footnotes":""},"categories":[3],"tags":[],"class_list":["post-7366","post","type-post","status-publish","format-standard","has-post-thumbnail","hentry","category-noticias"],"_links":{"self":[{"href":"https:\/\/hostnetart.com.br\/baixada\/wp-json\/wp\/v2\/posts\/7366","targetHints":{"allow":["GET"]}}],"collection":[{"href":"https:\/\/hostnetart.com.br\/baixada\/wp-json\/wp\/v2\/posts"}],"about":[{"href":"https:\/\/hostnetart.com.br\/baixada\/wp-json\/wp\/v2\/types\/post"}],"author":[{"embeddable":true,"href":"https:\/\/hostnetart.com.br\/baixada\/wp-json\/wp\/v2\/users\/2"}],"replies":[{"embeddable":true,"href":"https:\/\/hostnetart.com.br\/baixada\/wp-json\/wp\/v2\/comments?post=7366"}],"version-history":[{"count":0,"href":"https:\/\/hostnetart.com.br\/baixada\/wp-json\/wp\/v2\/posts\/7366\/revisions"}],"wp:featuredmedia":[{"embeddable":true,"href":"https:\/\/hostnetart.com.br\/baixada\/wp-json\/wp\/v2\/media\/7365"}],"wp:attachment":[{"href":"https:\/\/hostnetart.com.br\/baixada\/wp-json\/wp\/v2\/media?parent=7366"}],"wp:term":[{"taxonomy":"category","embeddable":true,"href":"https:\/\/hostnetart.com.br\/baixada\/wp-json\/wp\/v2\/categories?post=7366"},{"taxonomy":"post_tag","embeddable":true,"href":"https:\/\/hostnetart.com.br\/baixada\/wp-json\/wp\/v2\/tags?post=7366"}],"curies":[{"name":"wp","href":"https:\/\/api.w.org\/{rel}","templated":true}]}}