{"id":7362,"date":"2019-08-15T22:22:26","date_gmt":"2019-08-16T01:22:26","guid":{"rendered":"https:\/\/hostnetart.com.br\/baixada\/caixa-impede-que-entidades-tenham-acesso-a-novatos-na-integracao\/"},"modified":"2019-08-15T22:22:26","modified_gmt":"2019-08-16T01:22:26","slug":"caixa-impede-que-entidades-tenham-acesso-a-novatos-na-integracao","status":"publish","type":"post","link":"https:\/\/hostnetart.com.br\/baixada\/caixa-impede-que-entidades-tenham-acesso-a-novatos-na-integracao\/","title":{"rendered":"Caixa impede que entidades tenham acesso a novatos na Integra\u00e7\u00e3o"},"content":{"rendered":"<div class=\"elementor-element elementor-element-194680ec elementor-widget elementor-widget-theme-post-content\" data-id=\"194680ec\" data-element_type=\"widget\" data-widget_type=\"theme-post-content.default\">\n<div class=\"elementor-widget-container\">\n<p>A Caixa Econ\u00f4mica Federal comunicou, nesta ter\u00e7a-feira (13), \u00e0 Comiss\u00e3o Executiva dos Empregados (CEE), que as entidades representativas n\u00e3o ter\u00e3o mais espa\u00e7o de fala na integra\u00e7\u00e3o dos novos trabalhadores. Historicamente, os sindicatos, as Associa\u00e7\u00f5es de Pessoal da Caixa (Apcefs) e entidades representativas dos trabalhadores, em parceria com os instrutores da Ger\u00eancia de Filial de Pessoas (Gipes), participam do <a href=\"https:\/\/www.fenae.org.br\/portal\/fenae-portal\/noticias\/caixa-impede-que-entidades-tenham-acesso-a-novatos-na-integracao.htm\" target=\"_blank\" rel=\"noopener noreferrer\">Programa de Integra\u00e7\u00e3o e Ambienta\u00e7\u00e3o \u00e0 Caixa (PIAC)<\/a>.<\/p>\n<p>O discurso usado para descumprir uma tradi\u00e7\u00e3o j\u00e1 consolidada no banco \u00e9 de que Programa de Integra\u00e7\u00e3o foi substitu\u00eddo por um programa de aprendizado din\u00e2mico. A real inten\u00e7\u00e3o da dire\u00e7\u00e3o do banco \u00e9, por\u00e9m, ocultar o atual cen\u00e1rio de desmonte da Caixa.<\/p>\n<p>Al\u00e9m disso, a dire\u00e7\u00e3o do banco est\u00e1 informando aos novos trabalhadores de que n\u00e3o ter\u00e3o direito a assist\u00eancia \u00e0 sa\u00fade, desrespeitando o Acordo Coletivo de Trabalho. A cl\u00e1usula 33 do ACT, vigente at\u00e9 31 de agosto de 2020, assegura a assist\u00eancia \u00e0 sa\u00fade aos contratos ap\u00f3s 31 de agosto de 2018.<\/p>\n<p>\u201cA ironia \u00e9 que a contrata\u00e7\u00e3o dos PCDs (Pessoas com Defici\u00eancia) \u00e9 uma conquista dos trabalhadores em luta e, agora, est\u00e3o nos impedindo de informar aos funcion\u00e1rios seus direitos. O plano de sa\u00fade \u00e9 um direito de todos os empregados da ativa, os aposentados e para dos novos trabalhadores. \u00c9 um absurdo completo\u201d, protesta o coordenador da Comiss\u00e3o Executiva dos Empregados da Caixa, <a href=\"https:\/\/contrafcut.com.br\/?s=dion%C3%ADsio\" target=\"_blank\" rel=\"noopener noreferrer\">Dion\u00edsio Reis<\/a>. A integra\u00e7\u00e3o est\u00e1 acontecendo desde segunda-feira (12). O assunto est\u00e1 na pauta da mesa do CEE, do dia 27 de agosto.<\/p>\n<p><strong>Fonte: Fenae<\/strong><\/p>\n<\/div>\n<\/div>\n","protected":false},"excerpt":{"rendered":"<p>A Caixa Econ\u00f4mica Federal comunicou, nesta ter\u00e7a-feira (13), \u00e0 Comiss\u00e3o Executiva dos Empregados (CEE), que as entidades representativas n\u00e3o ter\u00e3o mais espa\u00e7o de fala na integra\u00e7\u00e3o dos novos trabalhadores. Historicamente, os sindicatos, as Associa\u00e7\u00f5es de Pessoal da Caixa (Apcefs) e entidades representativas dos trabalhadores, em parceria com os instrutores da Ger\u00eancia de Filial de Pessoas [&hellip;]<\/p>\n","protected":false},"author":2,"featured_media":7361,"comment_status":"","ping_status":"","sticky":false,"template":"","format":"standard","meta":{"footnotes":""},"categories":[3],"tags":[],"class_list":["post-7362","post","type-post","status-publish","format-standard","has-post-thumbnail","hentry","category-noticias"],"_links":{"self":[{"href":"https:\/\/hostnetart.com.br\/baixada\/wp-json\/wp\/v2\/posts\/7362","targetHints":{"allow":["GET"]}}],"collection":[{"href":"https:\/\/hostnetart.com.br\/baixada\/wp-json\/wp\/v2\/posts"}],"about":[{"href":"https:\/\/hostnetart.com.br\/baixada\/wp-json\/wp\/v2\/types\/post"}],"author":[{"embeddable":true,"href":"https:\/\/hostnetart.com.br\/baixada\/wp-json\/wp\/v2\/users\/2"}],"replies":[{"embeddable":true,"href":"https:\/\/hostnetart.com.br\/baixada\/wp-json\/wp\/v2\/comments?post=7362"}],"version-history":[{"count":0,"href":"https:\/\/hostnetart.com.br\/baixada\/wp-json\/wp\/v2\/posts\/7362\/revisions"}],"wp:featuredmedia":[{"embeddable":true,"href":"https:\/\/hostnetart.com.br\/baixada\/wp-json\/wp\/v2\/media\/7361"}],"wp:attachment":[{"href":"https:\/\/hostnetart.com.br\/baixada\/wp-json\/wp\/v2\/media?parent=7362"}],"wp:term":[{"taxonomy":"category","embeddable":true,"href":"https:\/\/hostnetart.com.br\/baixada\/wp-json\/wp\/v2\/categories?post=7362"},{"taxonomy":"post_tag","embeddable":true,"href":"https:\/\/hostnetart.com.br\/baixada\/wp-json\/wp\/v2\/tags?post=7362"}],"curies":[{"name":"wp","href":"https:\/\/api.w.org\/{rel}","templated":true}]}}