{"id":7352,"date":"2019-08-14T13:47:39","date_gmt":"2019-08-14T16:47:39","guid":{"rendered":"https:\/\/hostnetart.com.br\/baixada\/com-mp-da-liberdade-economica-bancada-patronal-faz-brasil-retroceder-um-seculo\/"},"modified":"2019-08-14T13:47:39","modified_gmt":"2019-08-14T16:47:39","slug":"com-mp-da-liberdade-economica-bancada-patronal-faz-brasil-retroceder-um-seculo","status":"publish","type":"post","link":"https:\/\/hostnetart.com.br\/baixada\/com-mp-da-liberdade-economica-bancada-patronal-faz-brasil-retroceder-um-seculo\/","title":{"rendered":"Com MP da \u2018liberdade econ\u00f4mica\u2019, bancada patronal faz Brasil retroceder um s\u00e9culo"},"content":{"rendered":"<p>O texto-base da\u00a0<a href=\"https:\/\/www.redebrasilatual.com.br\/politica\/2019\/08\/camara-aprova-mp-da-liberdade-economica-depois-de-alteracoes-do-relator\/\" target=\"_blank\" rel=\"noopener noreferrer\">Medida Provis\u00f3ria 881<\/a>, a chamada \u201cMP da liberdade econ\u00f4mica\u201d, aprovado nesta ter\u00e7a-feira (13) na C\u00e2mara dos Deputados, permite o trabalho em qualquer dia da semana, incluindo domingos e feriados, sem o pagamento de horas extras ou adicionais.<\/p>\n<p>O descanso aos domingos foi garantido apenas uma vez a cada quatro semanas. A folga semanal correspondente, antes definida por acordos com sindicatos, agora ser\u00e1 determinada pelo pr\u00f3prio empregador.<\/p>\n<p>Segundo o\u00a0diretor t\u00e9cnico do Dieese, Clemente Ganz L\u00facio, a MP aumenta a \u201cliberdade econ\u00f4mica\u201d da empresa em impor as suas pr\u00f3prias regras, e tira poder dos sindicatos, deixando o trabalhador desprotegido. Na proposta original do governo Bolsonaro, o descanso aos domingos seria garantido uma vez a cada sete semanas.\u00a0Pelas regras atuais, o trabalhado \u00e9 autorizado apenas em domingos alternados. O bode foi retirado na sala, mas o cheiro ficou.<\/p>\n<p>\u201cA\u00a0regra \u00e9 muito ruim, porque tira o sindicato da regula\u00e7\u00e3o, e d\u00e1 \u00e0s empresas total autonomia para fazer do jeito que quiserem.\u00a0Tem gente que queria mudan\u00e7a. E elas est\u00e3o chegando. Eu acho que \u00e9 uma regress\u00e3o\u201d, criticou Clemente em coment\u00e1rio no\u00a0<a href=\"https:\/\/www.youtube.com\/watch?v=Me6zvtq6ygE\" target=\"_blank\" rel=\"noopener noreferrer\"><em>Jornal Brasil Atual<\/em><\/a>\u00a0desta quarta-feira (14).<\/p>\n<h3>Hora extra<\/h3>\n<p>Outro ponto pol\u00eamico da MP prev\u00ea que o trabalhador n\u00e3o precisar\u00e1 registrar as horas trabalhadas, devendo fazer apenas o registro das horas extras trabalhadas, mediante solicita\u00e7\u00e3o. \u201cO trabalhador dever\u00e1 solicitar a empresa que quer registrar a hora extra\u201d, explica Clemente, o que indica a inten\u00e7\u00e3o de receber.<\/p>\n<p>\u201cIsso poder\u00e1 criar situa\u00e7\u00e3o de constrangimento, principalmente em momentos de alta do desemprego, no qual a empresa poder\u00e1 exercer algum tipo de coer\u00e7\u00e3o.\u00a0\u00c9 um claro mecanismo para inibir o pagamento das horas extras, e facilitar \u00e0s empresas essa burla em rela\u00e7\u00e3o ao pagamento das horas adicionais.\u201d<\/p>\n<p>\u201cH\u00e1 uma s\u00e9rie de mudan\u00e7as, algumas delas facilitando a constitui\u00e7\u00e3o e organiza\u00e7\u00e3o das empresas, outras facilitam a burla ou descumprimento de uma regra ou norma por parte das empresas, diminuindo a capacidade do Estado de atuar em rela\u00e7\u00e3o a essas pr\u00e1ticas que muitas vezes fraudam a legisla\u00e7\u00e3o e atingem os trabalhadores\u201d, afirma o diretor do Dieese.<\/p>\n<p><strong>Fonte: Rede Brasil Atual<\/strong><\/p>\n","protected":false},"excerpt":{"rendered":"<p>O texto-base da\u00a0Medida Provis\u00f3ria 881, a chamada \u201cMP da liberdade econ\u00f4mica\u201d, aprovado nesta ter\u00e7a-feira (13) na C\u00e2mara dos Deputados, permite o trabalho em qualquer dia da semana, incluindo domingos e feriados, sem o pagamento de horas extras ou adicionais. O descanso aos domingos foi garantido apenas uma vez a cada quatro semanas. A folga semanal [&hellip;]<\/p>\n","protected":false},"author":2,"featured_media":7351,"comment_status":"","ping_status":"","sticky":false,"template":"","format":"standard","meta":{"footnotes":""},"categories":[3],"tags":[],"class_list":["post-7352","post","type-post","status-publish","format-standard","has-post-thumbnail","hentry","category-noticias"],"_links":{"self":[{"href":"https:\/\/hostnetart.com.br\/baixada\/wp-json\/wp\/v2\/posts\/7352","targetHints":{"allow":["GET"]}}],"collection":[{"href":"https:\/\/hostnetart.com.br\/baixada\/wp-json\/wp\/v2\/posts"}],"about":[{"href":"https:\/\/hostnetart.com.br\/baixada\/wp-json\/wp\/v2\/types\/post"}],"author":[{"embeddable":true,"href":"https:\/\/hostnetart.com.br\/baixada\/wp-json\/wp\/v2\/users\/2"}],"replies":[{"embeddable":true,"href":"https:\/\/hostnetart.com.br\/baixada\/wp-json\/wp\/v2\/comments?post=7352"}],"version-history":[{"count":0,"href":"https:\/\/hostnetart.com.br\/baixada\/wp-json\/wp\/v2\/posts\/7352\/revisions"}],"wp:featuredmedia":[{"embeddable":true,"href":"https:\/\/hostnetart.com.br\/baixada\/wp-json\/wp\/v2\/media\/7351"}],"wp:attachment":[{"href":"https:\/\/hostnetart.com.br\/baixada\/wp-json\/wp\/v2\/media?parent=7352"}],"wp:term":[{"taxonomy":"category","embeddable":true,"href":"https:\/\/hostnetart.com.br\/baixada\/wp-json\/wp\/v2\/categories?post=7352"},{"taxonomy":"post_tag","embeddable":true,"href":"https:\/\/hostnetart.com.br\/baixada\/wp-json\/wp\/v2\/tags?post=7352"}],"curies":[{"name":"wp","href":"https:\/\/api.w.org\/{rel}","templated":true}]}}