{"id":7344,"date":"2019-08-14T13:42:31","date_gmt":"2019-08-14T16:42:31","guid":{"rendered":"https:\/\/hostnetart.com.br\/baixada\/trabalhadores-podem-ter-apenas-uma-folga-por-mes-aos-domingos\/"},"modified":"2019-08-14T13:42:31","modified_gmt":"2019-08-14T16:42:31","slug":"trabalhadores-podem-ter-apenas-uma-folga-por-mes-aos-domingos","status":"publish","type":"post","link":"https:\/\/hostnetart.com.br\/baixada\/trabalhadores-podem-ter-apenas-uma-folga-por-mes-aos-domingos\/","title":{"rendered":"Trabalhadores podem ter apenas uma folga por m\u00eas aos domingos"},"content":{"rendered":"<p>Os banc\u00e1rios podem ter apenas uma folga de domingo por m\u00eas. Esse \u00e9 um dos pontos da Medida Provis\u00f3ria da Liberdade Econ\u00f4mica (<a href=\"https:\/\/contrafcut.com.br\/noticias\/bancarios-se-mobilizam-contra-trabalho-aos-sabados\/\" target=\"_blank\" rel=\"noopener noreferrer\">881<\/a>), que tamb\u00e9m vem sendo chamada de minirreforma trabalhista, e pode ser votada ainda nesta ter\u00e7a-feira. O texto tamb\u00e9m conta com a permiss\u00e3o de trabalho aos domingos e feriados e a possibilidade de bancos abrirem aos s\u00e1bados e, ap\u00f3s acordo, os trabalhadores baterem ponto \u201cpor exce\u00e7\u00e3o\u201d, marcando apenas hor\u00e1rios de entrada e sa\u00edda fora do habitual.<\/p>\n<p>A pressa dos governistas para levar a medida a vota\u00e7\u00e3o, \u00e9 porque ela j\u00e1 caduca em 27 de agosto. \u201cEssa mudan\u00e7a afeta diretamente a sa\u00fade dos trabalhadores, pois diminui drasticamente o tempo e a qualidade de descanso. Os trabalhadores n\u00e3o s\u00e3o rob\u00f4s, eles precisam de seus momentos de lazer com a fam\u00edlia e os amigos para espairecer das press\u00f5es sofridas no dia a dia do trabalho. Por isso, todas as categorias t\u00eam de se unir na press\u00e3o aos parlamentares pela n\u00e3o aprova\u00e7\u00e3o desta MP\u201d, afirmou Vin\u00edcius de Assump\u00e7\u00e3o Silva, vice-presidente da Contraf-CUT.<\/p>\n<p>O dirigente da Contraf-CUT garante que esta medida n\u00e3o vai gerar nenhum emprego, como diz o relator do texto. \u201c\u00c9 uma mentira. Vai gerar mais adoecimento e preju\u00edzo ao Estado, devido ao aumento no n\u00famero de afastamentos m\u00e9dicos. Preju\u00edzo para os seres humanos, que v\u00e3o ficar doentes. S\u00f3 os bancos saem ganhando, pois v\u00e3o lucrar ainda mais \u00e0s custas dos trabalhadores.\u201d<\/p>\n<p>Vin\u00edcius disse que o governo peca ao n\u00e3o discutir a reforma tribut\u00e1ria, a taxa\u00e7\u00e3o das grandes fortunas, n\u00e3o aumentar impostos sobre o lucro dos bancos. \u201cEsse governo est\u00e1 pautado em atacar os direitos dos trabalhadores, com a Reforma da Previd\u00eancia e o fim das aposentadorias e, agora, com o aprofundamento da reforma trabalhista. Essa MP precariza ainda mais as rela\u00e7\u00f5es de trabalho. \u00c9 o trabalhador mais uma vez pagando com seus direitos, enquanto a elite econ\u00f4mica desse pa\u00eds continua intacta e n\u00e3o faz a sua parte para que a crise possa ser superada. E a crise n\u00e3o pode ser superada em cima dos direitos dos trabalhadores\u201d, completou ao lembrar do site\u00a0<a href=\"https:\/\/napressao.org.br\/\">Na Press\u00e3o<\/a>, no qual os trabalhadores podem pressionar os parlamentares.<\/p>\n<p>Outra altera\u00e7\u00e3o inclu\u00edda no novo texto \u00e9 a cria\u00e7\u00e3o de um documento \u00fanico para opera\u00e7\u00e3o de transportes, que conter\u00e1 todos os dados tribut\u00e1rios, log\u00edsticos, sanit\u00e1rios e outros \u2013 o chamado Documento Eletr\u00f4nico de Transporte. A unifica\u00e7\u00e3o dos documentos havia sido prometida pelo ministro da Infraestrutura, Tarc\u00edsio Godoy, em negocia\u00e7\u00e3o com caminhoneiros.<\/p>\n<p>A emenda retirou pontos que criaram pol\u00eamica e que haviam sido inclu\u00eddos no relat\u00f3rio ainda na Comiss\u00e3o Especial, como, por exemplo, artigo que desobrigava empresas ou locais de obras com menos de 20 trabalhadores de constituir Comiss\u00e3o Interna de Preven\u00e7\u00e3o de Acidentes (CIPA). Essa era uma das principais reclama\u00e7\u00f5es da oposi\u00e7\u00e3o.<\/p>\n<p><strong>Fonte: Contraf-CUT<\/strong><\/p>\n","protected":false},"excerpt":{"rendered":"<p>Os banc\u00e1rios podem ter apenas uma folga de domingo por m\u00eas. Esse \u00e9 um dos pontos da Medida Provis\u00f3ria da Liberdade Econ\u00f4mica (881), que tamb\u00e9m vem sendo chamada de minirreforma trabalhista, e pode ser votada ainda nesta ter\u00e7a-feira. O texto tamb\u00e9m conta com a permiss\u00e3o de trabalho aos domingos e feriados e a possibilidade de [&hellip;]<\/p>\n","protected":false},"author":2,"featured_media":7343,"comment_status":"","ping_status":"","sticky":false,"template":"","format":"standard","meta":{"footnotes":""},"categories":[3],"tags":[],"class_list":["post-7344","post","type-post","status-publish","format-standard","has-post-thumbnail","hentry","category-noticias"],"_links":{"self":[{"href":"https:\/\/hostnetart.com.br\/baixada\/wp-json\/wp\/v2\/posts\/7344","targetHints":{"allow":["GET"]}}],"collection":[{"href":"https:\/\/hostnetart.com.br\/baixada\/wp-json\/wp\/v2\/posts"}],"about":[{"href":"https:\/\/hostnetart.com.br\/baixada\/wp-json\/wp\/v2\/types\/post"}],"author":[{"embeddable":true,"href":"https:\/\/hostnetart.com.br\/baixada\/wp-json\/wp\/v2\/users\/2"}],"replies":[{"embeddable":true,"href":"https:\/\/hostnetart.com.br\/baixada\/wp-json\/wp\/v2\/comments?post=7344"}],"version-history":[{"count":0,"href":"https:\/\/hostnetart.com.br\/baixada\/wp-json\/wp\/v2\/posts\/7344\/revisions"}],"wp:featuredmedia":[{"embeddable":true,"href":"https:\/\/hostnetart.com.br\/baixada\/wp-json\/wp\/v2\/media\/7343"}],"wp:attachment":[{"href":"https:\/\/hostnetart.com.br\/baixada\/wp-json\/wp\/v2\/media?parent=7344"}],"wp:term":[{"taxonomy":"category","embeddable":true,"href":"https:\/\/hostnetart.com.br\/baixada\/wp-json\/wp\/v2\/categories?post=7344"},{"taxonomy":"post_tag","embeddable":true,"href":"https:\/\/hostnetart.com.br\/baixada\/wp-json\/wp\/v2\/tags?post=7344"}],"curies":[{"name":"wp","href":"https:\/\/api.w.org\/{rel}","templated":true}]}}