{"id":7342,"date":"2019-08-14T13:41:34","date_gmt":"2019-08-14T16:41:34","guid":{"rendered":"https:\/\/hostnetart.com.br\/baixada\/bancos-utilizam-pdvs-para-justificar-demissao-em-massa\/"},"modified":"2019-08-14T13:41:34","modified_gmt":"2019-08-14T16:41:34","slug":"bancos-utilizam-pdvs-para-justificar-demissao-em-massa","status":"publish","type":"post","link":"https:\/\/hostnetart.com.br\/baixada\/bancos-utilizam-pdvs-para-justificar-demissao-em-massa\/","title":{"rendered":"Bancos utilizam PDVs para justificar demiss\u00e3o em massa"},"content":{"rendered":"<div class=\"elementor-element elementor-element-194680ec elementor-widget elementor-widget-theme-post-content\" data-id=\"194680ec\" data-element_type=\"widget\" data-widget_type=\"theme-post-content.default\">\n<div class=\"elementor-widget-container\">\n<p>No primeiro semestre de 2019, de acordo com o Cadastro Geral de Empregados e Desempregados (Caged), os bancos fecharam 2.057 postos de trabalho no pa\u00eds. De 2013 pra c\u00e1, houve uma redu\u00e7\u00e3o de 62,7 mil postos para a categoria, sendo que 43,4 mil postos foram fechados a partir de 2016. Dados da Pesquisa de Emprego Banc\u00e1rio, elaborada pelo Departamento Intersindical de Estat\u00edstica e Estudos Socioecon\u00f4micos (Dieese) mostram que, neste per\u00edodo, raras vezes o saldo de postos de trabalho foi positivo.<\/p>\n<p>\u201cA categoria est\u00e1 encolhendo na mesma propor\u00e7\u00e3o do aumento dos investimentos em tecnologia feito pelos bancos, assim como da alta dos lucros\u201d, observou a presidenta da Confedera\u00e7\u00e3o Nacional dos Trabalhadores do Ramo Financeiro (Contraf-CUT), Juvandia Moreira.<\/p>\n<p>Para a presidenta da Contraf-CUT, quando s\u00e3o lan\u00e7ados os Planos de Demiss\u00f5es Volunt\u00e1rias (PDVs) h\u00e1 uma dr\u00e1stica redu\u00e7\u00e3o de postos de trabalho. \u201cS\u00e3o demiss\u00f5es em massa disfar\u00e7adas. E, nos bancos p\u00fablicos s\u00e3o resultado de uma pol\u00edtica dos governos Temer e Bolsonaro que, na verdade, querem enfraquecer essas institui\u00e7\u00f5es e prepar\u00e1-las para a privatiza\u00e7\u00e3o\u201d, observou.<\/p>\n<p>No final de 2016,\u00a0<a href=\"https:\/\/www.bb.com.br\/docs\/pub\/siteEsp\/ri\/pt\/dce\/dwn\/FR121216.pdf\" target=\"_blank\" rel=\"noopener noreferrer\">9.409 funcion\u00e1rios aderiram ao plano de demiss\u00e3o volunt\u00e1ria do Banco do Brasil<\/a>. No \u00faltimo trimestre daquele ano, o banco fechou 8.537 vagas e jogou o saldo do emprego banc\u00e1rio em dezembro daquele ano para quase 10 mil postos de trabalho a menos, o pior resultado mensal j\u00e1 registrado para um m\u00eas desde o in\u00edcio da Pesquisa de Emprego Banc\u00e1rio, em 2010.<\/p>\n<p>Na Caixa, por conta dos Programas de Prepara\u00e7\u00e3o para a Aposentadoria (PPA) e dos Programas de Desligamentos Volunt\u00e1rios (PDV), de 2015 a 2018, o banco fechou 14.369 postos de trabalho. Em mar\u00e7o de 2017, o banco fechou 3.039 postos de trabalho. Em agosto do mesmo ano foram fechadas 2.302 vagas.<\/p>\n<p>Mas, n\u00e3o s\u00e3o apenas os bancos p\u00fablicos que se utilizam dos PDVs para fechar postos de trabalho. Em julho de 2017, o Bradesco lan\u00e7ou um PDV, que se encerrou em setembro daquele ano.\u00a0<a href=\"https:\/\/economia.estadao.com.br\/noticias\/geral,prisao-dos-irmaos-batista-nao-impactam-risco-da-jbs,70001996105\" target=\"_blank\" rel=\"noopener noreferrer\">O saldo foi o fechamento de 7.400 postos de trabalho no banco<\/a>.<\/p>\n<figure class=\"wp-block-image\"><img decoding=\"async\" class=\"wp-image-273429 lazyloaded\" src=\"https:\/\/contrafcut.com.br\/wp-content\/uploads\/2019\/08\/grafico-demissoes-pdvs.jpeg?x60830\" sizes=\"(max-width: 1013px) 100vw, 1013px\" srcset=\"https:\/\/contrafcut.com.br\/wp-content\/uploads\/2019\/08\/grafico-demissoes-pdvs.jpeg 1013w, https:\/\/contrafcut.com.br\/wp-content\/uploads\/2019\/08\/grafico-demissoes-pdvs-369x230.jpeg 369w, https:\/\/contrafcut.com.br\/wp-content\/uploads\/2019\/08\/grafico-demissoes-pdvs-768x478.jpeg 768w, https:\/\/contrafcut.com.br\/wp-content\/uploads\/2019\/08\/grafico-demissoes-pdvs-110x70.jpeg 110w\" alt=\"\" data-lazy-srcset=\"https:\/\/contrafcut.com.br\/wp-content\/uploads\/2019\/08\/grafico-demissoes-pdvs.jpeg 1013w, https:\/\/contrafcut.com.br\/wp-content\/uploads\/2019\/08\/grafico-demissoes-pdvs-369x230.jpeg 369w, https:\/\/contrafcut.com.br\/wp-content\/uploads\/2019\/08\/grafico-demissoes-pdvs-768x478.jpeg 768w, https:\/\/contrafcut.com.br\/wp-content\/uploads\/2019\/08\/grafico-demissoes-pdvs-110x70.jpeg 110w\" data-lazy-sizes=\"(max-width: 1013px) 100vw, 1013px\" data-lazy-src=\"https:\/\/contrafcut.com.br\/wp-content\/uploads\/2019\/08\/grafico-demissoes-pdvs.jpeg?x60830\" data-was-processed=\"true\" \/><figcaption>Fonte: Dieese<\/figcaption><\/figure>\n<h3><strong>Novos PDVs<\/strong><\/h3>\n<p>No final de julho de 2019, no mesmo dia em que anunciou um lucro l\u00edquido de R$ 13,9 bilh\u00f5es no primeiro semestre de 2019, o banco\u00a0<a href=\"https:\/\/contrafcut.com.br\/noticias\/itau-anuncia-pdv-no-dia-em-que-registra-r-139-bi-de-lucro\/\" target=\"_blank\" rel=\"noopener noreferrer\">Ita\u00fa lan\u00e7ou um PDV<\/a>, com a meta de ades\u00e3o de 6.900 banc\u00e1rios. Sem contar que, nos \u00faltimos 12 meses o banco j\u00e1 fechou 983 postos de trabalho.<\/p>\n<p>O banco, no seu relat\u00f3rio do segundo trimestre informou que, \u201cno Brasil, a redu\u00e7\u00e3o anual do quadro de colaboradores est\u00e1 relacionada ao encerramento de ag\u00eancias f\u00edsicas\u201d. Em doze meses, foram fechadas 199 ag\u00eancias f\u00edsicas, sendo 195 no 2\u00ba trimestre de 2019 e abertas 36 ag\u00eancias digitais (apenas uma aberta no trimestre).<\/p>\n<p>A\u00a0<a href=\"https:\/\/contrafcut.com.br\/noticias\/contraf-cut-cobra-a-reposicao-do-quadro-de-empregados-da-caixa\/\" target=\"_blank\" rel=\"noopener noreferrer\">Caixa prepara mais um PDV<\/a>. O banco chegou a lan\u00e7ar o plano,\u00a0<a href=\"https:\/\/contrafcut.com.br\/noticias\/gestao-confusa-da-caixa-reforca-fragilizacao-da-empresa\/\" target=\"_blank\" rel=\"noopener noreferrer\">depois cancelou<\/a>\u00a0e, em seguida, apenas adiou seu lan\u00e7amento. Quando o plano foi lan\u00e7ado, o objetivo era reduzir at\u00e9 3,5 mil empregados que trabalham na matriz e em escrit\u00f3rios regionais do banco.<\/p>\n<p>O\u00a0<a href=\"https:\/\/contrafcut.com.br\/noticias\/bancarios-protestam-contra-reestruturacao-no-banco-do-brasil\/\" target=\"_blank\" rel=\"noopener noreferrer\">Banco do Brasil tamb\u00e9m estuda um plano de demiss\u00f5es<\/a>. Em reuni\u00e3o realizada com funcion\u00e1rios no dia 29 de julho, o banco anunciou que ser\u00e3o extintos 2,3 mil postos de trabalho (dota\u00e7\u00f5es), em comiss\u00e3o ou n\u00e3o. Para aderir ao PAQ, o banc\u00e1rio deve estar em uma unidade e pra\u00e7a considerada com excesso.<\/p>\n<p>A amplia\u00e7\u00e3o das ag\u00eancias digitais pode at\u00e9 ter influ\u00eancia na dr\u00e1stica redu\u00e7\u00e3o de postos de trabalho, mas, a presidenta da Contraf-CUT alerta que a tend\u00eancia de redu\u00e7\u00e3o de postos de trabalho se intensificou nos \u00faltimos anos. \u201c\u00c9 a partir do governo Temer que houve um enxugamento t\u00e3o grande. O Bradesco fez um PDV, assim como o Banco do Brasil e a Caixa fizeram e v\u00e3o fazer outros agora por causa da pol\u00edtica de enfraquecimento dos bancos p\u00fablicos\u201d, observou.<\/p>\n<h3><strong>Sobrecarga<\/strong><\/h3>\n<p>A Contraf-CUT n\u00e3o interfere na ades\u00e3o aos planos de demiss\u00e3o, apenas instrui os trabalhadores. \u201cO banc\u00e1rio tem todo o direito de aderir aos PDVs. Nossa \u00fanica observa\u00e7\u00e3o \u00e9 para que, antes da decis\u00e3o, \u00e9 preciso colocar na balan\u00e7a para ver o que \u00e9 mais vantajoso e levar em considera\u00e7\u00e3o, inclusive, a dificuldade de arrumar um novo emprego e a crise pela qual passa o pa\u00eds\u201d, disse Juvandia. \u201cEssa decis\u00e3o \u00e9 pessoal. N\u00e3o cabe \u00e0 n\u00f3s decidirmos por ningu\u00e9m\u201d, completou.<\/p>\n<p>Mas, Juvandia, observou que, com a redu\u00e7\u00e3o do pessoal, aumenta a sobrecarga de trabalho, a press\u00e3o pelo cumprimento de metas e, consequentemente, o adoecimento. \u201cN\u00e3o podemos admitir que uma medida de gest\u00e3o do banco venha a prejudicar os trabalhadores que permanecem na empresa. Vamos cobrar mais contrata\u00e7\u00f5es, o fim do ass\u00e9dio e das metas abusivas\u201d, afirmou.<\/p>\n<p><strong>Fonte:<\/strong>\u00a0<strong>Contraf-CUT, com informa\u00e7\u00f5es do Dieese<\/strong><\/p>\n<\/div>\n<\/div>\n<div class=\"elementor-element elementor-element-76b46e1 elementor-widget elementor-widget-post-info\" data-id=\"76b46e1\" data-element_type=\"widget\" data-widget_type=\"post-info.default\">\u00a0<\/div>\n","protected":false},"excerpt":{"rendered":"<p>No primeiro semestre de 2019, de acordo com o Cadastro Geral de Empregados e Desempregados (Caged), os bancos fecharam 2.057 postos de trabalho no pa\u00eds. De 2013 pra c\u00e1, houve uma redu\u00e7\u00e3o de 62,7 mil postos para a categoria, sendo que 43,4 mil postos foram fechados a partir de 2016. Dados da Pesquisa de Emprego [&hellip;]<\/p>\n","protected":false},"author":2,"featured_media":7341,"comment_status":"","ping_status":"","sticky":false,"template":"","format":"standard","meta":{"footnotes":""},"categories":[3],"tags":[],"class_list":["post-7342","post","type-post","status-publish","format-standard","has-post-thumbnail","hentry","category-noticias"],"_links":{"self":[{"href":"https:\/\/hostnetart.com.br\/baixada\/wp-json\/wp\/v2\/posts\/7342","targetHints":{"allow":["GET"]}}],"collection":[{"href":"https:\/\/hostnetart.com.br\/baixada\/wp-json\/wp\/v2\/posts"}],"about":[{"href":"https:\/\/hostnetart.com.br\/baixada\/wp-json\/wp\/v2\/types\/post"}],"author":[{"embeddable":true,"href":"https:\/\/hostnetart.com.br\/baixada\/wp-json\/wp\/v2\/users\/2"}],"replies":[{"embeddable":true,"href":"https:\/\/hostnetart.com.br\/baixada\/wp-json\/wp\/v2\/comments?post=7342"}],"version-history":[{"count":0,"href":"https:\/\/hostnetart.com.br\/baixada\/wp-json\/wp\/v2\/posts\/7342\/revisions"}],"wp:featuredmedia":[{"embeddable":true,"href":"https:\/\/hostnetart.com.br\/baixada\/wp-json\/wp\/v2\/media\/7341"}],"wp:attachment":[{"href":"https:\/\/hostnetart.com.br\/baixada\/wp-json\/wp\/v2\/media?parent=7342"}],"wp:term":[{"taxonomy":"category","embeddable":true,"href":"https:\/\/hostnetart.com.br\/baixada\/wp-json\/wp\/v2\/categories?post=7342"},{"taxonomy":"post_tag","embeddable":true,"href":"https:\/\/hostnetart.com.br\/baixada\/wp-json\/wp\/v2\/tags?post=7342"}],"curies":[{"name":"wp","href":"https:\/\/api.w.org\/{rel}","templated":true}]}}