{"id":7340,"date":"2019-08-14T13:25:02","date_gmt":"2019-08-14T16:25:02","guid":{"rendered":"https:\/\/hostnetart.com.br\/baixada\/edital-do-bb-visa-promocao-de-censura-a-industria-cinematografica\/"},"modified":"2019-08-14T13:25:02","modified_gmt":"2019-08-14T16:25:02","slug":"edital-do-bb-visa-promocao-de-censura-a-industria-cinematografica","status":"publish","type":"post","link":"https:\/\/hostnetart.com.br\/baixada\/edital-do-bb-visa-promocao-de-censura-a-industria-cinematografica\/","title":{"rendered":"Edital do BB visa promo\u00e7\u00e3o de censura \u00e0 ind\u00fastria cinematogr\u00e1fica"},"content":{"rendered":"<p>O Banco do Brasil divulgou, na segunda-feira (12), o\u00a0<a href=\"https:\/\/www.bb.com.br\/pbb\/pagina-inicial\/bb-dtvm\/edital-selecao-publica-investimento\" target=\"_blank\" rel=\"noopener noreferrer\">edital<\/a>\u00a0para sele\u00e7\u00e3o de obras de longa-metragem que receber\u00e3o investimentos do BB DTVM via Lei do Audiovisual. O formul\u00e1rio para inscri\u00e7\u00e3o das produ\u00e7\u00f5es, reproduzido em\u00a0<a href=\"https:\/\/entretenimento.uol.com.br\/noticias\/redacao\/2019\/08\/13\/edital-audiovisual-bb-pergunta-nudez.htm\" target=\"_blank\" rel=\"noopener noreferrer\">mat\u00e9ria publicada pelo site Uol<\/a>, questiona textualmente se a obra tem cunho pol\u00edtico ou religioso; se faz refer\u00eancia a crimes e prostitui\u00e7\u00e3o; ou, ainda, se h\u00e1 cenas de nudez.<\/p>\n<p>\u201c\u00c9 um absurdo o governo usar o Banco do Brasil para aplicar esta clara tentativa de censurar, atrav\u00e9s da for\u00e7a do dinheiro, o cinema brasileiro. Se um filme aborda uma tem\u00e1tica relacionada a uma religi\u00e3o diferente da do presidente, n\u00e3o poder\u00e1 ser realizado? V\u00e1rios filmes brasileiros com cenas de nudez s\u00e3o premiados internacionalmente! O BB deveria zelar pela pluralidade de ideias e de temas. Vetar que empresas p\u00fablicas financiem obras cinematogr\u00e1ficas devido ao seu conte\u00fado \u00e9 uma clara tentativa de censura, a qual o presidente do banco p\u00fablico, Rubem Novaes, corrobora\u201d, criticou o coordenador da Comiss\u00e3o de Empresa dos Funcion\u00e1rios do Banco do Brasil, Jo\u00e3o Fukunaga.<\/p>\n<p>Na ocasi\u00e3o da transfer\u00eancia do Conselho Superior de Cinema para a Casa Civil, em 18 de julho, o presidente Jair Bolsonaro afirmou que n\u00e3o pode \u201c<a href=\"https:\/\/oglobo.globo.com\/cultura\/bolsonaro-nao-posso-admitir-filmes-como-bruna-surfistinha-com-dinheiro-publico-23817326\" target=\"_blank\" rel=\"noopener noreferrer\">admitir filmes como Bruna Surfistinha com dinheiro p\u00fablico<\/a>\u201d. O presidente chegou a deixar clara sua\u00a0<a href=\"https:\/\/g1.globo.com\/politica\/noticia\/2019\/07\/19\/se-nao-puder-ter-filtro-nos-extinguiremos-a-ancine-diz-bolsonaro.ghtml\" target=\"_blank\" rel=\"noopener noreferrer\">inten\u00e7\u00e3o de aplicar \u201cfiltros\u201d na produ\u00e7\u00e3o cinematogr\u00e1fica brasileira<\/a>\u00a0\u2013 inclusive garantindo que haver\u00e1 cerceamento de obras que n\u00e3o sejam condizentes com a moral judaico-crist\u00e3.<\/p>\n<p>\u201cN\u00f3s n\u00e3o queremos nem censuraremos ningu\u00e9m, mas n\u00e3o admitiremos que a Ancine fa\u00e7a pe\u00e7as ditas culturais que v\u00e3o contra os interesses e nossa tradi\u00e7\u00e3o judaico-crist\u00e3\u201d, afirmou.<\/p>\n<p>Para se ter uma ideia, o filme \u201cBruna Surfistinha\u201d, mencionado por Bolsonaro, utilizou recursos da Lei do Audiovisual e teve or\u00e7amento de R$ 4 milh\u00f5es. Segundo\u00a0<a href=\"https:\/\/oglobo.globo.com\/cultura\/filmes\/vou-continuar-falando-de-prostituicao-hipocrisia-diz-produtor-de-bruna-surfistinha-23818719\" target=\"_blank\" rel=\"noopener noreferrer\">reportagem do jornal O Globo<\/a>, o longa foi visto por 2,1 milh\u00e3o de pessoas e gerou renda de R$ 20 milh\u00f5es.<\/p>\n<p>\u201cAl\u00e9m de atentar contra o estado laico, a postura do governo e da dire\u00e7\u00e3o do banco \u00e9 extremamente equivocada, uma vez que n\u00e3o \u00e9 doa\u00e7\u00e3o para a produ\u00e7\u00e3o, mas sim um investimento que traz retornos financeiros. \u00c9 tamb\u00e9m uma forma de fomentar a ind\u00fastria cinematogr\u00e1fica e de preservar o patrim\u00f4nio cultural do nosso pa\u00eds\u201d, completou Fukunaga.<\/p>\n<h3><strong>Hist\u00f3rico de censura<\/strong><\/h3>\n<p>Em abril, o presidente Jair Bolsonaro ordenou pessoalmente que o Banco do Brasil retirasse do ar uma campanha publicit\u00e1ria estrelada por atores e atrizes negros e jovens tatuados usando an\u00e9is, dreadlocks e cabelos compridos.\u00a0<a href=\"https:\/\/contrafcut.com.br\/noticias\/bolsonaro-veta-campanha-publicitaria-do-banco-do-brasil\/\" target=\"_blank\" rel=\"noopener noreferrer\">O epis\u00f3dio<\/a>\u00a0culminou na queda do diretor de Comunica\u00e7\u00e3o e Marketing do BB, Delano Valentim, funcion\u00e1rio de carreira do banco, que deixou o cargo. Dias depois, Novaes fez uma s\u00e9rie de ataques \u00e0 diversidade ao defender o veto \u00e0 propaganda, afirmando que \u201co \u2018empoderamento\u2019 de minorias era o instrumento acionado em diversas manifesta\u00e7\u00f5es culturais (\u2026), onde se procurava caracterizar o cidad\u00e3o \u2018normal\u2019 como a exce\u00e7\u00e3o\u201d.<\/p>\n<p><strong>Fonte:<\/strong>\u00a0<strong>SPBanc\u00e1rios, com edi\u00e7\u00f5es da Contraf-CUT<\/strong><\/p>\n","protected":false},"excerpt":{"rendered":"<p>O Banco do Brasil divulgou, na segunda-feira (12), o\u00a0edital\u00a0para sele\u00e7\u00e3o de obras de longa-metragem que receber\u00e3o investimentos do BB DTVM via Lei do Audiovisual. O formul\u00e1rio para inscri\u00e7\u00e3o das produ\u00e7\u00f5es, reproduzido em\u00a0mat\u00e9ria publicada pelo site Uol, questiona textualmente se a obra tem cunho pol\u00edtico ou religioso; se faz refer\u00eancia a crimes e prostitui\u00e7\u00e3o; ou, ainda, [&hellip;]<\/p>\n","protected":false},"author":2,"featured_media":7339,"comment_status":"","ping_status":"","sticky":false,"template":"","format":"standard","meta":{"footnotes":""},"categories":[3],"tags":[],"class_list":["post-7340","post","type-post","status-publish","format-standard","has-post-thumbnail","hentry","category-noticias"],"_links":{"self":[{"href":"https:\/\/hostnetart.com.br\/baixada\/wp-json\/wp\/v2\/posts\/7340","targetHints":{"allow":["GET"]}}],"collection":[{"href":"https:\/\/hostnetart.com.br\/baixada\/wp-json\/wp\/v2\/posts"}],"about":[{"href":"https:\/\/hostnetart.com.br\/baixada\/wp-json\/wp\/v2\/types\/post"}],"author":[{"embeddable":true,"href":"https:\/\/hostnetart.com.br\/baixada\/wp-json\/wp\/v2\/users\/2"}],"replies":[{"embeddable":true,"href":"https:\/\/hostnetart.com.br\/baixada\/wp-json\/wp\/v2\/comments?post=7340"}],"version-history":[{"count":0,"href":"https:\/\/hostnetart.com.br\/baixada\/wp-json\/wp\/v2\/posts\/7340\/revisions"}],"wp:featuredmedia":[{"embeddable":true,"href":"https:\/\/hostnetart.com.br\/baixada\/wp-json\/wp\/v2\/media\/7339"}],"wp:attachment":[{"href":"https:\/\/hostnetart.com.br\/baixada\/wp-json\/wp\/v2\/media?parent=7340"}],"wp:term":[{"taxonomy":"category","embeddable":true,"href":"https:\/\/hostnetart.com.br\/baixada\/wp-json\/wp\/v2\/categories?post=7340"},{"taxonomy":"post_tag","embeddable":true,"href":"https:\/\/hostnetart.com.br\/baixada\/wp-json\/wp\/v2\/tags?post=7340"}],"curies":[{"name":"wp","href":"https:\/\/api.w.org\/{rel}","templated":true}]}}