{"id":7338,"date":"2019-08-13T17:21:41","date_gmt":"2019-08-13T20:21:41","guid":{"rendered":"https:\/\/hostnetart.com.br\/baixada\/bancarios-participam-de-dia-nacional-de-luta-contra-a-reforma-da-previdencia\/"},"modified":"2019-08-13T17:21:41","modified_gmt":"2019-08-13T20:21:41","slug":"bancarios-participam-de-dia-nacional-de-luta-contra-a-reforma-da-previdencia","status":"publish","type":"post","link":"https:\/\/hostnetart.com.br\/baixada\/bancarios-participam-de-dia-nacional-de-luta-contra-a-reforma-da-previdencia\/","title":{"rendered":"Banc\u00e1rios participam de Dia Nacional de Luta contra a reforma da Previd\u00eancia"},"content":{"rendered":"<p>Banc\u00e1rios, estudantes, professores e trabalhadores de v\u00e1rias categorias tomaram as ruas das principais capitais do pa\u00eds, nesta ter\u00e7a-feira (13), em protesto contra o corte de verbas para a Educa\u00e7\u00e3o e a proposta de reforma da Previd\u00eancia, que t\u00eam como principal objetivo retirar direitos dos trabalhadores.<\/p>\n<p>Em Bras\u00edlia, uma multid\u00e3o, em sua maioria mulheres, est\u00e1 nas ruas desde cedo, na luta contra a reforma da Previd\u00eancia. A atividade se destaca pela uni\u00e3o da Marcha das Margaridas, movimentos estudantis e trabalhadores de todas as categorias.\u00a0<\/p>\n<p>Na capital paulista, um grande ato ser\u00e1 realizado em frente ao Masp, na Avenida Paulista, a partir das 15h, e seguir\u00e1 em caminhada at\u00e9 a Pra\u00e7a da Rep\u00fablica.\u00a0<\/p>\n<p>Para a presidenta da Confedera\u00e7\u00e3o Nacional dos Trabalhadores do Ramo Financeiro (Contraf-CUT), Juvandia Moreira, as manifesta\u00e7\u00f5es demonstram que os trabalhadores n\u00e3o concordam com as propostas e medidas adotadas pelo atual governo do pa\u00eds. \u201cNa sexta-feira (9), os funcion\u00e1rios do Banco do Brasil protestaram contra o desmonte do banco. Hoje, os trabalhadores sa\u00edram \u00e0s ruas contra a reforma da Previd\u00eancia e o corte de verbas para a Educa\u00e7\u00e3o. Amanh\u00e3, empregados da Caixa (Economia Federal) lutam em defesa do plano de sa\u00fade dos trabalhadores. Isso refor\u00e7a nosso entendimento de que as medidas adotadas pelo governo prejudica os trabalhadores e de que estes v\u00e3o lutar pela manuten\u00e7\u00e3o dos seus direitos\u201d, disse.\u00a0<\/p>\n<p>Para Juvandia, por\u00e9m, os atos devem continuar. \u201cOs trabalhadores precisam saber quem votou contra seus interesses. Os atos precisam atingir as bases eleitorais dos deputados e senadores que s\u00e3o favor\u00e1veis \u00e0 retirada de direitos da classe trabalhadora. Precisamos mostrar a necessidade de eleger representantes que defendam nossos direitos\u201d, completou.<\/p>\n<p><strong>Fonte: Contraf-CUT<\/strong><\/p>\n","protected":false},"excerpt":{"rendered":"<p>Banc\u00e1rios, estudantes, professores e trabalhadores de v\u00e1rias categorias tomaram as ruas das principais capitais do pa\u00eds, nesta ter\u00e7a-feira (13), em protesto contra o corte de verbas para a Educa\u00e7\u00e3o e a proposta de reforma da Previd\u00eancia, que t\u00eam como principal objetivo retirar direitos dos trabalhadores. Em Bras\u00edlia, uma multid\u00e3o, em sua maioria mulheres, est\u00e1 nas [&hellip;]<\/p>\n","protected":false},"author":2,"featured_media":7337,"comment_status":"","ping_status":"","sticky":false,"template":"","format":"standard","meta":{"footnotes":""},"categories":[3],"tags":[],"class_list":["post-7338","post","type-post","status-publish","format-standard","has-post-thumbnail","hentry","category-noticias"],"_links":{"self":[{"href":"https:\/\/hostnetart.com.br\/baixada\/wp-json\/wp\/v2\/posts\/7338","targetHints":{"allow":["GET"]}}],"collection":[{"href":"https:\/\/hostnetart.com.br\/baixada\/wp-json\/wp\/v2\/posts"}],"about":[{"href":"https:\/\/hostnetart.com.br\/baixada\/wp-json\/wp\/v2\/types\/post"}],"author":[{"embeddable":true,"href":"https:\/\/hostnetart.com.br\/baixada\/wp-json\/wp\/v2\/users\/2"}],"replies":[{"embeddable":true,"href":"https:\/\/hostnetart.com.br\/baixada\/wp-json\/wp\/v2\/comments?post=7338"}],"version-history":[{"count":0,"href":"https:\/\/hostnetart.com.br\/baixada\/wp-json\/wp\/v2\/posts\/7338\/revisions"}],"wp:featuredmedia":[{"embeddable":true,"href":"https:\/\/hostnetart.com.br\/baixada\/wp-json\/wp\/v2\/media\/7337"}],"wp:attachment":[{"href":"https:\/\/hostnetart.com.br\/baixada\/wp-json\/wp\/v2\/media?parent=7338"}],"wp:term":[{"taxonomy":"category","embeddable":true,"href":"https:\/\/hostnetart.com.br\/baixada\/wp-json\/wp\/v2\/categories?post=7338"},{"taxonomy":"post_tag","embeddable":true,"href":"https:\/\/hostnetart.com.br\/baixada\/wp-json\/wp\/v2\/tags?post=7338"}],"curies":[{"name":"wp","href":"https:\/\/api.w.org\/{rel}","templated":true}]}}