{"id":7336,"date":"2019-08-13T17:20:03","date_gmt":"2019-08-13T20:20:03","guid":{"rendered":"https:\/\/hostnetart.com.br\/baixada\/norte-e-nordeste-abrem-dia-de-manifestacoes-contra-cortes-na-educacao-e-reforma-da-previdencia\/"},"modified":"2019-08-13T17:20:03","modified_gmt":"2019-08-13T20:20:03","slug":"norte-e-nordeste-abrem-dia-de-manifestacoes-contra-cortes-na-educacao-e-reforma-da-previdencia","status":"publish","type":"post","link":"https:\/\/hostnetart.com.br\/baixada\/norte-e-nordeste-abrem-dia-de-manifestacoes-contra-cortes-na-educacao-e-reforma-da-previdencia\/","title":{"rendered":"Norte e Nordeste abrem dia de manifesta\u00e7\u00f5es contra cortes na educa\u00e7\u00e3o e reforma da Previd\u00eancia"},"content":{"rendered":"<p>A terceira onda de manifesta\u00e7\u00f5es em defesa da educa\u00e7\u00e3o p\u00fablica come\u00e7ou pelas cidades do Norte e Nordeste do pa\u00eds na manh\u00e3 desta ter\u00e7a-feira (13). Protestos nas capitais do Par\u00e1, Cear\u00e1 e Bahia reuniram estudantes, professores e trabalhadores de diversas categorias. Al\u00e9m do\u00a0<a href=\"https:\/\/www.redebrasilatual.com.br\/educacao\/2019\/07\/educacao-e-a-area-mais-afetada-pelos-cortes-de-orcamento-por-bolsonaro\/\" target=\"_blank\" rel=\"noopener noreferrer\">corte de verbas<\/a>\u00a0em universidades e institutos federais determinado pelo governo Bolsonaro, eles tamb\u00e9m se manifestam contra o programa Future-se, que pretende ampliar a participa\u00e7\u00e3o do investimento privado nas institui\u00e7\u00f5es p\u00fablicas de ensino superior.<\/p>\n<p>A proposta de\u00a0<a href=\"https:\/\/www.redebrasilatual.com.br\/tag\/reforma-da-previdencia\/\" target=\"_blank\" rel=\"noopener noreferrer\">\u201creforma\u201d da Previd\u00eancia<\/a>, aprovada na C\u00e2mara e enviada ao Senado, tamb\u00e9m est\u00e1 na pauta das bandeiras de lutas dos manifestantes, que tamb\u00e9m lembraram como \u201ctraidores\u201d os deputados que votaram a favor da proposta durante a primeira fase de tramita\u00e7\u00e3o.<\/p>\n<h3>Cear\u00e1<\/h3>\n<p>Estudantes se reuniram na Avenida 13 de Maio, no Benfica, bairro universit\u00e1rio da capital cearense, onde fica a sede a Universidade Federal do Cear\u00e1 (UFC), e sa\u00edram em passeata pelas ruas do centro. Os cortes e o Future-se foram classificados como \u201cpacote maldito\u201d do governo Bolsonaro para a educa\u00e7\u00e3o. Os trabalhadores que participavam da manifesta\u00e7\u00e3o traziam cartazes com fotos dos 11 deputados do estado que votaram a favor da \u201creforma\u201d da Previd\u00eancia. Eles tamb\u00e9m pressionaram o senador Tasso Jereissati (PSDB), o mais rico dos representantes do Senado, escolhido relator da proposta que dificulta o acesso \u00e0s aposentadorias.<\/p>\n<p>\u201cMais uma vez ocupamos \u00e0s ruas de Fortaleza e dos principais munic\u00edpios do Cear\u00e1 para nos posicionar contra a reforma da Previd\u00eancia. Acreditamos que ainda \u00e9 poss\u00edvel reverter esse cen\u00e1rio. Estamos nos posicionando contr\u00e1rios ao pacote maldito do governo Bolsonaro contra a educa\u00e7\u00e3o. N\u00e3o tem outro caminho a n\u00e3o ser ocupar as ruas\u201d, afirmou o presidente da CUT-CE, Will Pereira.<\/p>\n<p>A estudante da UFC Clara Souza destacou a postura ativa dos estudantes para resistir contra os desmandos do governo. \u201cA gente est\u00e1 ativamente na rua, nos posicionando contra os cortes pela terceira vez. A gente n\u00e3o pode se calar. Estamos vendo a universidade p\u00fablica sofrer um desmonte, com a perda de bolsas de estudo, de investimentos. Tivemos um corte de R$ 95 milh\u00f5es. N\u00e3o podemos aceitar, porque a universidade p\u00fablica \u00e9 um direito de todo mundo, e jamais tem que ser paga ou privatizada.\u201d<\/p>\n<h3>Alagoas<\/h3>\n<p>Em Macei\u00f3, estudantes e trabalhadores se concentraram nos arredores do\u00a0Centro Educacional de Pesquisa Aplicada (Cepa), o principal complexo educacional do estado. Segundo a dirigente do Sindicato dos Trabalhadores da Educa\u00e7\u00e3o de Alagoas (Sinteal) Lenilda Lima, o governo Bolsonaro vem \u201cdestruindo a educa\u00e7\u00e3o p\u00fablica\u201d. \u201cNa \u00faltima a\u00e7\u00e3o foram cortados mais de R$ 384 milh\u00f5es do livro did\u00e1tico\u201d, destacou em entrevista ao portal\u00a0<a href=\"https:\/\/g1.globo.com\/al\/alagoas\/noticia\/2019\/08\/13\/estudantes-e-professores-fazem-ato-em-defesa-da-educacao-em-maceio.ghtml?fbclid=IwAR17hCzvjfxHeyWSWZov8lWXrqD2MtcFdgrEOgAU6_cZAKBwkN_JRZqPL4s\" target=\"_blank\" rel=\"noopener noreferrer\"><em>G1<\/em><\/a>. A\u00a0estudante secundarista Jana\u00edna Soares afirmou que n\u00e3o \u00e9 poss\u00edvel imaginar um pa\u00eds sem educa\u00e7\u00e3o. \u201cN\u00e3o faz sentido tantos cortes. Por isso estamos na rua.\u201d<\/p>\n<h3>Bahia<\/h3>\n<p>Em Salvador, os manifestantes se reuniram na Pra\u00e7a Campo Grande, nos arredores da reitoria da Universidade Federal da Bahia (UFBA).\u00a0Para o\u00a0professor de Educa\u00e7\u00e3o F\u00edsica Uendel Raposo a educa\u00e7\u00e3o n\u00e3o \u00e9 prioridade para o governo Bolsonaro. \u201cIsso fica claro atrav\u00e9s dos cortes, que chamam de contingenciamento. Mas s\u00e3o fortes diretos que acredito ser uma forma de retalia\u00e7\u00e3o\u201d, afirmou ao jornal\u00a0<a href=\"https:\/\/atarde.uol.com.br\/bahia\/salvador\/noticias\/2083056-estudantes-e-professores-realizam-protesto-em-defesa-da-educacao-em-salvador\" target=\"_blank\" rel=\"noopener noreferrer\"><em>A Tarde<\/em><\/a>.\u00a0\u00a0A\u00a0vice-presidente da Uni\u00e3o Nacional dos Estudantes (UNE) na Bahia, Carolina Nunes, destacou a mobiliza\u00e7\u00e3o dos estudantes e\u00a0 afirmou que o atual governo \u201cvaloriza mais os cursos que v\u00e3o te ingressar no mercado de trabalho como uma m\u00e1quina, do que os que valorizam o estudo cr\u00edtico\u201d.<\/p>\n<p>\u201cBolsonaro abre a boca apenas para detratar o povo brasileiro, para discriminar os nordestinos, negros e ind\u00edgenas, odiar as mulheres e mandar matar a comunidade LGBT, que \u00e9 a vontade dele. Estamos de p\u00e9, e vamos reagir a esses ataques. As universidades tiveram corte de R$ 6 bilh\u00f5es, a maior da hist\u00f3ria da educa\u00e7\u00e3o brasileira\u201d, afirmou a deputada federal Alice Portugal (PCdoB-BA), no protesto em Salvador.<\/p>\n<p>\u00a0<\/p>\n<h3>Par\u00e1<\/h3>\n<p>Em Bel\u00e9m, os manifestantes se concentraram na Pra\u00e7a da Rep\u00fablica, no in\u00edcio da manh\u00e3, e sa\u00edram em caminhada pelas ruas do centro da capital. O\u00a0Estudante da Universidade Federal do Par\u00e1 (UFPA) Eduardo Prot\u00e1sio diz que Future-se vai subordinar as universidades aos interesses dos seus patrocinadores. \u201cA grande verdade \u00e9 que o Future-se desvincula a verba p\u00fablica que garante o funcionamento das universidades, passando a vincul\u00e1-la a uma administra\u00e7\u00e3o econ\u00f4mica e pol\u00edtica das grandes empresas. Se isso ocorrer, toda a linha de pesquisa e ensino das institui\u00e7\u00f5es federais passa a ser vinculadas a esses interesses\u201d, afirmou \u00e0 reportagem do\u00a0<em>Brasil de Fato<\/em>.<\/p>\n<p>Para a jornalista\u00a0que participa do protesto junto com os estudantes, a educa\u00e7\u00e3o \u00e9 tratada como \u201cvil\u00e3\u201d pelo atual governo.\u00a0\u201cA educa\u00e7\u00e3o est\u00e1 veiculada a absolutamente todo o nosso entendimento de pol\u00edtica, de sociedade. A defesa das universidades \u00e9 a defesa do mundo intelectual, da informa\u00e7\u00e3o, da forma\u00e7\u00e3o cr\u00edtica. Quem vilaniza uma coisa dessas n\u00e3o pode estar a favor do pa\u00eds nem de democracia nenhuma. Por isso, a gente est\u00e1 aqui hoje\u201d.<\/p>\n<p>Tamb\u00e9m foram registrados protestos em defesa da educa\u00e7\u00e3o nas cidades de Caruaru, Petrolina, Palmares, Cabo de Santo Agostinho, em Pernambuco, e Tef\u00e9, no Amazonas.\u00a0<a href=\"https:\/\/www.redebrasilatual.com.br\/educacao\/2019\/08\/estudantes-tsunami-educacao-13-agosto\/\" target=\"_blank\" rel=\"noopener noreferrer\">Outras capitais<\/a>\u00a0do Norte e Nordeste, como Rio Branco, Manaus, Jo\u00e3o Pessoa e Recife, ter\u00e3o atos na parte da tarde, assim como as capitais do Sul e Sudeste do pa\u00eds.<\/p>\n<h3>Interior paulista<\/h3>\n<p>As cidades de Campinas e S\u00e3o Carlos, que tem importantes p\u00f3los universit\u00e1rios, e Sorocaba, no tamb\u00e9m no interior de S\u00e3o Paulo, registraram protestos em defesa da educa\u00e7\u00e3o durante a manh\u00e3. Estudantes e professores realizaram marchas e aulas p\u00fablicas para alertar a popula\u00e7\u00e3o sobre os efeitos dos cortes na \u00e1rea.<\/p>\n<div class=\"SandboxRoot env-bp-350\" data-twitter-event-id=\"0\">\n<div id=\"twitter-widget-0\" class=\"EmbeddedTweet EmbeddedTweet--cta js-clickToOpenTarget\" lang=\"pt\" data-click-to-open-target=\"https:\/\/twitter.com\/uneoficial\/status\/1161308366184079361\" data-iframe-title=\"Tweet do Twitter\" data-scribe=\"page:tweet\" data-twitter-event-id=\"1\">\n<div class=\"EmbeddedTweet-tweetContainer\">\n<div class=\"EmbeddedTweet-tweet\">\n<blockquote class=\"Tweet h-entry js-tweetIdInfo subject expanded\" cite=\"https:\/\/twitter.com\/uneoficial\/status\/1161308366184079361\" data-tweet-id=\"1161308366184079361\" data-scribe=\"section:subject\">\n<div class=\"Tweet-header\"><a class=\"TweetAuthor-avatar  Identity-avatar u-linkBlend\" href=\"https:\/\/twitter.com\/uneoficial\" data-scribe=\"element:user_link\"><img decoding=\"async\" class=\"Avatar\" src=\"https:\/\/pbs.twimg.com\/profile_images\/1127416276794650626\/tNKXro3A_normal.jpg\" alt=\"\" data-scribe=\"element:avatar\" data-src-2x=\"https:\/\/pbs.twimg.com\/profile_images\/1127416276794650626\/tNKXro3A_bigger.jpg\" data-src-1x=\"https:\/\/pbs.twimg.com\/profile_images\/1127416276794650626\/tNKXro3A_normal.jpg\" \/><\/a><\/p>\n<div class=\"TweetAuthor js-inViewportScribingTarget\" data-scribe=\"component:author\">\n<div class=\"TweetAuthor-nameScreenNameContainer\"><span class=\"TweetAuthor-decoratedName\"><span class=\"TweetAuthor-name Identity-name customisable-highlight\" title=\"UNE\" data-scribe=\"element:name\">UNE<\/span><\/span><\/p>\n<div class=\"Icon Icon--verified \" title=\"Conta Verificada\">\u00a0<\/div>\n<p><span class=\"TweetAuthor-decoratedName\"><span class=\"TweetAuthor-verifiedBadge\" data-scribe=\"element:verified_badge\"><b class=\"u-hiddenVisually\">\u2714<\/b><\/span><\/span><span class=\"TweetAuthor-screenName Identity-screenName\" dir=\"ltr\" title=\"@uneoficial\" data-scribe=\"element:screen_name\">@uneoficial<\/span><\/div>\n<\/div>\n<div class=\"Tweet-brand\">\u00a0<\/div>\n<\/div>\n<div class=\"Tweet-body e-entry-content\" data-scribe=\"component:tweet\">\n<div class=\"Tweet-target js-inViewportScribingTarget\">\u00a0<\/div>\n<p class=\"Tweet-text e-entry-title\" dir=\"ltr\" lang=\"pt\">Imagens do <a class=\"PrettyLink hashtag customisable\" dir=\"ltr\" href=\"https:\/\/twitter.com\/hashtag\/Tsunami13Agosto?src=hash\" rel=\"tag\" data-query-source=\"hashtag_click\" data-scribe=\"element:hashtag\"><span class=\"PrettyLink-prefix\">#<\/span><span class=\"PrettyLink-value\">Tsunami13Agosto<\/span><\/a> em S\u00e3o Carlos-SP.<\/p>\n<div class=\"Tweet-card\">\n<article class=\"MediaCard\n           \n           cards-multimedia\n           customisable-border\" dir=\"ltr\" data-scribe=\"component:card\"><\/p>\n<div class=\"MediaCard-media\">\n<div class=\"MediaCard-widthConstraint js-cspForcedStyle\" data-style=\"max-width: 2000px\">\n<div class=\"MediaCard-mediaContainer MediaCard--roundedTop MediaCard--roundedBottom js-cspForcedStyle\" data-style=\"padding-bottom: 56.6000%\">\n<div class=\"NaturalImage-ctaOverlay PlayButton PlayButton--centered\" data-scribe=\"element:play_button\">\u00a0<\/div>\n<p><a class=\"MediaCard-mediaAsset MediaCard-mediaPlaceholder NaturalImage NaturalImage--fill js-playableMediaInterstitial\" href=\"https:\/\/twitter.com\/uneoficial\/status\/1161308366184079361\"><img decoding=\"async\" class=\"NaturalImage-image\" src=\"https:\/\/pbs.twimg.com\/ext_tw_video_thumb\/1161308314820632577\/pu\/img\/qgRdZrBfW8EhOKMH?format=jpg&amp;name=small\" alt=\"V\u00eddeo incorporado\" data-image=\"https:\/\/pbs.twimg.com\/ext_tw_video_thumb\/1161308314820632577\/pu\/img\/qgRdZrBfW8EhOKMH\" data-scribe=\"element:poster_image\" \/><\/a><\/div>\n<\/div>\n<\/div>\n<\/article>\n<\/div>\n<div class=\"TweetInfo\">\n<div class=\"TweetInfo-like\">\n<div data-scribe=\"element:heart\">\u00a0<\/div>\n<p><a class=\"TweetInfo-heart\" title=\"Curtiu\" href=\"https:\/\/twitter.com\/intent\/like?tweet_id=1161308366184079361\" data-scribe=\"component:actions\"><span class=\"TweetInfo-heartStat\" data-scribe=\"element:heart_count\">205<\/span><\/a><\/div>\n<div class=\"TweetInfo-timeGeo\"><a class=\"u-linkBlend u-url customisable-highlight long-permalink\" href=\"https:\/\/twitter.com\/uneoficial\/status\/1161308366184079361\" data-datetime=\"2019-08-13T16:07:45+0000\" data-scribe=\"element:full_timestamp\"><time class=\"dt-updated\" title=\"Hor\u00e1rio da publica\u00e7\u00e3o: 13 de agosto de 2019 16:07:45 (UTC)\" datetime=\"2019-08-13T16:07:45+0000\">13:07 &#8211; 13 de ago de 2019<\/time><\/a><\/div>\n<div class=\"tweet-InformationCircle\" data-scribe=\"element:notice\"><a class=\"Icon Icon--informationCircleWhite js-inViewportScribingTarget\" title=\"Informa\u00e7\u00f5es e privacidade no Twitter Ads\" href=\"https:\/\/support.twitter.com\/articles\/20175256\"><span class=\"u-hiddenVisually\">Informa\u00e7\u00f5es e privacidade no Twitter Ads<\/span><\/a><\/div>\n<\/div>\n<\/div>\n<\/blockquote>\n<\/div>\n<div class=\"CallToAction-icon\" data-scribe=\"element:conversation_icon\">\u00a0<\/div>\n<div class=\"CallToAction-text\" data-scribe=\"element:conversation_text\">94 pessoas est\u00e3o falando sobre isso<\/div>\n<div class=\"CallToAction-chevron\" data-scribe=\"element:cta_chevron\">\u00a0<\/div>\n<\/div>\n<\/div>\n<div class=\"resize-sensor\">\u00a0<\/div>\n<\/div>\n<p>\u00a0<\/p>\n<div class=\"penci-post-gallery-container single-slider column-3\" data-height=\"150\" data-margin=\"3\">\n<div class=\"penci-owl-carousel penci-owl-carousel-slider penci-nav-visible owl-loaded owl-drag\" data-auto=\"true\" data-lazy=\"true\">\n<div class=\"owl-stage-outer owl-height\">\n<div class=\"owl-stage\">\n<div class=\"owl-item cloned\">\n<figure><a class=\"item-gallery-single-slider\" title=\"Protesto em defesa da educa\u00e7\u00e3o em Bel\u00e9m (PA)\" href=\"https:\/\/www.redebrasilatual.com.br\/wp-content\/uploads\/2019\/08\/tsunami-belem.jpg\" data-rel=\"penci-gallery-image-content\"><img decoding=\"async\" title=\"tsunami-belem\" src=\"https:\/\/www.redebrasilatual.com.br\/wp-content\/uploads\/2019\/08\/tsunami-belem-1170x735.jpg\" alt=\"Catarina Barbosa\/Brasil de Fato\" \/><\/a><\/p>\n<p class=\"penci-single-gallery-captions\">Protesto em defesa da educa\u00e7\u00e3o em Bel\u00e9m (PA)<\/p>\n<\/figure>\n<\/div>\n<div class=\"owl-item cloned\">\n<figure><a class=\"item-gallery-single-slider\" title=\"Protesto em defesa da educa\u00e7\u00e3o em  Cabo de Santo Agostinho (PE)\" href=\"https:\/\/www.redebrasilatual.com.br\/wp-content\/uploads\/2019\/08\/tsunami-santoagostinho.jpg\" data-rel=\"penci-gallery-image-content\"><img decoding=\"async\" title=\"tsunami-santoagostinho\" src=\"https:\/\/www.redebrasilatual.com.br\/wp-content\/uploads\/2019\/08\/tsunami-santoagostinho-1170x735.jpg\" alt=\"Cuca da Une\" \/><\/a><\/p>\n<p class=\"penci-single-gallery-captions\">Protesto em defesa da educa\u00e7\u00e3o em Cabo de Santo Agostinho (PE)<\/p>\n<\/figure>\n<\/div>\n<div class=\"owl-item cloned\">\n<figure><a class=\"item-gallery-single-slider\" title=\"Protesto em defesa da educa\u00e7\u00e3o em Macei\u00f3 (AL)\" href=\"https:\/\/www.redebrasilatual.com.br\/wp-content\/uploads\/2019\/08\/tsunami-maceio.jpg\" data-rel=\"penci-gallery-image-content\"><img decoding=\"async\" title=\"tsunami-maceio\" src=\"https:\/\/www.redebrasilatual.com.br\/wp-content\/uploads\/2019\/08\/tsunami-maceio-1170x735.jpg\" alt=\"Pedro Ferreira\/ CUCA da UNE\" \/><\/a><\/p>\n<p class=\"penci-single-gallery-captions\">Protesto em defesa da educa\u00e7\u00e3o em Macei\u00f3 (AL)<\/p>\n<\/figure>\n<\/div>\n<div class=\"owl-item cloned\">\n<figure><a class=\"item-gallery-single-slider\" title=\"Protesto em defesa da educa\u00e7\u00e3o em Sorocaba (SP)\" href=\"https:\/\/www.redebrasilatual.com.br\/wp-content\/uploads\/2019\/08\/tsunami-sorocaba2.jpg\" data-rel=\"penci-gallery-image-content\"><img decoding=\"async\" title=\"tsunami-sorocaba2\" src=\"https:\/\/www.redebrasilatual.com.br\/wp-content\/uploads\/2019\/08\/tsunami-sorocaba2-1170x735.jpg\" alt=\"Karina Bispo\/Levante Popular da Juventude\" \/><\/a><\/p>\n<p class=\"penci-single-gallery-captions\">Protesto em defesa da educa\u00e7\u00e3o em Sorocaba (SP)<\/p>\n<\/figure>\n<\/div>\n<div class=\"owl-item cloned\">\n<figure><a class=\"item-gallery-single-slider\" title=\"Protesto em defesa da educa\u00e7\u00e3o em Caruaru (PE)\" href=\"https:\/\/www.redebrasilatual.com.br\/wp-content\/uploads\/2019\/08\/tsunami-caruaru.jpg\" data-rel=\"penci-gallery-image-content\"><img decoding=\"async\" title=\"tsunami-caruaru\" src=\"https:\/\/www.redebrasilatual.com.br\/wp-content\/uploads\/2019\/08\/tsunami-caruaru-1170x735.jpg\" alt=\"Am\u00e9rico Rodrigo\/Blog Cenario\" \/><\/a><\/p>\n<p class=\"penci-single-gallery-captions\">Protesto em defesa da educa\u00e7\u00e3o em Caruaru (PE)<\/p>\n<\/figure>\n<\/div>\n<div class=\"owl-item\">\n<figure><a class=\"item-gallery-single-slider\" title=\"Protesto em defesa da educa\u00e7\u00e3o em Sorocaba (SP)\" href=\"https:\/\/www.redebrasilatual.com.br\/wp-content\/uploads\/2019\/08\/tsunami-sorocaba.jpg\" data-rel=\"penci-gallery-image-content\"><img decoding=\"async\" title=\"tsunami-sorocaba\" src=\"https:\/\/www.redebrasilatual.com.br\/wp-content\/uploads\/2019\/08\/tsunami-sorocaba-1170x735.jpg\" alt=\"CUT-SP\" \/><\/a><\/p>\n<p class=\"penci-single-gallery-captions\">Protesto em defesa da educa\u00e7\u00e3o em Sorocaba (SP)<\/p>\n<\/figure>\n<\/div>\n<div class=\"owl-item active\">\n<figure><a class=\"item-gallery-single-slider\" title=\"Protesto em defesa da educa\u00e7\u00e3o em S\u00e3o Carlos (SP)\" href=\"https:\/\/www.redebrasilatual.com.br\/wp-content\/uploads\/2019\/08\/tsunami-saocarlos.jpg\" data-rel=\"penci-gallery-image-content\"><img decoding=\"async\" title=\"tsunami-saocarlos\" src=\"https:\/\/www.redebrasilatual.com.br\/wp-content\/uploads\/2019\/08\/tsunami-saocarlos-1170x735.jpg\" alt=\"CUT-SP\" \/><\/a><\/p>\n<p class=\"penci-single-gallery-captions\">Protesto em defesa da educa\u00e7\u00e3o em S\u00e3o Carlos (SP)<\/p>\n<\/figure>\n<\/div>\n<div class=\"owl-item\">\n<figure><a class=\"item-gallery-single-slider\" title=\"Protesto em defesa da educa\u00e7\u00e3o em Campinas (SP)\" href=\"https:\/\/www.redebrasilatual.com.br\/wp-content\/uploads\/2019\/08\/tsunami-campinas.jpg\" data-rel=\"penci-gallery-image-content\"><img decoding=\"async\" title=\"tsunami-campinas\" src=\"https:\/\/www.redebrasilatual.com.br\/wp-content\/uploads\/2019\/08\/tsunami-campinas-1170x735.jpg\" alt=\"Roberto Claro\/Sinergia-CUT\" \/><\/a><\/p>\n<p class=\"penci-single-gallery-captions\">Protesto em defesa da educa\u00e7\u00e3o em Campinas (SP)<\/p>\n<\/figure>\n<\/div>\n<div class=\"owl-item\">\n<figure><a class=\"item-gallery-single-slider\" title=\"Protesto em defesa da educa\u00e7\u00e3o em Bel\u00e9m (PA)\" href=\"https:\/\/www.redebrasilatual.com.br\/wp-content\/uploads\/2019\/08\/tsunami-belem3.jpg\" data-rel=\"penci-gallery-image-content\"><img decoding=\"async\" title=\"tsunami-belem3\" src=\"https:\/\/www.redebrasilatual.com.br\/wp-content\/uploads\/2019\/08\/tsunami-belem3-1170x735.jpg\" alt=\"Catarina Barbosa\/Brasil de Fato\" \/><\/a><\/p>\n<p class=\"penci-single-gallery-captions\">Protesto em defesa da educa\u00e7\u00e3o em Bel\u00e9m (PA)<\/p>\n<\/figure>\n<\/div>\n<div class=\"owl-item\">\n<figure><a class=\"item-gallery-single-slider\" title=\"Protesto em defesa da educa\u00e7\u00e3o em Bel\u00e9m (PA)\" href=\"https:\/\/www.redebrasilatual.com.br\/wp-content\/uploads\/2019\/08\/tsunami-belem.jpg\" data-rel=\"penci-gallery-image-content\"><img decoding=\"async\" title=\"tsunami-belem\" src=\"https:\/\/www.redebrasilatual.com.br\/wp-content\/uploads\/2019\/08\/tsunami-belem-1170x735.jpg\" alt=\"Catarina Barbosa\/Brasil de Fato\" \/><\/a><\/p>\n<p class=\"penci-single-gallery-captions\">Protesto em defesa da educa\u00e7\u00e3o em Bel\u00e9m (PA)<\/p>\n<\/figure>\n<\/div>\n<div class=\"owl-item\">\n<figure><a class=\"item-gallery-single-slider\" title=\"Protesto em defesa da educa\u00e7\u00e3o em  Cabo de Santo Agostinho (PE)\" href=\"https:\/\/www.redebrasilatual.com.br\/wp-content\/uploads\/2019\/08\/tsunami-santoagostinho.jpg\" data-rel=\"penci-gallery-image-content\"><img decoding=\"async\" title=\"tsunami-santoagostinho\" src=\"https:\/\/www.redebrasilatual.com.br\/wp-content\/uploads\/2019\/08\/tsunami-santoagostinho-1170x735.jpg\" alt=\"Cuca da Une\" \/><\/a><\/p>\n<p class=\"penci-single-gallery-captions\">Protesto em defesa da educa\u00e7\u00e3o em Cabo de Santo Agostinho (PE)<\/p>\n<\/figure>\n<\/div>\n<div class=\"owl-item\">\n<figure><a class=\"item-gallery-single-slider\" title=\"Protesto em defesa da educa\u00e7\u00e3o em Macei\u00f3 (AL)\" href=\"https:\/\/www.redebrasilatual.com.br\/wp-content\/uploads\/2019\/08\/tsunami-maceio.jpg\" data-rel=\"penci-gallery-image-content\"><img decoding=\"async\" title=\"tsunami-maceio\" src=\"https:\/\/www.redebrasilatual.com.br\/wp-content\/uploads\/2019\/08\/tsunami-maceio-1170x735.jpg\" alt=\"Pedro Ferreira\/ CUCA da UNE\" \/><\/a><\/p>\n<p class=\"penci-single-gallery-captions\">Protesto em defesa da educa\u00e7\u00e3o em Macei\u00f3 (AL)<\/p>\n<\/figure>\n<\/div>\n<div class=\"owl-item\">\n<figure><a class=\"item-gallery-single-slider\" title=\"Protesto em defesa da educa\u00e7\u00e3o em Sorocaba (SP)\" href=\"https:\/\/www.redebrasilatual.com.br\/wp-content\/uploads\/2019\/08\/tsunami-sorocaba2.jpg\" data-rel=\"penci-gallery-image-content\"><img decoding=\"async\" title=\"tsunami-sorocaba2\" src=\"https:\/\/www.redebrasilatual.com.br\/wp-content\/uploads\/2019\/08\/tsunami-sorocaba2-1170x735.jpg\" alt=\"Karina Bispo\/Levante Popular da Juventude\" \/><\/a><\/p>\n<p class=\"penci-single-gallery-captions\">Protesto em defesa da educa\u00e7\u00e3o em Sorocaba (SP)<\/p>\n<\/figure>\n<\/div>\n<div class=\"owl-item\">\n<figure><a class=\"item-gallery-single-slider\" title=\"Protesto em defesa da educa\u00e7\u00e3o em Caruaru (PE)\" href=\"https:\/\/www.redebrasilatual.com.br\/wp-content\/uploads\/2019\/08\/tsunami-caruaru.jpg\" data-rel=\"penci-gallery-image-content\"><img decoding=\"async\" title=\"tsunami-caruaru\" src=\"https:\/\/www.redebrasilatual.com.br\/wp-content\/uploads\/2019\/08\/tsunami-caruaru-1170x735.jpg\" alt=\"Am\u00e9rico Rodrigo\/Blog Cenario\" \/><\/a><\/p>\n<p class=\"penci-single-gallery-captions\">Protesto em defesa da educa\u00e7\u00e3o em Caruaru (PE)<\/p>\n<\/figure>\n<\/div>\n<div class=\"owl-item cloned\">\n<figure><a class=\"item-gallery-single-slider\" title=\"Protesto em defesa da educa\u00e7\u00e3o em Sorocaba (SP)\" href=\"https:\/\/www.redebrasilatual.com.br\/wp-content\/uploads\/2019\/08\/tsunami-sorocaba.jpg\" data-rel=\"penci-gallery-image-content\"><img decoding=\"async\" title=\"tsunami-sorocaba\" src=\"https:\/\/www.redebrasilatual.com.br\/wp-content\/uploads\/2019\/08\/tsunami-sorocaba-1170x735.jpg\" alt=\"CUT-SP\" \/><\/a><\/p>\n<p class=\"penci-single-gallery-captions\">Protesto em defesa da educa\u00e7\u00e3o em Sorocaba (SP)<\/p>\n<\/figure>\n<\/div>\n<div class=\"owl-item cloned\">\n<figure><a class=\"item-gallery-single-slider\" title=\"Protesto em defesa da educa\u00e7\u00e3o em S\u00e3o Carlos (SP)\" href=\"https:\/\/www.redebrasilatual.com.br\/wp-content\/uploads\/2019\/08\/tsunami-saocarlos.jpg\" data-rel=\"penci-gallery-image-content\"><img decoding=\"async\" title=\"tsunami-saocarlos\" src=\"https:\/\/www.redebrasilatual.com.br\/wp-content\/uploads\/2019\/08\/tsunami-saocarlos-1170x735.jpg\" alt=\"CUT-SP\" \/><\/a><\/p>\n<p class=\"penci-single-gallery-captions\">Protesto em defesa da educa\u00e7\u00e3o em S\u00e3o Carlos (SP)<\/p>\n<\/figure>\n<\/div>\n<div class=\"owl-item cloned\">\n<figure><a class=\"item-gallery-single-slider\" title=\"Protesto em defesa da educa\u00e7\u00e3o em Campinas (SP)\" href=\"https:\/\/www.redebrasilatual.com.br\/wp-content\/uploads\/2019\/08\/tsunami-campinas.jpg\" data-rel=\"penci-gallery-image-content\"><img decoding=\"async\" title=\"tsunami-campinas\" src=\"https:\/\/www.redebrasilatual.com.br\/wp-content\/uploads\/2019\/08\/tsunami-campinas-1170x735.jpg\" alt=\"Roberto Claro\/Sinergia-CUT\" \/><\/a><\/p>\n<p class=\"penci-single-gallery-captions\">Protesto em defesa da educa\u00e7\u00e3o em Campinas (SP)<\/p>\n<\/figure>\n<\/div>\n<div class=\"owl-item cloned\">\n<figure><a class=\"item-gallery-single-slider\" title=\"Protesto em defesa da educa\u00e7\u00e3o em Bel\u00e9m (PA)\" href=\"https:\/\/www.redebrasilatual.com.br\/wp-content\/uploads\/2019\/08\/tsunami-belem3.jpg\" data-rel=\"penci-gallery-image-content\"><img decoding=\"async\" title=\"tsunami-belem3\" src=\"https:\/\/www.redebrasilatual.com.br\/wp-content\/uploads\/2019\/08\/tsunami-belem3-1170x735.jpg\" alt=\"Catarina Barbosa\/Brasil de Fato\" \/><\/a><\/p>\n<p class=\"penci-single-gallery-captions\">Protesto em defesa da educa\u00e7\u00e3o em Bel\u00e9m (PA)<\/p>\n<\/figure>\n<\/div>\n<div class=\"owl-item cloned\">\n<figure><a class=\"item-gallery-single-slider\" title=\"Protesto em defesa da educa\u00e7\u00e3o em Bel\u00e9m (PA)\" href=\"https:\/\/www.redebrasilatual.com.br\/wp-content\/uploads\/2019\/08\/tsunami-belem.jpg\" data-rel=\"penci-gallery-image-content\"><img decoding=\"async\" title=\"tsunami-belem\" src=\"https:\/\/www.redebrasilatual.com.br\/wp-content\/uploads\/2019\/08\/tsunami-belem-1170x735.jpg\" alt=\"Catarina Barbosa\/Brasil de Fato\" \/><\/a><\/p>\n<p class=\"penci-single-gallery-captions\">Protesto em defesa da educa\u00e7\u00e3o em Bel\u00e9m (PA)<\/p>\n<\/figure>\n<\/div>\n<\/div>\n<\/div>\n<div class=\"owl-nav\">\u00a0<\/div>\n<\/div>\n<\/div>\n<div class=\"penci-single-link-pages\">\u00a0<\/div>\n<div class=\"post-tags\">\u00a0<\/div>\n<div class=\"style-tag\"><strong><span class=\"tags_registrado_em\">Fonte: Rede Brasil Atual<\/span><\/strong><\/div>\n","protected":false},"excerpt":{"rendered":"<p>A terceira onda de manifesta\u00e7\u00f5es em defesa da educa\u00e7\u00e3o p\u00fablica come\u00e7ou pelas cidades do Norte e Nordeste do pa\u00eds na manh\u00e3 desta ter\u00e7a-feira (13). Protestos nas capitais do Par\u00e1, Cear\u00e1 e Bahia reuniram estudantes, professores e trabalhadores de diversas categorias. Al\u00e9m do\u00a0corte de verbas\u00a0em universidades e institutos federais determinado pelo governo Bolsonaro, eles tamb\u00e9m se [&hellip;]<\/p>\n","protected":false},"author":2,"featured_media":7335,"comment_status":"","ping_status":"","sticky":false,"template":"","format":"standard","meta":{"footnotes":""},"categories":[3],"tags":[],"class_list":["post-7336","post","type-post","status-publish","format-standard","has-post-thumbnail","hentry","category-noticias"],"_links":{"self":[{"href":"https:\/\/hostnetart.com.br\/baixada\/wp-json\/wp\/v2\/posts\/7336","targetHints":{"allow":["GET"]}}],"collection":[{"href":"https:\/\/hostnetart.com.br\/baixada\/wp-json\/wp\/v2\/posts"}],"about":[{"href":"https:\/\/hostnetart.com.br\/baixada\/wp-json\/wp\/v2\/types\/post"}],"author":[{"embeddable":true,"href":"https:\/\/hostnetart.com.br\/baixada\/wp-json\/wp\/v2\/users\/2"}],"replies":[{"embeddable":true,"href":"https:\/\/hostnetart.com.br\/baixada\/wp-json\/wp\/v2\/comments?post=7336"}],"version-history":[{"count":0,"href":"https:\/\/hostnetart.com.br\/baixada\/wp-json\/wp\/v2\/posts\/7336\/revisions"}],"wp:featuredmedia":[{"embeddable":true,"href":"https:\/\/hostnetart.com.br\/baixada\/wp-json\/wp\/v2\/media\/7335"}],"wp:attachment":[{"href":"https:\/\/hostnetart.com.br\/baixada\/wp-json\/wp\/v2\/media?parent=7336"}],"wp:term":[{"taxonomy":"category","embeddable":true,"href":"https:\/\/hostnetart.com.br\/baixada\/wp-json\/wp\/v2\/categories?post=7336"},{"taxonomy":"post_tag","embeddable":true,"href":"https:\/\/hostnetart.com.br\/baixada\/wp-json\/wp\/v2\/tags?post=7336"}],"curies":[{"name":"wp","href":"https:\/\/api.w.org\/{rel}","templated":true}]}}