{"id":7334,"date":"2019-08-13T15:57:28","date_gmt":"2019-08-13T18:57:28","guid":{"rendered":"https:\/\/hostnetart.com.br\/baixada\/bancarios-se-unem-em-defesa-do-saude-caixa\/"},"modified":"2019-08-13T15:57:28","modified_gmt":"2019-08-13T18:57:28","slug":"bancarios-se-unem-em-defesa-do-saude-caixa","status":"publish","type":"post","link":"https:\/\/hostnetart.com.br\/baixada\/bancarios-se-unem-em-defesa-do-saude-caixa\/","title":{"rendered":"Banc\u00e1rios se unem em defesa do Sa\u00fade Caixa"},"content":{"rendered":"<p>Sindicatos dos banc\u00e1rios de todo o pa\u00eds realizam, nesta quarta-feira (14), atos em defesa do Sa\u00fade Caixa para Todos e pela contrata\u00e7\u00e3o de mais empregados. A data foi definida no\u00a0<a href=\"https:\/\/contrafcut.com.br\/noticias\/unidade-e-resistencia-pautam-estrategias-dos-empregados-da-caixa\/\" target=\"_blank\" rel=\"noopener noreferrer\">35\u00ba Congresso Nacional dos Empregados da Caixa<\/a>, realizado nos dias 1 e 2 de agosto, em S\u00e3o Paulo.<\/p>\n<p>O objetivo \u00e9 refor\u00e7ar a mobiliza\u00e7\u00e3o contra a\u00a0<a href=\"http:\/\/www.planejamento.gov.br\/assuntos\/empresas-estatais\/legislacao\/resolucao-no-23-de-18-de-janeiro-de-2018-diario-oficial-da-uniao-imprensa-nacional.pdf\" target=\"_blank\" rel=\"noopener noreferrer\">resolu\u00e7\u00e3o 23<\/a>\u00a0da Comiss\u00e3o Interministerial de Governan\u00e7a Corporativa e de Administra\u00e7\u00e3o de Participa\u00e7\u00f5es Societ\u00e1rias da Uni\u00e3o (CGPAR), que estabelece um teto para o custeio pelas empresas estatais federais sobre benef\u00edcios de assist\u00eancia \u00e0 sa\u00fade dos empregados.<\/p>\n<p>\u201cO Sa\u00fade Caixa \u00e9 fruto da luta dos empregados da Caixa e essa atual dire\u00e7\u00e3o da Caixa vem cometendo uma atrocidade, uma desumanidade, ao empregar os trabalhadores PCDs (Pessoas com Defici\u00eancia)\u201d, criticou o coordenador da Comiss\u00e3o Executiva dos Empregados da Caixa Econ\u00f4mica Federal (CEE\/Caixa), Dion\u00edsio Reis.<\/p>\n<p><a href=\"https:\/\/contrafcut.com.br\/noticias\/trt-determina-que-caixa-cumpra-imediatamente-cota-legal-dos-pcds\/\" target=\"_blank\" rel=\"noopener noreferrer\">Por ordem da Justi\u00e7a<\/a>, a Caixa vai ter que contratar PCDs para cumprir a cota m\u00ednima de 5% de funcion\u00e1rios com defici\u00eancia, mas se recusa a inclu\u00ed-los no Sa\u00fade Caixa, o plano de sa\u00fade dos empregados. O banco alega que a CGPAR 23 o pro\u00edbe de incluir novos contratados no Sa\u00fade Caixa.<\/p>\n<p>\u201cA contrata\u00e7\u00e3o desses trabalhadores \u00e9 uma conquista dos empregados da Caixa. Agora, estamos lutando para que o banco cumpra o Acordo Coletivo e forne\u00e7a plano de sa\u00fade para esses trabalhadores e que o plano de sa\u00fade seja o Sa\u00fade Caixa para todos os empregados da ativa, os aposentados e para os novos trabalhadores\u201d<\/p>\n<h3><strong>Panfleto para os atos<\/strong><\/h3>\n<p>Os sindicatos v\u00e3o dialogar com os empregados da Caixa em todo o Brasil. \u201cEst\u00e3o sendo contratados mais de 2.000 PCDs em todo o pa\u00eds, segundo as informa\u00e7\u00f5es que nos foram passadas pela imprensa. Estamos nos comunicando com as GIPES, nas gest\u00f5es de pessoas, com esses trabalhadores e discutindo com eles a import\u00e2ncia de defender os nossos direitos\u201d, explicou o coordenador da CEE\/Caixa.<\/p>\n<p>Um\u00a0<a href=\"https:\/\/contrafcut.com.br\/publicacoes\/panfleto-saude-caixa-para-todos\/\" target=\"_blank\" rel=\"noopener noreferrer\">material espec\u00edfico<\/a>\u00a0para os atos desta quarta-feira foi enviado por e-mail e est\u00e1 dispon\u00edvel na \u00e1rea restrita do site da Confedera\u00e7\u00e3o Nacional dos Trabalhadores do Ramo Financeiro (Contraf-CUT) para todos os sindicatos e federa\u00e7\u00f5es filiados.<\/p>\n<p>Dion\u00edsio tamb\u00e9m disse que o Sa\u00fade Caixa \u00e9 uma das principais pautas da reuni\u00e3o da mesa de negocia\u00e7\u00f5es com o banco, que acontecer\u00e1 no dia 27 de agosto. \u201cA gente vai fazer de tudo que for poss\u00edvel para que esses trabalhadores n\u00e3o fiquem sem plano de sa\u00fade\u201d, concluiu.<\/p>\n<p><strong>Fonte:\u00a0Contraf-CUT\/ Paulo Flores<\/strong><\/p>\n","protected":false},"excerpt":{"rendered":"<p>Sindicatos dos banc\u00e1rios de todo o pa\u00eds realizam, nesta quarta-feira (14), atos em defesa do Sa\u00fade Caixa para Todos e pela contrata\u00e7\u00e3o de mais empregados. A data foi definida no\u00a035\u00ba Congresso Nacional dos Empregados da Caixa, realizado nos dias 1 e 2 de agosto, em S\u00e3o Paulo. O objetivo \u00e9 refor\u00e7ar a mobiliza\u00e7\u00e3o contra a\u00a0resolu\u00e7\u00e3o [&hellip;]<\/p>\n","protected":false},"author":2,"featured_media":7333,"comment_status":"","ping_status":"","sticky":false,"template":"","format":"standard","meta":{"footnotes":""},"categories":[3],"tags":[],"class_list":["post-7334","post","type-post","status-publish","format-standard","has-post-thumbnail","hentry","category-noticias"],"_links":{"self":[{"href":"https:\/\/hostnetart.com.br\/baixada\/wp-json\/wp\/v2\/posts\/7334","targetHints":{"allow":["GET"]}}],"collection":[{"href":"https:\/\/hostnetart.com.br\/baixada\/wp-json\/wp\/v2\/posts"}],"about":[{"href":"https:\/\/hostnetart.com.br\/baixada\/wp-json\/wp\/v2\/types\/post"}],"author":[{"embeddable":true,"href":"https:\/\/hostnetart.com.br\/baixada\/wp-json\/wp\/v2\/users\/2"}],"replies":[{"embeddable":true,"href":"https:\/\/hostnetart.com.br\/baixada\/wp-json\/wp\/v2\/comments?post=7334"}],"version-history":[{"count":0,"href":"https:\/\/hostnetart.com.br\/baixada\/wp-json\/wp\/v2\/posts\/7334\/revisions"}],"wp:featuredmedia":[{"embeddable":true,"href":"https:\/\/hostnetart.com.br\/baixada\/wp-json\/wp\/v2\/media\/7333"}],"wp:attachment":[{"href":"https:\/\/hostnetart.com.br\/baixada\/wp-json\/wp\/v2\/media?parent=7334"}],"wp:term":[{"taxonomy":"category","embeddable":true,"href":"https:\/\/hostnetart.com.br\/baixada\/wp-json\/wp\/v2\/categories?post=7334"},{"taxonomy":"post_tag","embeddable":true,"href":"https:\/\/hostnetart.com.br\/baixada\/wp-json\/wp\/v2\/tags?post=7334"}],"curies":[{"name":"wp","href":"https:\/\/api.w.org\/{rel}","templated":true}]}}