{"id":7330,"date":"2019-08-13T13:30:09","date_gmt":"2019-08-13T16:30:09","guid":{"rendered":"https:\/\/hostnetart.com.br\/baixada\/bancarios-se-somam-as-manifestacoes-desta-terca-feira-13\/"},"modified":"2019-08-13T13:30:09","modified_gmt":"2019-08-13T16:30:09","slug":"bancarios-se-somam-as-manifestacoes-desta-terca-feira-13","status":"publish","type":"post","link":"https:\/\/hostnetart.com.br\/baixada\/bancarios-se-somam-as-manifestacoes-desta-terca-feira-13\/","title":{"rendered":"Banc\u00e1rios se somam \u00e0s manifesta\u00e7\u00f5es desta ter\u00e7a-feira (13)"},"content":{"rendered":"<p>Banc\u00e1rios se juntam a estudantes, professores e trabalhadores de v\u00e1rias categorias, nesta ter\u00e7a-feira (13), nas atividades do Dia Nacional de Mobiliza\u00e7\u00f5es contra a\u00a0<a href=\"https:\/\/contrafcut.com.br\/noticias\/camara-aprova-reforma-da-previdencia-em-segundo-turno\/\">Reforma da Previd\u00eancia<\/a>\u00a0e em defesa da educa\u00e7\u00e3o. Est\u00e3o programados atos em v\u00e1rios estados do Brasil.<\/p>\n<p>Para a presidenta da Confedera\u00e7\u00e3o Nacional dos Trabalhadores do Ramo Financeiro (Contraf-CUT), Juvandia Moreira, os cortes nos investimentos para a educa\u00e7\u00e3o e a proposta de altera\u00e7\u00f5es da Previd\u00eancia s\u00f3 visam retirar direitos dos trabalhadores, assim como foi feito com a reforma trabalhista. \u201cAo contr\u00e1rio do que o governo diz, a reforma da Previd\u00eancia vai continuar beneficiando os mais ricos e os empres\u00e1rios. Enquanto, os pobres, que mais necessitam, ter\u00e3o que trabalhar muito mais para conseguir se aposentar\u201d, afirmou a dirigente, que convocou todos os trabalhadores para irem \u00e0s ruas nesta ter\u00e7a. \u201cPrecisamos pressionar os senadores para que votem contra esse desmonte e defendam os direitos dos trabalhadores\u201d, completou Juvandia.<\/p>\n<p>\u201cO ato desta ter\u00e7a-feira \u00e9 apenas o come\u00e7o. Temos que denunciar os deputados que aprovaram a reforma. Sabemos onde cada um deles tem mais votos. Temos que mostrar em cada uma das cidades quem votou contra os trabalhadores\u201d, disse. \u201cAo fazer a den\u00fancia dos deputados, mostramos tamb\u00e9m aos senadores que, se votarem contra os trabalhadores, sofrer\u00e3o as mesmas consequ\u00eancias\u201d, concluiu a presidenta da Contraf-CUT.<\/p>\n<p>Dentre as mudan\u00e7as propostas para a Previd\u00eancia, est\u00e1 a institui\u00e7\u00e3o da obrigatoriedade de idade m\u00ednima para aposentadoria, que passa a ser de 65 anos para os homens e 62 para mulheres. Al\u00e9m disso, para receber 100% do benef\u00edcio, o trabalhador dever\u00e1 contribuir por 40 anos. O tempo m\u00ednimo de contribui\u00e7\u00e3o ser\u00e1 de 15 anos para mulheres e de 20 anos para homens. Neste caso, receber\u00e3o apenas 60% do benef\u00edcio.<\/p>\n<p>O c\u00e1lculo do benef\u00edcio tamb\u00e9m muda, reduzindo os valores que ser\u00e3o pagos aos trabalhadores. Atualmente, os valores s\u00e3o calculados levando em conta 80% dos maiores sal\u00e1rios de contribui\u00e7\u00e3o. Apenas os maiores valores s\u00e3o utilizados no c\u00e1lculo. Com a reforma da Previd\u00eancia, os valores passam a ser calculados pelo total das contribui\u00e7\u00f5es, mesmo as de menor valor. Isso derruba o valor m\u00e9dio das contribui\u00e7\u00f5es e leva \u00e0 redu\u00e7\u00e3o do benef\u00edcio a ser pago aos trabalhadores.<\/p>\n<h3>Na Press\u00e3o<\/h3>\n<p>Ainda h\u00e1 tempo para lutar contra a aprova\u00e7\u00e3o da reforma da Previd\u00eancia. Al\u00e9m de se mobilizarem nas ruas de todo o pa\u00eds, os trabalhadores podem enviar mensagens e pressionar os senadores a votarem contra a proposta que, se aprovada, tornar\u00e1 quase imposs\u00edvel o sonho da aposentadoria.<\/p>\n<p>O site \u201cNa Press\u00e3o\u201d \u00e9 uma ferramenta criada pela Secretaria de Comunica\u00e7\u00e3o da Central \u00danica dos Trabalhadores (CUT) para o envio de e-mails ou mensagens pelas redes sociais ou telefone para parlamentares, ju\u00edzes, ministros e qualquer outra autoridade que represente o povo brasileiro.<\/p>\n<p>O \u201cNa Press\u00e3o\u201d est\u00e1 dispon\u00edvel para todos os sindicatos, entidades e movimentos sociais parceiros, podendo ser usado em campanhas espec\u00edficas dirigidas a inst\u00e2ncias regionais ou locais dos poderes Executivo, Legislativo e Judici\u00e1rio.<\/p>\n<p><strong>Fonte: Contraf-CUT<\/strong><\/p>\n","protected":false},"excerpt":{"rendered":"<p>Banc\u00e1rios se juntam a estudantes, professores e trabalhadores de v\u00e1rias categorias, nesta ter\u00e7a-feira (13), nas atividades do Dia Nacional de Mobiliza\u00e7\u00f5es contra a\u00a0Reforma da Previd\u00eancia\u00a0e em defesa da educa\u00e7\u00e3o. Est\u00e3o programados atos em v\u00e1rios estados do Brasil. Para a presidenta da Confedera\u00e7\u00e3o Nacional dos Trabalhadores do Ramo Financeiro (Contraf-CUT), Juvandia Moreira, os cortes nos investimentos [&hellip;]<\/p>\n","protected":false},"author":2,"featured_media":7329,"comment_status":"","ping_status":"","sticky":false,"template":"","format":"standard","meta":{"footnotes":""},"categories":[3],"tags":[],"class_list":["post-7330","post","type-post","status-publish","format-standard","has-post-thumbnail","hentry","category-noticias"],"_links":{"self":[{"href":"https:\/\/hostnetart.com.br\/baixada\/wp-json\/wp\/v2\/posts\/7330","targetHints":{"allow":["GET"]}}],"collection":[{"href":"https:\/\/hostnetart.com.br\/baixada\/wp-json\/wp\/v2\/posts"}],"about":[{"href":"https:\/\/hostnetart.com.br\/baixada\/wp-json\/wp\/v2\/types\/post"}],"author":[{"embeddable":true,"href":"https:\/\/hostnetart.com.br\/baixada\/wp-json\/wp\/v2\/users\/2"}],"replies":[{"embeddable":true,"href":"https:\/\/hostnetart.com.br\/baixada\/wp-json\/wp\/v2\/comments?post=7330"}],"version-history":[{"count":0,"href":"https:\/\/hostnetart.com.br\/baixada\/wp-json\/wp\/v2\/posts\/7330\/revisions"}],"wp:featuredmedia":[{"embeddable":true,"href":"https:\/\/hostnetart.com.br\/baixada\/wp-json\/wp\/v2\/media\/7329"}],"wp:attachment":[{"href":"https:\/\/hostnetart.com.br\/baixada\/wp-json\/wp\/v2\/media?parent=7330"}],"wp:term":[{"taxonomy":"category","embeddable":true,"href":"https:\/\/hostnetart.com.br\/baixada\/wp-json\/wp\/v2\/categories?post=7330"},{"taxonomy":"post_tag","embeddable":true,"href":"https:\/\/hostnetart.com.br\/baixada\/wp-json\/wp\/v2\/tags?post=7330"}],"curies":[{"name":"wp","href":"https:\/\/api.w.org\/{rel}","templated":true}]}}