{"id":7328,"date":"2019-08-12T21:16:47","date_gmt":"2019-08-13T00:16:47","guid":{"rendered":"https:\/\/hostnetart.com.br\/baixada\/estudantes-preparam-novo-tsunami-da-educacao-neste-13-de-agosto\/"},"modified":"2019-08-12T21:16:47","modified_gmt":"2019-08-13T00:16:47","slug":"estudantes-preparam-novo-tsunami-da-educacao-neste-13-de-agosto","status":"publish","type":"post","link":"https:\/\/hostnetart.com.br\/baixada\/estudantes-preparam-novo-tsunami-da-educacao-neste-13-de-agosto\/","title":{"rendered":"Estudantes preparam novo \u2018tsunami\u2019 da educa\u00e7\u00e3o neste 13 de agosto"},"content":{"rendered":"<p>Estudantes secundaristas, do ensino universit\u00e1rio e da p\u00f3s-gradua\u00e7\u00e3o realizam protestos, atos e passeatas, por todo o pa\u00eds, nesta ter\u00e7a-feira (13), contra os cortes do governo Bolsonaro na educa\u00e7\u00e3o. O objetivo \u00e9 retomar, com apoio de movimentos sociais, as <a href=\"https:\/\/www.redebrasilatual.com.br\/educacao\/2019\/05\/30m-traz-segundo-tsunami-pela-educacao-em-duas-semanas\/\" target=\"_blank\" rel=\"noopener noreferrer\">manifesta\u00e7\u00f5es de maio<\/a>, que ficaram conhecidas como \u201ctsunami\u201d. Desde o in\u00edcio do ano, universidades e institutos federais perderam\u00a0R$ 5,84 bilh\u00f5es\u00a0em verbas, amea\u00e7ando o funcionamento de alguns campi universit\u00e1rios, que podem ter que suspender suas atividades, a partir de outubro. <a href=\"https:\/\/www.redebrasilatual.com.br\/educacao\/2019\/07\/educacao-e-a-area-mais-afetada-pelos-cortes-de-orcamento-por-bolsonaro\/\" target=\"_blank\" rel=\"noopener noreferrer\">A falta de recursos<\/a> n\u00e3o atinge apenas o ensino superior, mas atinge tamb\u00e9m a educa\u00e7\u00e3o b\u00e1sica.<\/p>\n<p>As restri\u00e7\u00f5es or\u00e7ament\u00e1rias tamb\u00e9m devem atingir as pesquisas, que tamb\u00e9m podem ser paralisadas a partir do m\u00eas, n\u00e3o apenas por conta do corte de 2.700 bolsas, anunciado pelo\u00a0Coordena\u00e7\u00e3o de Aperfei\u00e7oamento de Pessoal do N\u00edvel Superior (Capes), mas tamb\u00e9m pela falta de recursos para manter os laborat\u00f3rios funcionando.<\/p>\n<p style=\"padding-left: 30px;\"><strong><em>Leia tamb\u00e9m<\/em><\/strong><br \/> \u2022 <span style=\"color: #666699;\"><a style=\"color: #666699;\" href=\"https:\/\/www.redebrasilatual.com.br\/destaques\/2019\/08\/marcha-margaridas-soberania-democracia\/\" target=\"_blank\" rel=\"noopener noreferrer\"><strong>Marcha das Margaridas ocupa Bras\u00edlia neste 13 e 14 de agosto<\/strong><\/a><\/span><br \/> \u2022 <span style=\"color: #666699;\"><a style=\"color: #666699;\" href=\"https:\/\/www.redebrasilatual.com.br\/sem-categoria\/2019\/08\/carina-vitral-estudantes-esperanca\/\" target=\"_blank\" rel=\"noopener noreferrer\"><strong>Carina Vitral: garra da juventude e dos estudantes traz esperan\u00e7a<\/strong><\/a><\/span><\/p>\n<p>Os estudantes tamb\u00e9m saem \u00e0s ruas contra a projeto Future-se, apresentado pelo Minist\u00e9rio da Educa\u00e7\u00e3o (MEC), que prev\u00ea a amplia\u00e7\u00e3o do financiamento privado no ensino superior, o que deve levar a um sucateamento ainda maior das universidades. Neste domingo (11), para lembrar o Dia Nacional do Estudante, al\u00e9m dos 81 anos de funda\u00e7\u00e3o da Uni\u00e3o Nacional dos Estudantes (<a href=\"https:\/\/une.org.br\" target=\"_blank\" rel=\"noopener noreferrer\">UNE<\/a>), eles realizaram uma aula p\u00fablica, na Avenida Paulista, regi\u00e3o central de S\u00e3o Paulo, para alertar a popula\u00e7\u00e3o sobre a \u201csitua\u00e7\u00e3o dram\u00e1tica\u201d da educa\u00e7\u00e3o.<\/p>\n<p>\u201cParcerias com a iniciativa privada j\u00e1 existem em todas as universidades, e n\u00e3o pode suplantar o principal papel dessas institui\u00e7\u00f5es, que \u00e9 produzir conhecimento para solucionar os problemas sociais do nosso pa\u00eds\u201d, afirmou o presidente da UNE, Iago Montalv\u00e3o, em alus\u00e3o ao Future-se. \u201cA universidade p\u00fablica n\u00e3o vai conseguir sobreviver, se n\u00e3o houver investimentos p\u00fablicos.\u201d Na semana passada, o governo Bolsonaro <a href=\"https:\/\/www.redebrasilatual.com.br\/destaques\/2019\/08\/moro-weintraub-protestos-estudantes\/\" target=\"_blank\" rel=\"noopener noreferrer\">retirou mais R$1 bilh\u00e3o da educa\u00e7\u00e3o<\/a> para comprar votos de parlamentares pela aprova\u00e7\u00e3o da \u201creforma\u201d da Previd\u00eancia \u2013 tema que tamb\u00e9m pauta as manifesta\u00e7\u00f5es do chamado #13A.<\/p>\n<p>Segundo o presidente da UNE, o corte de 30% nos recursos de custeio das universidades, decretado em maio pelo MEC, atingiu verbas que seriam utilizadas para pagar servi\u00e7os b\u00e1sicos, como \u00e1gua, luz, limpeza, al\u00e9m de materiais de laborat\u00f3rio. \u201cO que os reitores est\u00e3o dizendo \u00e9 que, at\u00e9 o pr\u00f3ximo m\u00eas, muitas universidades podem parar de funcionar porque n\u00e3o t\u00eam recursos para pagar esses servi\u00e7os b\u00e1sicos.\u201d<\/p>\n<h3>Reuni\u00e3o e repress\u00e3o<\/h3>\n<p>Na \u00faltima quarta-feira (6), representantes da UNE se reuniram com o ministro da Educa\u00e7\u00e3o, Abraham Weintraub, para pressionar pela libera\u00e7\u00e3o de recursos para as universidades e institutos federais. Segundo, Montalv\u00e3o, o ministro n\u00e3o apresentou qualquer solu\u00e7\u00e3o para aquilo que o governo vem chamando de \u201ccontingenciamento\u201d.<\/p>\n<p>Em vez de aprofundar o di\u00e1logo, Weintraub preferiu requerer ao ministro da Justi\u00e7a, Sergio Moro, a utiliza\u00e7\u00e3o da Guarda Nacional para coibir os protestos dos estudantes. Prevista para agir, inicialmente, na Esplanada dos Minist\u00e9rios, os soldados da guarda poder\u00e3o atuar tamb\u00e9m em campi das universidades federais em qualquer cidade do pais.<\/p>\n<p>Para o presidente da UNE, a iniciativa \u00e9 uma tentativa do governo para amedrontar as pessoas e desestimul\u00e1-las a participar das manifesta\u00e7\u00f5es, mas poder\u00e1 ter <a href=\"https:\/\/www.redebrasilatual.com.br\/educacao\/2019\/08\/atacar-universidades-e-atacar-toda-a-sociedade-diz-iago-montalvao-novo-presidente-da-une\/\" target=\"_blank\" rel=\"noopener noreferrer\">efeito contr\u00e1rio<\/a>. \u201cQuando fazem isso, deixam as pessoas ainda mais indignadas com os ataques \u00e0 democracia, e vai fazer com que mais gente participe. Mas n\u00f3s vamos procurar tamb\u00e9m a\u00e7\u00f5es jur\u00eddicas, ver se h\u00e1 possibilidade de contestar esse tipo de medida.\u201d<\/p>\n<h3>Programa\u00e7\u00e3o<\/h3>\n<p>Segundo Iago Montalv\u00e3o, as manifesta\u00e7\u00f5es do \u201ctsunami pela educa\u00e7\u00e3o\u201d devem ocorrer em pelos menos 80 munic\u00edpios do pa\u00eds, incluindo capitais e grandes cidades. Na capital paulista, os estudantes se re\u00fanem a partir das 15h, em frente ao Masp.\u00a0 Ser\u00e1 a terceira vez que eles ocupar\u00e3o \u00e0s ruas do pa\u00eds contra os cortes do governo Bolsonaro. Em <a href=\"https:\/\/www.redebrasilatual.com.br\/educacao\/2019\/05\/mais-de-um-milhao-de-pessoas-participam-de-mobilizacoes-em-defesa-da-educacao\/\" target=\"_blank\" rel=\"noopener noreferrer\">15 de maio<\/a>, o primeiro \u201ctsunami\u201d pela educa\u00e7\u00e3o reuniu mais de 1 milh\u00e3o de pessoas. Duas semanas depois, em <a href=\"https:\/\/www.redebrasilatual.com.br\/educacao\/2019\/05\/30m-traz-segundo-tsunami-pela-educacao-em-duas-semanas\/\" target=\"_blank\" rel=\"noopener noreferrer\">30 de maio<\/a>, tamb\u00e9m reuniu milhares de pessoas nas principais cidades do pa\u00eds.<\/p>\n<p><a href=\"https:\/\/www.redebrasilatual.com.br\/educacao\/2019\/08\/estudantes-tsunami-educacao-13-agosto\/attachment\/une-manifestacoes-600x600\/\" rel=\"attachment wp-att-372849\"><img fetchpriority=\"high\" decoding=\"async\" class=\"aligncenter wp-image-372849\" src=\"https:\/\/www.redebrasilatual.com.br\/wp-content\/uploads\/2019\/08\/une-manifestacoes-600x600.jpg\" sizes=\"(max-width: 800px) 100vw, 800px\" srcset=\"https:\/\/www.redebrasilatual.com.br\/wp-content\/uploads\/2019\/08\/une-manifestacoes-600x600.jpg 600w, https:\/\/www.redebrasilatual.com.br\/wp-content\/uploads\/2019\/08\/une-manifestacoes-600x600-150x150.jpg 150w, https:\/\/www.redebrasilatual.com.br\/wp-content\/uploads\/2019\/08\/une-manifestacoes-600x600-300x300.jpg 300w, https:\/\/www.redebrasilatual.com.br\/wp-content\/uploads\/2019\/08\/une-manifestacoes-600x600-585x585.jpg 585w\" alt=\"\" width=\"800\" height=\"800\" \/><\/a><\/p>\n<h3>Fonte: Rede Brasil Atual<\/h3>\n<p>\u00a0<\/p>\n<p>\u00a0<\/p>\n","protected":false},"excerpt":{"rendered":"<p>Estudantes secundaristas, do ensino universit\u00e1rio e da p\u00f3s-gradua\u00e7\u00e3o realizam protestos, atos e passeatas, por todo o pa\u00eds, nesta ter\u00e7a-feira (13), contra os cortes do governo Bolsonaro na educa\u00e7\u00e3o. O objetivo \u00e9 retomar, com apoio de movimentos sociais, as manifesta\u00e7\u00f5es de maio, que ficaram conhecidas como \u201ctsunami\u201d. Desde o in\u00edcio do ano, universidades e institutos federais [&hellip;]<\/p>\n","protected":false},"author":2,"featured_media":7327,"comment_status":"","ping_status":"","sticky":false,"template":"","format":"standard","meta":{"footnotes":""},"categories":[3],"tags":[],"class_list":["post-7328","post","type-post","status-publish","format-standard","has-post-thumbnail","hentry","category-noticias"],"_links":{"self":[{"href":"https:\/\/hostnetart.com.br\/baixada\/wp-json\/wp\/v2\/posts\/7328","targetHints":{"allow":["GET"]}}],"collection":[{"href":"https:\/\/hostnetart.com.br\/baixada\/wp-json\/wp\/v2\/posts"}],"about":[{"href":"https:\/\/hostnetart.com.br\/baixada\/wp-json\/wp\/v2\/types\/post"}],"author":[{"embeddable":true,"href":"https:\/\/hostnetart.com.br\/baixada\/wp-json\/wp\/v2\/users\/2"}],"replies":[{"embeddable":true,"href":"https:\/\/hostnetart.com.br\/baixada\/wp-json\/wp\/v2\/comments?post=7328"}],"version-history":[{"count":0,"href":"https:\/\/hostnetart.com.br\/baixada\/wp-json\/wp\/v2\/posts\/7328\/revisions"}],"wp:featuredmedia":[{"embeddable":true,"href":"https:\/\/hostnetart.com.br\/baixada\/wp-json\/wp\/v2\/media\/7327"}],"wp:attachment":[{"href":"https:\/\/hostnetart.com.br\/baixada\/wp-json\/wp\/v2\/media?parent=7328"}],"wp:term":[{"taxonomy":"category","embeddable":true,"href":"https:\/\/hostnetart.com.br\/baixada\/wp-json\/wp\/v2\/categories?post=7328"},{"taxonomy":"post_tag","embeddable":true,"href":"https:\/\/hostnetart.com.br\/baixada\/wp-json\/wp\/v2\/tags?post=7328"}],"curies":[{"name":"wp","href":"https:\/\/api.w.org\/{rel}","templated":true}]}}