{"id":7326,"date":"2019-08-12T21:15:33","date_gmt":"2019-08-13T00:15:33","guid":{"rendered":"https:\/\/hostnetart.com.br\/baixada\/empregados-da-caixa-lancam-campanha-saude-caixa-para-todos\/"},"modified":"2019-08-12T21:15:33","modified_gmt":"2019-08-13T00:15:33","slug":"empregados-da-caixa-lancam-campanha-saude-caixa-para-todos","status":"publish","type":"post","link":"https:\/\/hostnetart.com.br\/baixada\/empregados-da-caixa-lancam-campanha-saude-caixa-para-todos\/","title":{"rendered":"Empregados da Caixa lan\u00e7am campanha \u201cSa\u00fade Caixa para Todos\u201d"},"content":{"rendered":"<div class=\"elementor-element elementor-element-194680ec elementor-widget elementor-widget-theme-post-content\" data-id=\"194680ec\" data-element_type=\"widget\" data-widget_type=\"theme-post-content.default\">\n<div class=\"elementor-widget-container\">\n<p>Os empregados da Caixa realizam na pr\u00f3xima quarta-feira (14) o lan\u00e7amento da campanha \u201cSa\u00fade Caixa para Todos\u201d. A data foi definida durante o <a href=\"https:\/\/contrafcut.com.br\/noticias\/unidade-e-resistencia-pautam-estrategias-dos-empregados-da-caixa\/\" target=\"_blank\" rel=\"noopener noreferrer\">\u00faltimo Congresso Nacional dos empregados da Caixa (Conecef)<\/a>, realizado no in\u00edcio de agosto. \u201cVamos refor\u00e7ar a import\u00e2ncia da mobiliza\u00e7\u00e3o contra o CGPAR 23, que destr\u00f3i nossos planos de sa\u00fade, mas tamb\u00e9m refor\u00e7ando a inclus\u00e3o dos novos empregados, em especial as pessoas com defici\u00eancia. A Caixa \u00e9 o que \u00e9 gra\u00e7as aos empregados. Mobilizados n\u00f3s avan\u00e7amos\u201d, afirmou Fabiana Uehara, coordenadora do GT Sa\u00fade Caixa, secret\u00e1ria da Cultura da Confedera\u00e7\u00e3o Nacional dos Trabalhadores do Ramo Financeiro (Contraf-CUT) e representante da confedera\u00e7\u00e3o nas negocia\u00e7\u00f5es com o banco.<\/p>\n<p>O governo Bolsonaro tem propagandeado que a Caixa seria o \u201cbanco da inclus\u00e3o\u201d por conta da convoca\u00e7\u00e3o de duas mil pessoas com defici\u00eancia, decis\u00e3o s\u00f3 tomada ap\u00f3s a judicializa\u00e7\u00e3o do evidente desrespeito pela Caixa da lei de cotas para PCDs, mas na pr\u00e1tica o banco descrimina os trabalhadores.<\/p>\n<p>O banco interp\u00f4s recurso contra a decis\u00e3o do TRT da 10\u00aa Regi\u00e3o, que condenou a Caixa a cumprir, imediatamente, a cota legal de contrata\u00e7\u00e3o de pessoas com defici\u00eancia (PCD), como prev\u00ea a Lei 8.213\/91. Em an\u00e1lise do recurso, a presidente do TRT10<a href=\"https:\/\/www.fenae.org.br\/portal\/fenae-portal\/noticias\/caixa-da-inclusao-ou-da-segregacao.htm\" target=\"_blank\" rel=\"noopener noreferrer\"> sobrestou o processamento do recurso da Caixa<\/a>. Ou seja, o processo aguardar\u00e1 julgamento do STF sobre a compet\u00eancia para processar e julgar demandas quanto a concursos e admiss\u00e3o de novos empregados em empresa p\u00fablica. Apenas quando o STF decidir se a Justi\u00e7a do Trabalho \u00e9 competente para apreciar esse tipo de mat\u00e9ria, a a\u00e7\u00e3o civil p\u00fablica (ACP) retornar\u00e1 ao seu curso.<\/p>\n<p>\u201cDados da pr\u00f3pria Caixa mostram que o \u00edndice de trabalhadores com defici\u00eancia \u00e9 de apenas 1,42%, menos de 1\/3 do exigido pela legisla\u00e7\u00e3o [5%]. A convoca\u00e7\u00e3o desses trabalhadores, aprovados no concurso de 2014, \u00e9 fruto de a\u00e7\u00e3o judicial impetrada pela Contraf-CUT, que conta com o Sindicato como assistente. Agora, mesmo alardeando essas contrata\u00e7\u00f5es como pol\u00edtica de inclus\u00e3o do governo, a Caixa apresentou recurso, escancarando a hipocrisia da sua dire\u00e7\u00e3o e do pr\u00f3prio governo\u201d, critica o diretor do Sindicato e coordenador da CEE\/Caixa, Dion\u00edsio Reis.<\/p>\n<p>Al\u00e9m de utilizar a contrata\u00e7\u00e3o de pessoas com defici\u00eancia para manipular a opini\u00e3o p\u00fablica em favor do governo, a dire\u00e7\u00e3o da Caixa est\u00e1 discriminando os trabalhadores convocados. De acordo com den\u00fancias recebidas pelo Sindicato, o banco tem informado aos PCDs que a contra\u00e7\u00e3o deles n\u00e3o d\u00e1 direito ao plano de sa\u00fade da institui\u00e7\u00e3o, o Sa\u00fade Caixa.<\/p>\n<p>\u201c\u00c9 um completo absurdo! \u00c9 discrimina\u00e7\u00e3o escancarada contra os trabalhadores com defici\u00eancia. Inclusive, soubemos de convocados que desistiram da posse ao serem informados que n\u00e3o ter\u00e3o direito ao plano de sa\u00fade. Essa atitude desrespeita o Acordo Coletivo de Trabalho dos empregados, que garantiu ap\u00f3s dif\u00edcil negocia\u00e7\u00e3o, amparada na luta dos banc\u00e1rios, o Sa\u00fade Caixa para todos\u201d, enfatiza Dion\u00edsio.<\/p>\n<h3>Cobran\u00e7a<\/h3>\n<p>Na \u00faltima sexta-feira (9), a CEE cobrou da dire\u00e7\u00e3o da Caixa uma resposta ao of\u00edcio enviado em mar\u00e7o, que requereu o cumprimento do par\u00e1grafo oitavo da cl\u00e1usula 32 do ACT, com a apresenta\u00e7\u00e3o de relat\u00f3rio atuarial e balancetes mensais do exerc\u00edcio de 2017. O documento cobrou tamb\u00e9m dados e documentos para possibilitar uma melhor an\u00e1lise do Sa\u00fade Caixa e, por consequ\u00eancia, viabilizar a boa-f\u00e9 da negocia\u00e7\u00e3o coletiva, com base no princ\u00edpio da transpar\u00eancia.<\/p>\n<p><strong>Fonte: Contraf-CUT<\/strong><\/p>\n<\/div>\n<\/div>\n","protected":false},"excerpt":{"rendered":"<p>Os empregados da Caixa realizam na pr\u00f3xima quarta-feira (14) o lan\u00e7amento da campanha \u201cSa\u00fade Caixa para Todos\u201d. A data foi definida durante o \u00faltimo Congresso Nacional dos empregados da Caixa (Conecef), realizado no in\u00edcio de agosto. \u201cVamos refor\u00e7ar a import\u00e2ncia da mobiliza\u00e7\u00e3o contra o CGPAR 23, que destr\u00f3i nossos planos de sa\u00fade, mas tamb\u00e9m refor\u00e7ando [&hellip;]<\/p>\n","protected":false},"author":2,"featured_media":7325,"comment_status":"","ping_status":"","sticky":false,"template":"","format":"standard","meta":{"footnotes":""},"categories":[3],"tags":[],"class_list":["post-7326","post","type-post","status-publish","format-standard","has-post-thumbnail","hentry","category-noticias"],"_links":{"self":[{"href":"https:\/\/hostnetart.com.br\/baixada\/wp-json\/wp\/v2\/posts\/7326","targetHints":{"allow":["GET"]}}],"collection":[{"href":"https:\/\/hostnetart.com.br\/baixada\/wp-json\/wp\/v2\/posts"}],"about":[{"href":"https:\/\/hostnetart.com.br\/baixada\/wp-json\/wp\/v2\/types\/post"}],"author":[{"embeddable":true,"href":"https:\/\/hostnetart.com.br\/baixada\/wp-json\/wp\/v2\/users\/2"}],"replies":[{"embeddable":true,"href":"https:\/\/hostnetart.com.br\/baixada\/wp-json\/wp\/v2\/comments?post=7326"}],"version-history":[{"count":0,"href":"https:\/\/hostnetart.com.br\/baixada\/wp-json\/wp\/v2\/posts\/7326\/revisions"}],"wp:featuredmedia":[{"embeddable":true,"href":"https:\/\/hostnetart.com.br\/baixada\/wp-json\/wp\/v2\/media\/7325"}],"wp:attachment":[{"href":"https:\/\/hostnetart.com.br\/baixada\/wp-json\/wp\/v2\/media?parent=7326"}],"wp:term":[{"taxonomy":"category","embeddable":true,"href":"https:\/\/hostnetart.com.br\/baixada\/wp-json\/wp\/v2\/categories?post=7326"},{"taxonomy":"post_tag","embeddable":true,"href":"https:\/\/hostnetart.com.br\/baixada\/wp-json\/wp\/v2\/tags?post=7326"}],"curies":[{"name":"wp","href":"https:\/\/api.w.org\/{rel}","templated":true}]}}