{"id":7318,"date":"2019-08-09T13:04:05","date_gmt":"2019-08-09T16:04:05","guid":{"rendered":"https:\/\/hostnetart.com.br\/baixada\/empregados-da-caixa-definem-bandeiras-de-luta\/"},"modified":"2019-08-09T13:04:05","modified_gmt":"2019-08-09T16:04:05","slug":"empregados-da-caixa-definem-bandeiras-de-luta","status":"publish","type":"post","link":"https:\/\/hostnetart.com.br\/baixada\/empregados-da-caixa-definem-bandeiras-de-luta\/","title":{"rendered":"Empregados da Caixa definem bandeiras de luta"},"content":{"rendered":"<div class=\"elementor-element elementor-element-194680ec elementor-widget elementor-widget-theme-post-content\" data-id=\"194680ec\" data-element_type=\"widget\" data-widget_type=\"theme-post-content.default\">\n<div class=\"elementor-widget-container\">\n<p>O slogan \u201cTodos contra o retrocesso\u201d foi seguido \u00e0 risca pelos delegados e delegadas que participaram do <a href=\"https:\/\/contrafcut.com.br\/fotos\/35o-conecef\/\" target=\"_blank\" rel=\"noopener noreferrer\">35\u00ba Congresso Nacional dos Empregados da Caixa Econ\u00f4mica Federal (Conecef),<\/a> realizado em S\u00e3o Paulo nesta quinta e sexta-feira (1 e 2 de agosto).<\/p>\n<p>Eles entraram em consenso em torno de <a href=\"https:\/\/contrafcut.com.br\/noticias\/unidade-e-resistencia-pautam-estrategias-dos-empregados-da-caixa\/\" target=\"_blank\" rel=\"noopener noreferrer\">bandeiras fundamentais da categoria<\/a>, como Sa\u00fade e Sa\u00fade Caixa, Previd\u00eancia e Funcef, direitos e reestrutura\u00e7\u00e3o, Empresas p\u00fablicas e Caixa 100% P\u00fablica e ainda j\u00e1 definiram algumas datas de lutas que ser\u00e3o agregadas ao calend\u00e1rio dos banc\u00e1rios e da classe trabalhadora.<\/p>\n<p>\u201cOs trabalhadores da Caixa, do pa\u00eds inteiro, se uniram neste Conecef que comemorou os 35 anos de organiza\u00e7\u00e3o nacional rememorando as conquistas hist\u00f3ricas, como a jornada de seis horas a manuten\u00e7\u00e3o da Caixa 100% P\u00fablica durante os anos 1990, todas as conquistas que n\u00f3s tivemos no nosso acordo coletivo e, al\u00e9m disso, organizou os empregados para a luta na defesa do Sa\u00fade Caixa para todos da Funcef e dos participantes, na defesa dos direitos dos empregados e da Caixa 100% P\u00fablica, pro povo brasileiro\u201d, afirmou Dion\u00edsio Reis, coordenador da Comiss\u00e3o Executiva dos Empregados (CEE) da Caixa.<\/p>\n<p>Para Fabiana Uehara, secret\u00e1ria da Cultura da Contraf-CUT e representante dos trabalhadores na Comiss\u00e3o Executiva dos Empregados (CEE) da Caixa, \u201co Conecef \u00e9 um espa\u00e7o de socializa\u00e7\u00e3o de experi\u00eancias, reencontros, forma\u00e7\u00e3o e luta. Teve participa\u00e7\u00e3o de muita gente experiente mas tamb\u00e9m de muita gente nova. Cada participante sai com o compromisso renovado e refor\u00e7ado de defender a Caixa e nossos direitos. Os ataques vem mas estamos mobilizados e resistiremos\u201d, exclamou.<\/p>\n<p>\u00a0<\/p>\n<h3>Sa\u00fade<\/h3>\n<p>Em rela\u00e7\u00e3o a sa\u00fade, os empregados definiram por campanhas em defesa do SUS e pelo fim do GDP<\/p>\n<h3>Sa\u00fade Caixa<\/h3>\n<p>J\u00e1 no Sa\u00fade Caixa, as bandeiras ser\u00e3o combate a CGPAR 23, exig\u00eancia de transpar\u00eancia no plano e campanha Sa\u00fade Caixa para Todos.<\/p>\n<h3>Previd\u00eancia<\/h3>\n<p>Aderir as mobiliza\u00e7\u00f5es da luta contra o desmonte da previd\u00eancia<\/p>\n<h3>Funcef<\/h3>\n<p>Os empregados v\u00e3o combater a CGPAR 25, reivindicar a revis\u00e3o do c\u00e1lculo do equacionamento e buscar uma solu\u00e7\u00e3o para o Contencioso judicial de origem trabalhista<\/p>\n<h3>Defesa dos direitos<\/h3>\n<p>Negociar melhores condi\u00e7\u00f5es para os empregados e fortalecer mobiliza\u00e7\u00e3o pelo \u201cN\u00e3o ao trabalho de s\u00e1bado e domingo\u201d e contra a reestrutura\u00e7\u00e3o. Os empregados querem ainda o fim do descomissionamento arbitr\u00e1rio e v\u00e3o lutar contra a desestrutura\u00e7\u00e3o da Caixa.<\/p>\n<h3>Defesa da Caixa 100% P\u00fablica<\/h3>\n<p>Defesa da Caixa Intensifica\u00e7\u00e3o da campanha Caixa 100% p\u00fablica, realiza\u00e7\u00e3o de oficina de defesa dos bancos p\u00fablicos, denunciar a demagogia do pagamento do FGTS, al\u00e9m de atuar nas ag\u00eancias durante o pagamento fazendo a defesa da Caixa.<\/p>\n<p><strong>Fonte: Contraf-CUT<\/strong><\/p>\n<\/div>\n<\/div>\n","protected":false},"excerpt":{"rendered":"<p>O slogan \u201cTodos contra o retrocesso\u201d foi seguido \u00e0 risca pelos delegados e delegadas que participaram do 35\u00ba Congresso Nacional dos Empregados da Caixa Econ\u00f4mica Federal (Conecef), realizado em S\u00e3o Paulo nesta quinta e sexta-feira (1 e 2 de agosto). Eles entraram em consenso em torno de bandeiras fundamentais da categoria, como Sa\u00fade e Sa\u00fade [&hellip;]<\/p>\n","protected":false},"author":2,"featured_media":7317,"comment_status":"","ping_status":"","sticky":false,"template":"","format":"standard","meta":{"footnotes":""},"categories":[3],"tags":[],"class_list":["post-7318","post","type-post","status-publish","format-standard","has-post-thumbnail","hentry","category-noticias"],"_links":{"self":[{"href":"https:\/\/hostnetart.com.br\/baixada\/wp-json\/wp\/v2\/posts\/7318","targetHints":{"allow":["GET"]}}],"collection":[{"href":"https:\/\/hostnetart.com.br\/baixada\/wp-json\/wp\/v2\/posts"}],"about":[{"href":"https:\/\/hostnetart.com.br\/baixada\/wp-json\/wp\/v2\/types\/post"}],"author":[{"embeddable":true,"href":"https:\/\/hostnetart.com.br\/baixada\/wp-json\/wp\/v2\/users\/2"}],"replies":[{"embeddable":true,"href":"https:\/\/hostnetart.com.br\/baixada\/wp-json\/wp\/v2\/comments?post=7318"}],"version-history":[{"count":0,"href":"https:\/\/hostnetart.com.br\/baixada\/wp-json\/wp\/v2\/posts\/7318\/revisions"}],"wp:featuredmedia":[{"embeddable":true,"href":"https:\/\/hostnetart.com.br\/baixada\/wp-json\/wp\/v2\/media\/7317"}],"wp:attachment":[{"href":"https:\/\/hostnetart.com.br\/baixada\/wp-json\/wp\/v2\/media?parent=7318"}],"wp:term":[{"taxonomy":"category","embeddable":true,"href":"https:\/\/hostnetart.com.br\/baixada\/wp-json\/wp\/v2\/categories?post=7318"},{"taxonomy":"post_tag","embeddable":true,"href":"https:\/\/hostnetart.com.br\/baixada\/wp-json\/wp\/v2\/tags?post=7318"}],"curies":[{"name":"wp","href":"https:\/\/api.w.org\/{rel}","templated":true}]}}