{"id":7314,"date":"2019-08-08T18:19:05","date_gmt":"2019-08-08T21:19:05","guid":{"rendered":"https:\/\/hostnetart.com.br\/baixada\/mulheres-se-reunem-para-10-abraco-solidario-as-vitimas-da-violencia\/"},"modified":"2019-08-08T18:19:05","modified_gmt":"2019-08-08T21:19:05","slug":"mulheres-se-reunem-para-10-abraco-solidario-as-vitimas-da-violencia","status":"publish","type":"post","link":"https:\/\/hostnetart.com.br\/baixada\/mulheres-se-reunem-para-10-abraco-solidario-as-vitimas-da-violencia\/","title":{"rendered":"Mulheres se re\u00fanem para 10\u00ba Abra\u00e7o Solid\u00e1rio \u00e0s v\u00edtimas da viol\u00eancia"},"content":{"rendered":"<p>Mulheres do movimento sindical se reuniram na manh\u00e3 desta quarta-feira (7), dia em que a Lei Maria da Penha completa 13 anos, para o 10\u00ba Abra\u00e7o Solid\u00e1rio \u00e0s v\u00edtimas da viol\u00eancia. A atividade aconteceu em frente \u00e0 Prefeitura de S\u00e3o Paulo em protesto contra os crimes de feminic\u00eddio.<br \/>Para a secret\u00e1ria da Mulher da Contraf-CUT, Elaine Cutis, a cria\u00e7\u00e3o da Lei Maria da Penha foi um importante passo para a luta das mulheres. \u201cA lei \u00e9 um instrumento que ajuda as v\u00edtimas a buscarem justi\u00e7a, por\u00e9m, n\u00e3o \u00e9 o suficiente. Infelizmente, ainda observamos que os n\u00fameros de feminic\u00eddio aumentam cada vez mais. Por isso, precisamos, al\u00e9m de denunciar os crimes e orientar as v\u00edtimas, lutar em defesa de pol\u00edticas p\u00fablicas de enfrentamento contra a viol\u00eancia\u201d, disse.<br \/>O corte de investimentos em pol\u00edticas p\u00fablicas de enfrentamento contra a viol\u00eancia contribui para o aumento da viol\u00eancia, segundo Elaine Cutis. \u201cHouve um verdadeiro desmonte do que havia sendo constru\u00eddo nos governos anteriores. Um exemplo disso \u00e9 a Casa da Mulher Brasileira, em S\u00e3o Paulo, que foi projetada para oferecer todos os servi\u00e7os para uma mulher v\u00edtima de viol\u00eancia dom\u00e9stica, mas at\u00e9 hoje n\u00e3o foi inaugurada\u201d, comentou.\u00a0<br \/>De acordo com o Atlas da Viol\u00eancia 2019, ocorreram 13 homic\u00eddios de mulheres por dia no ao de 2017. Ao todo, 4.936 mulheres foram mortas, o maior n\u00famero registrado desde 2007.<br \/>O estudo mostra ainda que, em 2017, mais de 221 mil mulheres procuraram delegacias de pol\u00edcia para registrar epis\u00f3dios de agress\u00e3o (les\u00e3o corporal dolosa) em decorr\u00eancia de viol\u00eancia dom\u00e9stica, n\u00famero que, de acordo com a pesquisa, pode estar muito subestimado pelo fato de que muitas v\u00edtimas t\u00eam medo ou vergonha de denunciar as agress\u00f5es. \u201cVivemos uma conjuntura que tem como discurso o \u00f3dio e a viol\u00eancia. \u00c9 fundamental que estejamos unidas e que ningu\u00e9m solte a m\u00e3o de ningu\u00e9m\u201d, finalizou a secret\u00e1ria da Mulher da Contraf-CUT.<\/p>\n<p><strong>Fonte: Contraf-CUT<\/strong><\/p>\n","protected":false},"excerpt":{"rendered":"<p>Mulheres do movimento sindical se reuniram na manh\u00e3 desta quarta-feira (7), dia em que a Lei Maria da Penha completa 13 anos, para o 10\u00ba Abra\u00e7o Solid\u00e1rio \u00e0s v\u00edtimas da viol\u00eancia. A atividade aconteceu em frente \u00e0 Prefeitura de S\u00e3o Paulo em protesto contra os crimes de feminic\u00eddio.Para a secret\u00e1ria da Mulher da Contraf-CUT, Elaine [&hellip;]<\/p>\n","protected":false},"author":2,"featured_media":7313,"comment_status":"","ping_status":"","sticky":false,"template":"","format":"standard","meta":{"footnotes":""},"categories":[3],"tags":[],"class_list":["post-7314","post","type-post","status-publish","format-standard","has-post-thumbnail","hentry","category-noticias"],"_links":{"self":[{"href":"https:\/\/hostnetart.com.br\/baixada\/wp-json\/wp\/v2\/posts\/7314","targetHints":{"allow":["GET"]}}],"collection":[{"href":"https:\/\/hostnetart.com.br\/baixada\/wp-json\/wp\/v2\/posts"}],"about":[{"href":"https:\/\/hostnetart.com.br\/baixada\/wp-json\/wp\/v2\/types\/post"}],"author":[{"embeddable":true,"href":"https:\/\/hostnetart.com.br\/baixada\/wp-json\/wp\/v2\/users\/2"}],"replies":[{"embeddable":true,"href":"https:\/\/hostnetart.com.br\/baixada\/wp-json\/wp\/v2\/comments?post=7314"}],"version-history":[{"count":0,"href":"https:\/\/hostnetart.com.br\/baixada\/wp-json\/wp\/v2\/posts\/7314\/revisions"}],"wp:featuredmedia":[{"embeddable":true,"href":"https:\/\/hostnetart.com.br\/baixada\/wp-json\/wp\/v2\/media\/7313"}],"wp:attachment":[{"href":"https:\/\/hostnetart.com.br\/baixada\/wp-json\/wp\/v2\/media?parent=7314"}],"wp:term":[{"taxonomy":"category","embeddable":true,"href":"https:\/\/hostnetart.com.br\/baixada\/wp-json\/wp\/v2\/categories?post=7314"},{"taxonomy":"post_tag","embeddable":true,"href":"https:\/\/hostnetart.com.br\/baixada\/wp-json\/wp\/v2\/tags?post=7314"}],"curies":[{"name":"wp","href":"https:\/\/api.w.org\/{rel}","templated":true}]}}