{"id":7312,"date":"2019-08-08T18:08:44","date_gmt":"2019-08-08T21:08:44","guid":{"rendered":"https:\/\/hostnetart.com.br\/baixada\/reforma-reduz-valor-das-aposentadorias-pagas-mesmo-aos-trabalhadores-com-baixos-salarios\/"},"modified":"2019-08-08T18:08:44","modified_gmt":"2019-08-08T21:08:44","slug":"reforma-reduz-valor-das-aposentadorias-pagas-mesmo-aos-trabalhadores-com-baixos-salarios","status":"publish","type":"post","link":"https:\/\/hostnetart.com.br\/baixada\/reforma-reduz-valor-das-aposentadorias-pagas-mesmo-aos-trabalhadores-com-baixos-salarios\/","title":{"rendered":"\u2018Reforma\u2019 reduz valor das aposentadorias pagas mesmo aos trabalhadores com baixos sal\u00e1rios"},"content":{"rendered":"<p>A \u201creforma\u201d da Previd\u00eancia, aprovada em\u00a0<a href=\"https:\/\/www.redebrasilatual.com.br\/politica\/2019\/08\/camara-aprova-texto-base-da-reforma-da-previdencia-em-segundo-turno\/\" target=\"_blank\" rel=\"noopener noreferrer\">segunda vota\u00e7\u00e3o na C\u00e2mara dos Deputados<\/a>, ir\u00e1 reduzir o valor das aposentadorias pagas aos trabalhadores, incluindo \u00e0queles com os sal\u00e1rios mais baixos, alerta o Dieese. Em\u00a0<a href=\"https:\/\/www.dieese.org.br\/notatecnica\/2019\/notaTec212ArrochoAposentadoria.html\" target=\"_blank\" rel=\"noopener noreferrer\">nota t\u00e9cnica<\/a>, a entidade adverte que o texto atual da Proposta de Emenda \u00e0 Constitui\u00e7\u00e3o (PEC) 6\/2019 altera profundamente as regras de acesso \u00e0 Previd\u00eancia Social e podem impedir que milh\u00f5es de brasileiros tenham acesso ao direito.<\/p>\n<p>Isso porque, al\u00e9m da\u00a0<a href=\"https:\/\/www.redebrasilatual.com.br\/politica\/2019\/08\/plenario-rejeita-destaques-da-oposicao-para-barrar-maldades-da-reforma-da-previdencia\/\" target=\"_blank\" rel=\"noopener noreferrer\">\u201creforma\u201d<\/a>\u00a0aumentar o tempo m\u00ednimo de contribui\u00e7\u00e3o para mulheres e homens, 15 e 20 anos, respectivamente, e passar a idade de acesso para 62 anos, no caso das mulheres e 65, para os homens, o texto prev\u00ea que o c\u00e1lculo da m\u00e9dia salarial passe a ser sobre todas as contribui\u00e7\u00f5es desde julho de 1994.<\/p>\n<p>Pelas regras atuais, a m\u00e9dia do benef\u00edcio \u00e9 calculada sobre 80% das maiores contribui\u00e7\u00f5es. Sem desconsiderar os sal\u00e1rios mais baixos, a \u201creforma\u201d, se assim for aprovada no Senado, far\u00e1 com que ocorra uma\u00a0<a href=\"https:\/\/www.redebrasilatual.com.br\/economia\/2019\/08\/reforma-da-previdencia-vai-tirar-dinheiro-do-povo-para-encher-o-bolso-dos-banqueiros\/\" target=\"_blank\" rel=\"noopener noreferrer\">redu\u00e7\u00e3o na renda dos trabalhadores<\/a>.<\/p>\n<p>De acordo com a nota t\u00e9cnica, as perdas para o trabalhador que contribuiu sobre o teto do Regime Geral da Previd\u00eancia Social, nesse per\u00edodo previsto, s\u00e3o ainda maiores. Na hip\u00f3tese de uma pessoa que o \u00faltimo sal\u00e1rio tenha sido de R$5.839,45, a aposentadoria ficaria hoje em R$5.616,43. Com a \u201creforma\u201d cai para R$ 5.395,88, mas o valor do BPC sofre uma queda ainda maior e fica em R$ 4.856,29, uma diferen\u00e7a de R$ 760,15.<\/p>\n<p>\u201cEsse exemplo que est\u00e1 dado \u00e9 do trabalhador na melhor condi\u00e7\u00e3o(\u2026) Os trabalhadores que n\u00e3o conseguirem fazer isso, proporcionalmente v\u00e3o ter arrochos mais significativos.\u00a0 Como a base salarial \u00e9 muito baixa, boa parte dos trabalhadores ter\u00e3o um arrocho t\u00e3o grande que o benef\u00edcio ficar\u00e1 abaixo do sal\u00e1rio m\u00ednimo, e isso s\u00f3 n\u00e3o vai ocorrer porque a Constitui\u00e7\u00e3o impede que seja pago um valor abaixo do sal\u00e1rio m\u00ednimo, isso que d\u00e1 a prote\u00e7\u00e3o\u201d, compara o diretor t\u00e9cnico do Dieese, Clemente Ganz L\u00facio, em entrevista \u00e0\u00a0<strong>R\u00e1dio Brasil Atual<\/strong>. Segundo Clemente, mesmo aqueles que forem atendidos por pens\u00e3o por morte, acidente de trabalho ou aposentadoria por invalidez, tamb\u00e9m\u00a0<a href=\"https:\/\/www.redebrasilatual.com.br\/sem-categoria\/2019\/08\/reforma-da-previdencia-mentiras-em-livro-eduardo-fagnani\/\" target=\"_blank\" rel=\"noopener noreferrer\">ter\u00e3o seu benef\u00edcio arrochado<\/a>.<\/p>\n<p><strong>Fonte: Rede Brasil Atual<\/strong><\/p>\n","protected":false},"excerpt":{"rendered":"<p>A \u201creforma\u201d da Previd\u00eancia, aprovada em\u00a0segunda vota\u00e7\u00e3o na C\u00e2mara dos Deputados, ir\u00e1 reduzir o valor das aposentadorias pagas aos trabalhadores, incluindo \u00e0queles com os sal\u00e1rios mais baixos, alerta o Dieese. Em\u00a0nota t\u00e9cnica, a entidade adverte que o texto atual da Proposta de Emenda \u00e0 Constitui\u00e7\u00e3o (PEC) 6\/2019 altera profundamente as regras de acesso \u00e0 Previd\u00eancia [&hellip;]<\/p>\n","protected":false},"author":2,"featured_media":7311,"comment_status":"","ping_status":"","sticky":false,"template":"","format":"standard","meta":{"footnotes":""},"categories":[3],"tags":[],"class_list":["post-7312","post","type-post","status-publish","format-standard","has-post-thumbnail","hentry","category-noticias"],"_links":{"self":[{"href":"https:\/\/hostnetart.com.br\/baixada\/wp-json\/wp\/v2\/posts\/7312","targetHints":{"allow":["GET"]}}],"collection":[{"href":"https:\/\/hostnetart.com.br\/baixada\/wp-json\/wp\/v2\/posts"}],"about":[{"href":"https:\/\/hostnetart.com.br\/baixada\/wp-json\/wp\/v2\/types\/post"}],"author":[{"embeddable":true,"href":"https:\/\/hostnetart.com.br\/baixada\/wp-json\/wp\/v2\/users\/2"}],"replies":[{"embeddable":true,"href":"https:\/\/hostnetart.com.br\/baixada\/wp-json\/wp\/v2\/comments?post=7312"}],"version-history":[{"count":0,"href":"https:\/\/hostnetart.com.br\/baixada\/wp-json\/wp\/v2\/posts\/7312\/revisions"}],"wp:featuredmedia":[{"embeddable":true,"href":"https:\/\/hostnetart.com.br\/baixada\/wp-json\/wp\/v2\/media\/7311"}],"wp:attachment":[{"href":"https:\/\/hostnetart.com.br\/baixada\/wp-json\/wp\/v2\/media?parent=7312"}],"wp:term":[{"taxonomy":"category","embeddable":true,"href":"https:\/\/hostnetart.com.br\/baixada\/wp-json\/wp\/v2\/categories?post=7312"},{"taxonomy":"post_tag","embeddable":true,"href":"https:\/\/hostnetart.com.br\/baixada\/wp-json\/wp\/v2\/tags?post=7312"}],"curies":[{"name":"wp","href":"https:\/\/api.w.org\/{rel}","templated":true}]}}