{"id":7310,"date":"2019-08-08T16:56:19","date_gmt":"2019-08-08T19:56:19","guid":{"rendered":"https:\/\/hostnetart.com.br\/baixada\/reforma-da-previdencia-chega-ao-senado-e-pode-piorar-segundo-analista\/"},"modified":"2019-08-08T16:56:19","modified_gmt":"2019-08-08T19:56:19","slug":"reforma-da-previdencia-chega-ao-senado-e-pode-piorar-segundo-analista","status":"publish","type":"post","link":"https:\/\/hostnetart.com.br\/baixada\/reforma-da-previdencia-chega-ao-senado-e-pode-piorar-segundo-analista\/","title":{"rendered":"\u2018Reforma\u2019 da Previd\u00eancia chega ao Senado. E pode piorar, segundo analista"},"content":{"rendered":"<p>O Senado recebeu na tarde desta quinta-feira (8) o projeto de\u00a0<a href=\"https:\/\/www.redebrasilatual.com.br\/tag\/reforma-da-previdencia\/\" target=\"_blank\" rel=\"noopener noreferrer\">\u201creforma\u201d da Previd\u00eancia<\/a>, aprovado em dois turnos na C\u00e2mara com larga margem. A previs\u00e3o \u00e9 de que o texto seja lido no plen\u00e1rio para j\u00e1 seguir \u00e0 an\u00e1lise na Comiss\u00e3o de Constitui\u00e7\u00e3o e Justi\u00e7a (CCJ). As \u00faltimas tentativas de modificar a proposta, por meio de destaques, foram derrubadas no segundo turno. E existe a possibilidade de que o texto fique ainda pior do ponto de vista do trabalhador, como alerta o analista pol\u00edtico Ant\u00f4nio Augusto de Queiroz, o Toninho, do Departamento Intersindical de Assessoria Parlamentar. O relator ser\u00e1 Tasso Jereissati (PSDB-CE), que segundo o\u00a0<a href=\"https:\/\/congressoemfoco.uol.com.br\/legislativo\/quem-e-tasso-jereissati-o-relator-da-reforma-da-previdencia-no-senado\/\" target=\"_blank\" rel=\"noopener noreferrer\">site\u00a0<em>Congresso em Foco<\/em><\/a>\u00a0\u00e9, entre os 81 senadores, dono da maior fortuna informada \u00e0 Justi\u00e7a Eleitoral, com R$ 389 milh\u00f5es, entre bens e patrim\u00f4nio declarados.<\/p>\n<p>Entregue pelo presidente da C\u00e2mara, Rodrigo Maia (DEM-RJ), a seu colega no Senado, Davi Alcolumbre (DEM-AP), o texto-base chega sem altera\u00e7\u00f5es. No primeiro turno da C\u00e2mara, foi aprovado por 379 a 131 votos. No\u00a0<a href=\"https:\/\/www.redebrasilatual.com.br\/economia\/2019\/08\/reforma-da-previdencia-vai-tirar-dinheiro-do-povo-para-encher-o-bolso-dos-banqueiros\/\" target=\"_blank\" rel=\"noopener noreferrer\">segundo<\/a>, ontem, por 370 a 124. No Senado, depois da CCJ \u2013 que tem prazo de 30 dias para fazer a an\u00e1lise e votar \u2013, o projeto tamb\u00e9m precisa ser aprovado em dois turnos, com dois ter\u00e7os dos votos do plen\u00e1rio (54).<\/p>\n<p>Entre outras mudan\u00e7as, a proposta aumenta o tempo para ter direito \u00e0 aposentadoria, reduz valores e imp\u00f5e regras de transi\u00e7\u00e3o para quem est\u00e1 na ativa. Tasso j\u00e1 declarou que pretende aprovar o \u201ccora\u00e7\u00e3o\u201d da proposta \u201co mais r\u00e1pido poss\u00edvel\u201d. A expectativa \u00e9 de concluir a vota\u00e7\u00e3o em at\u00e9 dois meses. A oposi\u00e7\u00e3o tentar\u00e1 atrasar a tramita\u00e7\u00e3o.<\/p>\n<p>\u201cZero de possibilidades de melhorar\u201d, disse Toninho, do Diap,\u00a0<a href=\"https:\/\/emailmarketing.locaweb.com.br\/accounts\/116686\/messages\/164?email=producao@agenciasindical.com.br&amp;c=1565214641&amp;contact_id=2&amp;envelope_id=106\" target=\"_blank\" rel=\"noopener noreferrer\">em entrevista \u00e0\u00a0<em>Ag\u00eancia Sindical<\/em><\/a>. \u201cMas \u00e9 forte a chance de haver retrocessos em rela\u00e7\u00e3o ao texto aprovado pelos deputado. O risco de abranger a capitaliza\u00e7\u00e3o volta a ser grande. governo tem maioria ampla\u201d, alertou. A capitaliza\u00e7\u00e3o, defendida pelo ministro da Economia, Paulo Guedes, acabou exclu\u00edda do projeto aprovado na C\u00e2mara.<\/p>\n<p><strong>Fonte: Rede Brasil Atual<\/strong><\/p>\n","protected":false},"excerpt":{"rendered":"<p>O Senado recebeu na tarde desta quinta-feira (8) o projeto de\u00a0\u201creforma\u201d da Previd\u00eancia, aprovado em dois turnos na C\u00e2mara com larga margem. A previs\u00e3o \u00e9 de que o texto seja lido no plen\u00e1rio para j\u00e1 seguir \u00e0 an\u00e1lise na Comiss\u00e3o de Constitui\u00e7\u00e3o e Justi\u00e7a (CCJ). As \u00faltimas tentativas de modificar a proposta, por meio de [&hellip;]<\/p>\n","protected":false},"author":2,"featured_media":7309,"comment_status":"","ping_status":"","sticky":false,"template":"","format":"standard","meta":{"footnotes":""},"categories":[3],"tags":[],"class_list":["post-7310","post","type-post","status-publish","format-standard","has-post-thumbnail","hentry","category-noticias"],"_links":{"self":[{"href":"https:\/\/hostnetart.com.br\/baixada\/wp-json\/wp\/v2\/posts\/7310","targetHints":{"allow":["GET"]}}],"collection":[{"href":"https:\/\/hostnetart.com.br\/baixada\/wp-json\/wp\/v2\/posts"}],"about":[{"href":"https:\/\/hostnetart.com.br\/baixada\/wp-json\/wp\/v2\/types\/post"}],"author":[{"embeddable":true,"href":"https:\/\/hostnetart.com.br\/baixada\/wp-json\/wp\/v2\/users\/2"}],"replies":[{"embeddable":true,"href":"https:\/\/hostnetart.com.br\/baixada\/wp-json\/wp\/v2\/comments?post=7310"}],"version-history":[{"count":0,"href":"https:\/\/hostnetart.com.br\/baixada\/wp-json\/wp\/v2\/posts\/7310\/revisions"}],"wp:featuredmedia":[{"embeddable":true,"href":"https:\/\/hostnetart.com.br\/baixada\/wp-json\/wp\/v2\/media\/7309"}],"wp:attachment":[{"href":"https:\/\/hostnetart.com.br\/baixada\/wp-json\/wp\/v2\/media?parent=7310"}],"wp:term":[{"taxonomy":"category","embeddable":true,"href":"https:\/\/hostnetart.com.br\/baixada\/wp-json\/wp\/v2\/categories?post=7310"},{"taxonomy":"post_tag","embeddable":true,"href":"https:\/\/hostnetart.com.br\/baixada\/wp-json\/wp\/v2\/tags?post=7310"}],"curies":[{"name":"wp","href":"https:\/\/api.w.org\/{rel}","templated":true}]}}