{"id":7306,"date":"2019-08-08T15:37:43","date_gmt":"2019-08-08T18:37:43","guid":{"rendered":"https:\/\/hostnetart.com.br\/baixada\/reforma-da-previdencia-vai-tirar-dinheiro-do-povo-para-encher-o-bolso-dos-banqueiros\/"},"modified":"2019-08-08T15:37:43","modified_gmt":"2019-08-08T18:37:43","slug":"reforma-da-previdencia-vai-tirar-dinheiro-do-povo-para-encher-o-bolso-dos-banqueiros","status":"publish","type":"post","link":"https:\/\/hostnetart.com.br\/baixada\/reforma-da-previdencia-vai-tirar-dinheiro-do-povo-para-encher-o-bolso-dos-banqueiros\/","title":{"rendered":"\u2018Reforma\u2019 da Previd\u00eancia vai tirar dinheiro do povo para encher o bolso dos banqueiros"},"content":{"rendered":"<p>O economista da\u00a0<a href=\"https:\/\/www.redebrasilatual.com.br\/trabalho\/2019\/06\/365117\/\" target=\"_blank\" rel=\"noopener noreferrer\">Auditoria Cidad\u00e3<\/a>\u00a0Rodrigo \u00c1vila diz que a \u201creforma\u201d da Previd\u00eancia, que teve a vota\u00e7\u00e3o na C\u00e2mara dos Deputados encerrada na quarta-feira (7), depois de rejeitados os destaques apresentados pela oposi\u00e7\u00e3o, vai servir para retirar recursos dos trabalhadores, aposentados e pensionistas, para garantir o pagamento dos custos com juros e amortiza\u00e7\u00f5es da d\u00edvida interna. Segundo ele, os mecanismos que remuneram as sobras de caixa dos bancos privados garantiram o pagamento de cerca de R$ 1 trilh\u00e3o, nos \u00faltimos dez anos, equivalente ao valor que o governo alardeia que vai economizar com as mudan\u00e7as nas aposentadorias na pr\u00f3xima d\u00e9cada.<\/p>\n<p>\u201cApesar do discurso dominante de que a Previd\u00eancia \u00e9 a grande vil\u00e3 das contas p\u00fablicas, na verdade, uma soma muito maior de recursos \u00e9 destinada para juros e amortiza\u00e7\u00f5es da d\u00edvida p\u00fablica, beneficiando setores muito ricos como grandes bancos e investidores. Nos \u00faltimos dez anos, levou R$ 1 trilh\u00e3o em remunera\u00e7\u00e3o de sobra de caixa dos bancos. \u00c9 uma forma de d\u00edvida interna chamada de opera\u00e7\u00f5es compromissadas. Significa tirar dinheiro do povo para encher o bolso dos banqueiros, em bom portugu\u00eas\u201d, explicou em entrevista, aos jornalistas Marilu Caba\u00f1as e Glauco Faria, para o\u00a0<a href=\"https:\/\/www.youtube.com\/watch?v=-nuuw96mBH0\" target=\"_blank\" rel=\"noopener noreferrer\"><em>Jornal Brasil Atual<\/em><\/a>\u00a0nesta quinta-feira (8).<\/p>\n<p>Ele classificou como \u201cescandalosa\u201d as\u00a0<a href=\"https:\/\/www.redebrasilatual.com.br\/destaques\/2019\/08\/reforma-da-previdencia-piora-trabalhador\/\" target=\"_blank\" rel=\"noopener noreferrer\">mudan\u00e7as<\/a>\u00a0definidas pela \u201creforma\u201d, como a redu\u00e7\u00e3o nos valores das aposentadorias, o aumento do tempo de contribui\u00e7\u00e3o e introdu\u00e7\u00e3o de idade m\u00ednima \u2013 62 anos para mulheres, 65 para homens. Para se aposentar com aposentadoria integral, o trabalhador ter\u00e1 que contribuir por 40 anos. Ainda assim, o valor do benef\u00edcio ser\u00e1 reduzido, porque passar\u00e1 a considerar a m\u00e9dia de todas as contribui\u00e7\u00f5es, enquanto atualmente um quinto das contribui\u00e7\u00f5es mais baixas s\u00e3o descartadas.<\/p>\n<p>Ele destacou a \u201cn\u00e3o necessidade\u201d de mudan\u00e7a nos crit\u00e9rios das aposentadorias. Al\u00e9m da\u00a0<a href=\"https:\/\/www.redebrasilatual.com.br\/destaques\/2019\/08\/auditoria-cidada-da-divida-publica-e-reivindicada-em-conferencia-de-saude\/\" target=\"_blank\" rel=\"noopener noreferrer\">auditoria da d\u00edvida p\u00fablica<\/a>interna, \u00c1vila defendeu o estabelecimento de imposto sobre grandes fortunas, previsto na Constitui\u00e7\u00e3o, mas ainda sem regulamenta\u00e7\u00e3o, e a tributa\u00e7\u00e3o sobre lucros e dividendos \u2013\u00a0para fortunas acima de R$ 20 milh\u00f5es, e lucros acima de R$ 360 mil por m\u00eas \u2013, j\u00e1 que o Brasil \u00e9 um dos \u00fanicos pa\u00edses que n\u00e3o realiza cobran\u00e7a desse tipo, que garantiriam receitas anuais de cerca de R$ 100 bilh\u00f5es, segundo ele.<\/p>\n<p>\u201cMuitos dizem que \u00e9 uma quest\u00e3o t\u00e9cnica, alegando que a Previd\u00eancia seria\u00a0<a href=\"https:\/\/www.redebrasilatual.com.br\/politica\/2019\/07\/eduardo-fagnani-o-problema-nao-e-deficit-na-previdencia-e-o-deficit-de-democracia\/\" target=\"_blank\" rel=\"noopener noreferrer\">deficit\u00e1ria<\/a>, quando, na verdade, a Seguridade Social gerou super\u00e1vit de R$ 1 trilh\u00e3o entre 2005 e 2016. Tudo isso \u00e9 quest\u00e3o pol\u00edtica. Trabalhadores e aposentados pagam 27,5% de imposto de renda, enquanto rentistas, banqueiros e investidores estrangeiros, que mandam seu dinheiro para c\u00e1 para lucrar \u00e0s nossas custas com a d\u00edvida interna, n\u00e3o.\u201d<\/p>\n<p>Ele tamb\u00e9m alertou para o risco do sistema de capitaliza\u00e7\u00e3o, que foi retirado durante a tramita\u00e7\u00e3o da proposta, retorne agora na chamada \u201cPEC paralela\u201d, que tamb\u00e9m pretende incluir estados e munic\u00edpios na \u201creforma\u201d da Previd\u00eancia. Por outro lado, \u00c1vila tamb\u00e9m diz que ainda \u00e9 poss\u00edvel derrotar ou amenizar os impactos negativos do projeto, que agora ser\u00e1 votado no Senado. \u201cS\u00e3o tr\u00eas senadores por estado, a press\u00e3o pode ser muito maior. E acredito que \u00e9 poss\u00edvel, sim, barrar essa reforma.\u201d<\/p>\n<p><strong>Fonte: Rede Brasil Atual<\/strong><\/p>\n","protected":false},"excerpt":{"rendered":"<p>O economista da\u00a0Auditoria Cidad\u00e3\u00a0Rodrigo \u00c1vila diz que a \u201creforma\u201d da Previd\u00eancia, que teve a vota\u00e7\u00e3o na C\u00e2mara dos Deputados encerrada na quarta-feira (7), depois de rejeitados os destaques apresentados pela oposi\u00e7\u00e3o, vai servir para retirar recursos dos trabalhadores, aposentados e pensionistas, para garantir o pagamento dos custos com juros e amortiza\u00e7\u00f5es da d\u00edvida interna. Segundo [&hellip;]<\/p>\n","protected":false},"author":2,"featured_media":7305,"comment_status":"","ping_status":"","sticky":false,"template":"","format":"standard","meta":{"footnotes":""},"categories":[3],"tags":[],"class_list":["post-7306","post","type-post","status-publish","format-standard","has-post-thumbnail","hentry","category-noticias"],"_links":{"self":[{"href":"https:\/\/hostnetart.com.br\/baixada\/wp-json\/wp\/v2\/posts\/7306","targetHints":{"allow":["GET"]}}],"collection":[{"href":"https:\/\/hostnetart.com.br\/baixada\/wp-json\/wp\/v2\/posts"}],"about":[{"href":"https:\/\/hostnetart.com.br\/baixada\/wp-json\/wp\/v2\/types\/post"}],"author":[{"embeddable":true,"href":"https:\/\/hostnetart.com.br\/baixada\/wp-json\/wp\/v2\/users\/2"}],"replies":[{"embeddable":true,"href":"https:\/\/hostnetart.com.br\/baixada\/wp-json\/wp\/v2\/comments?post=7306"}],"version-history":[{"count":0,"href":"https:\/\/hostnetart.com.br\/baixada\/wp-json\/wp\/v2\/posts\/7306\/revisions"}],"wp:featuredmedia":[{"embeddable":true,"href":"https:\/\/hostnetart.com.br\/baixada\/wp-json\/wp\/v2\/media\/7305"}],"wp:attachment":[{"href":"https:\/\/hostnetart.com.br\/baixada\/wp-json\/wp\/v2\/media?parent=7306"}],"wp:term":[{"taxonomy":"category","embeddable":true,"href":"https:\/\/hostnetart.com.br\/baixada\/wp-json\/wp\/v2\/categories?post=7306"},{"taxonomy":"post_tag","embeddable":true,"href":"https:\/\/hostnetart.com.br\/baixada\/wp-json\/wp\/v2\/tags?post=7306"}],"curies":[{"name":"wp","href":"https:\/\/api.w.org\/{rel}","templated":true}]}}