{"id":7304,"date":"2019-08-08T15:25:45","date_gmt":"2019-08-08T18:25:45","guid":{"rendered":"https:\/\/hostnetart.com.br\/baixada\/contas-de-luz-puxam-para-cima-inflacao-oficial-em-julho-precos-de-combustiveis-caem\/"},"modified":"2019-08-08T15:25:45","modified_gmt":"2019-08-08T18:25:45","slug":"contas-de-luz-puxam-para-cima-inflacao-oficial-em-julho-precos-de-combustiveis-caem","status":"publish","type":"post","link":"https:\/\/hostnetart.com.br\/baixada\/contas-de-luz-puxam-para-cima-inflacao-oficial-em-julho-precos-de-combustiveis-caem\/","title":{"rendered":"Contas de luz puxam para cima infla\u00e7\u00e3o oficial em julho. Pre\u00e7os de combust\u00edveis caem"},"content":{"rendered":"<p>O\u00a0\u00cdndice Nacional de Pre\u00e7os ao Consumidor Amplo (<strong>IPCA<\/strong>), taxa oficial da<a href=\"https:\/\/www.redebrasilatual.com.br\/tag\/ipca\/\" target=\"_blank\" rel=\"noopener noreferrer\"><strong>\u00a0infla\u00e7\u00e3o<\/strong>\u00a0no pa\u00eds<\/a>, variou 0,19% em julho, bem acima do m\u00eas anterior (0,01%) e abaixo de igual per\u00edodo do ano passado (0,33%). Segundo o IBGE, que divulgou os resultados na manh\u00e3 desta quinta-feira (8), foi a taxa mais baixa para julho desde 2014. O IPCA est\u00e1 acumulado em 2,42% no ano e em 3,22% em 12 meses.<\/p>\n<p>O que pesou mais no bolso no m\u00eas passado foi o item energia el\u00e9trica: as contas de luz ficaram 4,48% mais caras, em m\u00e9dia \u2013 variando de -0,40% (Rio Branco) a 7,59% (regi\u00e3o metropolitana de S\u00e3o Paulo). Apenas a energia representou impacto de 0,17 ponto percentual na taxa geral, praticamente todo o resultado do m\u00eas. Com isso, o grupo Habita\u00e7\u00e3o subiu 1,20%, com impacto de 0,19 ponto. Outro destaque foi a taxa de \u00e1gua e esgoto (0,73%), com reajustes em algumas regi\u00f5es.<\/p>\n<p>O grupo Alimenta\u00e7\u00e3o e Bebidas, que responde por 25% das despesas das fam\u00edlias, ficou est\u00e1vel, com varia\u00e7\u00e3o de 0,01%. Subiram pre\u00e7os como os da cebola (20,70%), frutas (2,51%) e carnes (1,10%) \u2013 cada um representando 0,03 ponto \u2013, enquanto ca\u00edram os do tomate (-11,28%, -0,04 ponto), feij\u00e3o carioca (-8,86%), hortali\u00e7as (-4,98%) e batata inglesa (-3,68%).<\/p>\n<p>Com queda de 2,79%, em m\u00e9dia, os combust\u00edveis fizeram o grupo Transportes fechar julho com varia\u00e7\u00e3o de -0,17%. O pre\u00e7o da gasolina caiu 2,80% (-0,12 ponto, maior impacto individual negativo do m\u00eas), indo de -6,89% (regi\u00e3o metropolitana de Salvador) a 1,11% (Grande Porto Alegre). Tamb\u00e9m ca\u00edram os pre\u00e7os do etanol (-3,13%), \u00f3leo diesel (-1,76%) e g\u00e1s natural (-1,47%). Entre as altas, a passagem a\u00e9rea subiu 18,63% (impacto de 0,08 ponto) e o \u00f4nibus interestadual subiu 5,21%.<\/p>\n<p>A maior queda entre os grupo foi de Vestu\u00e1rio: -0,52%. As roupas femininas recuaram 1,39%.<\/p>\n<p>Entre as regi\u00f5es pesquisadas, a maior varia\u00e7\u00e3o foi apurada em Porto Alegre (0,54%), com aumento nas frutas e na energia el\u00e9trica. O menor \u00edndice foi o de Goi\u00e2nia (-0,22%), com quedas no pre\u00e7o do tomate e da gasolina. O IPCA variou 0,30% no Rio de Janeiro e 0,28% em S\u00e3o Paulo.<\/p>\n<p>Em 12 meses, o \u00edndice vai de 2,39% (Curitiba) a 4,27% (Aracaju).<\/p>\n<h5>INPC<\/h5>\n<p>O \u00cdndice Nacional de Pre\u00e7os ao Consumidor (INPC) ficou em 0,10%, acima de junho (tamb\u00e9m 0,01%), mas o menor para o m\u00eas desde 2013. A taxa soma 2,55% no ano e 3,16% em 12 meses.<\/p>\n<p>Segundo o IBGE, os produtos aliment\u00edcios voltaram a cair (-0,05%), enquanto os n\u00e3o aliment\u00edcios subiram novamente (0,09%).<\/p>\n<p><strong>Fonte: Rede Brasil Atual<\/strong><\/p>\n","protected":false},"excerpt":{"rendered":"<p>O\u00a0\u00cdndice Nacional de Pre\u00e7os ao Consumidor Amplo (IPCA), taxa oficial da\u00a0infla\u00e7\u00e3o\u00a0no pa\u00eds, variou 0,19% em julho, bem acima do m\u00eas anterior (0,01%) e abaixo de igual per\u00edodo do ano passado (0,33%). Segundo o IBGE, que divulgou os resultados na manh\u00e3 desta quinta-feira (8), foi a taxa mais baixa para julho desde 2014. O IPCA est\u00e1 [&hellip;]<\/p>\n","protected":false},"author":2,"featured_media":7303,"comment_status":"","ping_status":"","sticky":false,"template":"","format":"standard","meta":{"footnotes":""},"categories":[3],"tags":[],"class_list":["post-7304","post","type-post","status-publish","format-standard","has-post-thumbnail","hentry","category-noticias"],"_links":{"self":[{"href":"https:\/\/hostnetart.com.br\/baixada\/wp-json\/wp\/v2\/posts\/7304","targetHints":{"allow":["GET"]}}],"collection":[{"href":"https:\/\/hostnetart.com.br\/baixada\/wp-json\/wp\/v2\/posts"}],"about":[{"href":"https:\/\/hostnetart.com.br\/baixada\/wp-json\/wp\/v2\/types\/post"}],"author":[{"embeddable":true,"href":"https:\/\/hostnetart.com.br\/baixada\/wp-json\/wp\/v2\/users\/2"}],"replies":[{"embeddable":true,"href":"https:\/\/hostnetart.com.br\/baixada\/wp-json\/wp\/v2\/comments?post=7304"}],"version-history":[{"count":0,"href":"https:\/\/hostnetart.com.br\/baixada\/wp-json\/wp\/v2\/posts\/7304\/revisions"}],"wp:featuredmedia":[{"embeddable":true,"href":"https:\/\/hostnetart.com.br\/baixada\/wp-json\/wp\/v2\/media\/7303"}],"wp:attachment":[{"href":"https:\/\/hostnetart.com.br\/baixada\/wp-json\/wp\/v2\/media?parent=7304"}],"wp:term":[{"taxonomy":"category","embeddable":true,"href":"https:\/\/hostnetart.com.br\/baixada\/wp-json\/wp\/v2\/categories?post=7304"},{"taxonomy":"post_tag","embeddable":true,"href":"https:\/\/hostnetart.com.br\/baixada\/wp-json\/wp\/v2\/tags?post=7304"}],"curies":[{"name":"wp","href":"https:\/\/api.w.org\/{rel}","templated":true}]}}