{"id":7302,"date":"2019-08-08T15:19:06","date_gmt":"2019-08-08T18:19:06","guid":{"rendered":"https:\/\/hostnetart.com.br\/baixada\/paq-do-banco-do-brasil-afetara-funcoes-agencias-departamentos\/"},"modified":"2019-08-08T15:19:06","modified_gmt":"2019-08-08T18:19:06","slug":"paq-do-banco-do-brasil-afetara-funcoes-agencias-departamentos","status":"publish","type":"post","link":"https:\/\/hostnetart.com.br\/baixada\/paq-do-banco-do-brasil-afetara-funcoes-agencias-departamentos\/","title":{"rendered":"PAQ do Banco do Brasil afetar\u00e1 fun\u00e7\u00f5es, ag\u00eancias, departamentos"},"content":{"rendered":"<p>O Banco do Brasil anunciou mais um Plano de Adequa\u00e7\u00e3o de Quadros (PAQ) que afetar\u00e1 fun\u00e7\u00f5es, ag\u00eancias e departamentos. Tamb\u00e9m est\u00e1 sendo preparado um novo plano de desligamento incentivado. Os funcion\u00e1rios, por\u00e9m, t\u00eam poucas informa\u00e7\u00f5es sobre o processo.<\/p>\n<p>Diante da falta de informa\u00e7\u00f5es, banc\u00e1rios de todo o Brasil realizam na sexta-feira (9) um\u00a0<a href=\"https:\/\/contrafcut.com.br\/noticias\/bancarios-realizarao-dia-nacional-de-luta-contra-reestruturacao-no-banco-do-brasil\/\" target=\"_blank\" rel=\"noopener noreferrer\">Dia Nacional de Luta<\/a>\u00a0em Defesa do Banco do Brasil.<\/p>\n<h3><strong>Rede de ag\u00eancias mais impactadas<\/strong><\/h3>\n<p>Em reuni\u00e3o realizada no dia 29 de julho, o banco informou que 710 ag\u00eancias ser\u00e3o impactadas em todo o pa\u00eds. Dessas, 634 diminuir\u00e3o de n\u00edvel (o banco classifica as ag\u00eancias em quatro n\u00edveis: A, B, C e D). Ou seja, perder\u00e3o funcion\u00e1rios e o gerente ter\u00e1 redu\u00e7\u00e3o de sal\u00e1rio. As 76 restantes aumentar\u00e3o de n\u00edvel.<\/p>\n<p>Isso significa que a quantidade das ag\u00eancias que aumentar\u00e3o de n\u00edvel n\u00e3o suprir\u00e1 a de unidades que tiverem redu\u00e7\u00e3o de n\u00edvel e, consequente, diminui\u00e7\u00e3o do n\u00famero de funcion\u00e1rios e de sal\u00e1rio dos gerentes.<\/p>\n<h3><strong>Revis\u00e3o de postos de trabalho<\/strong><\/h3>\n<p>O n\u00famero de dota\u00e7\u00f5es ser\u00e1 aumentado em 1.505 ag\u00eancias e reduzido em 1.765 unidades. Novamente a conta n\u00e3o vai fechar.<\/p>\n<p>Sem detalhar, o banco informou que a Plataforma de Suporte Operacional (PSO) sofrer\u00e1 redimensionamento, o que j\u00e1 est\u00e1 afetando a rede de caixas. O movimento sindical cobra esclarecimentos.<\/p>\n<p>As Ger\u00eancias Regionais de Apoio ao Com\u00e9rcio Exterior (Gecex) tamb\u00e9m passar\u00e3o por altera\u00e7\u00f5es, com a cria\u00e7\u00e3o de unidades de neg\u00f3cios especializados, escrit\u00f3rios de com\u00e9rcio exterior digital e redimensionamento. Ou seja, a rede abrir\u00e1 vagas de assistentes, mas perder\u00e1 uma s\u00e9rie de funcion\u00e1rios, principalmente escritur\u00e1rios.<\/p>\n<p>O banco disponibilizou o n\u00famero 0800-7295-299 para que os funcion\u00e1rios tirem suas d\u00favidas a respeito do PAQ.<\/p>\n<p>Esse novo PAQ ir\u00e1 reclassificar ag\u00eancias, retirar fun\u00e7\u00f5es e colocar uma s\u00e9rie de problemas tendo em vista no horizonte a amplia\u00e7\u00e3o da digitaliza\u00e7\u00e3o e o desmonte da fun\u00e7\u00e3o social do banco. Cobramos da dire\u00e7\u00e3o mais transpar\u00eancia sobre os impactos aos funcion\u00e1rios das \u00e1reas envolvidas no plano de adequa\u00e7\u00e3o de quadros e tamb\u00e9m a abertura de novos concursos a fim de reparar a redu\u00e7\u00e3o das vagas causada por mais essa reestrutura\u00e7\u00e3o.<\/p>\n<p><strong>Fonte:<\/strong>\u00a0<strong>SPBanc\u00e1rios, com edi\u00e7\u00f5es da Contraf-CUT<\/strong><\/p>\n","protected":false},"excerpt":{"rendered":"<p>O Banco do Brasil anunciou mais um Plano de Adequa\u00e7\u00e3o de Quadros (PAQ) que afetar\u00e1 fun\u00e7\u00f5es, ag\u00eancias e departamentos. Tamb\u00e9m est\u00e1 sendo preparado um novo plano de desligamento incentivado. Os funcion\u00e1rios, por\u00e9m, t\u00eam poucas informa\u00e7\u00f5es sobre o processo. Diante da falta de informa\u00e7\u00f5es, banc\u00e1rios de todo o Brasil realizam na sexta-feira (9) um\u00a0Dia Nacional de [&hellip;]<\/p>\n","protected":false},"author":2,"featured_media":7301,"comment_status":"","ping_status":"","sticky":false,"template":"","format":"standard","meta":{"footnotes":""},"categories":[3],"tags":[],"class_list":["post-7302","post","type-post","status-publish","format-standard","has-post-thumbnail","hentry","category-noticias"],"_links":{"self":[{"href":"https:\/\/hostnetart.com.br\/baixada\/wp-json\/wp\/v2\/posts\/7302","targetHints":{"allow":["GET"]}}],"collection":[{"href":"https:\/\/hostnetart.com.br\/baixada\/wp-json\/wp\/v2\/posts"}],"about":[{"href":"https:\/\/hostnetart.com.br\/baixada\/wp-json\/wp\/v2\/types\/post"}],"author":[{"embeddable":true,"href":"https:\/\/hostnetart.com.br\/baixada\/wp-json\/wp\/v2\/users\/2"}],"replies":[{"embeddable":true,"href":"https:\/\/hostnetart.com.br\/baixada\/wp-json\/wp\/v2\/comments?post=7302"}],"version-history":[{"count":0,"href":"https:\/\/hostnetart.com.br\/baixada\/wp-json\/wp\/v2\/posts\/7302\/revisions"}],"wp:featuredmedia":[{"embeddable":true,"href":"https:\/\/hostnetart.com.br\/baixada\/wp-json\/wp\/v2\/media\/7301"}],"wp:attachment":[{"href":"https:\/\/hostnetart.com.br\/baixada\/wp-json\/wp\/v2\/media?parent=7302"}],"wp:term":[{"taxonomy":"category","embeddable":true,"href":"https:\/\/hostnetart.com.br\/baixada\/wp-json\/wp\/v2\/categories?post=7302"},{"taxonomy":"post_tag","embeddable":true,"href":"https:\/\/hostnetart.com.br\/baixada\/wp-json\/wp\/v2\/tags?post=7302"}],"curies":[{"name":"wp","href":"https:\/\/api.w.org\/{rel}","templated":true}]}}