{"id":7300,"date":"2019-08-07T20:06:47","date_gmt":"2019-08-07T23:06:47","guid":{"rendered":"https:\/\/hostnetart.com.br\/baixada\/em-periodo-de-desemprego-pesquisa-mais-antiga-sobre-emprego-deixa-de-ser-feita\/"},"modified":"2019-08-07T20:06:47","modified_gmt":"2019-08-07T23:06:47","slug":"em-periodo-de-desemprego-pesquisa-mais-antiga-sobre-emprego-deixa-de-ser-feita","status":"publish","type":"post","link":"https:\/\/hostnetart.com.br\/baixada\/em-periodo-de-desemprego-pesquisa-mais-antiga-sobre-emprego-deixa-de-ser-feita\/","title":{"rendered":"Em per\u00edodo de desemprego, pesquisa mais antiga sobre emprego deixa de ser feita"},"content":{"rendered":"<p>O levantamento com a maior s\u00e9rie hist\u00f3rica sobre mercado de trabalho no pa\u00eds, a Pesquisa de Emprego e Desemprego (PED), acabou. A Funda\u00e7\u00e3o Seade, ligada \u00e0 Secretaria de Governo paulista, anunciou o fim da PED, que come\u00e7ou a ser divulgada em 1985, em parceria com o Dieese, na regi\u00e3o metropolitana de S\u00e3o Paulo. Durante os anos 2000, a pesquisa chegou a ser divulgada em sete regi\u00f5es \u2013 al\u00e9m de S\u00e3o Paulo, em Belo Horizonte, Distrito Federal, Fortaleza, Porto Alegre, Recife e Salvador. \u201cO Sistema PED subsidiou in\u00fameros estudos e permitiu ampliar o conhecimento sobre o mercado de trabalho das metr\u00f3poles brasileiras, em suas diferen\u00e7as regionais\u201d, diz o Seade. A decis\u00e3o \u00e9 anunciada em momento de desemprego e informalidade em alta.<\/p>\n<p>Em comunicado sobre o encerramento da pesquisa, a partir de julho, a funda\u00e7\u00e3o aponta diminui\u00e7\u00e3o das diferen\u00e7as entre a PED e a Pesquisa Nacional por Amostra de Domic\u00edlios (Pnad) Cont\u00ednua, do IBGE. Essa diferen\u00e7a teria justificado por d\u00e9cadas a realiza\u00e7\u00e3o simult\u00e2nea dos dois levantamentos, e a compara\u00e7\u00e3o entre a PED e atual Pnad \u201cmostra que este n\u00e3o \u00e9 o mais caso\u201d. No texto, a funda\u00e7\u00e3o afirma ainda que \u201cSeade e Dieese permanecem parceiros no esfor\u00e7o de investigar e informar a sociedade sobre a din\u00e2mica do mercado de trabalho em S\u00e3o Paulo\u201d.<\/p>\n<p>A s\u00e9rie hist\u00f3rica da Pnad \u00e9 bem mais recente \u2013 come\u00e7a apenas em 2002. At\u00e9 ent\u00e3o, o IBGE divulgava a Pesquisa Mensal de Emprego (PME), restrita a seis regi\u00f5es metropolitanas.\u00a0 O levantamento de campo da PED come\u00e7ou a ser feito em outubro de 1984. Desde ent\u00e3o, sem qualquer interrup\u00e7\u00e3o da coleta, an\u00e1lise e divulga\u00e7\u00e3o de suas informa\u00e7\u00f5es, esta pesquisa vem permitindo a seus usu\u00e1rios acompanhar a conjuntura do mercado de trabalho regional. Al\u00e9m disso, a riqueza de seu banco de dados tem possibilitado o desenvolvimento de in\u00fameros estudos e tabula\u00e7\u00f5es especiais que, juntamente com os relat\u00f3rios de pesquisa que o tomam por base, atendem aos mais variados usu\u00e1rios, sejam das diferentes esferas de governo, das empresas, dos sindicatos ou das universidades\u201d, diz texto de apresenta\u00e7\u00e3o. Desde 1998, os dados da regi\u00e3o do ABC paulista tamb\u00e9m passaram a ser apresentados separadamente.<\/p>\n<h3>Crises<\/h3>\n<p>Coincidentemente ou n\u00e3o, a parceria na PED termina na gest\u00e3o Jo\u00e3o Doria (PSDB), \u00e0 frente do governo paulista, ao qual o Seade \u00e9 vinculado. Doria tem relacionamento ruim com o movimento sindical. N\u00e3o foi a primeira vez que houve uma crise envolvendo a pesquisa, mas em circunst\u00e2ncias diferentes: em 2003, o ent\u00e3o presidente do Seade, Jos\u00e9 Eli da Veiga, assumiu criticando a metodologia da PED e o conv\u00eanio entre as entidades. Seguiu-se uma crise com as centrais sindicais, que pediram audi\u00eancia com o governador Geraldo Alckmin, tamb\u00e9m tucano. Ele decidiu pela manuten\u00e7\u00e3o da parceria, e Veiga saiu.<\/p>\n<p>O diretor t\u00e9cnico do Dieese, Clemente Ganz L\u00facio, disse que h\u00e1 tempos as duas entidades discutiam mudan\u00e7as no question\u00e1rio, para atender a novas especificidades do mercado, mas a decis\u00e3o de interromper a pesquisa foi do Seade. Ele destacou a import\u00e2ncia da PED para o acompanhamento do mundo do trabalho e suas transforma\u00e7\u00f5es. \u201cA Pnad incorporou muitos dos conceitos que a PED desenvolveu. Em certo sentido, ela (PED) resultou em mudan\u00e7as na estat\u00edstica oficial\u201d, ressaltou.<\/p>\n<p>Segundo Clemente, n\u00e3o h\u00e1 crise entre as duas institui\u00e7\u00f5es. O diretor do Dieese credita o fim da pesquisa a fatores t\u00e9cnicos e financeiros, n\u00e3o pol\u00edticos. \u201cN\u00e3o creio que foi o determinante.\u201d Ele acredita que a funda\u00e7\u00e3o decidiu realizar uma pesquisa que atenda a outras \u00e1reas de governo, com os mesmos recursos. Do ponto de vista financeiro, o Dieese n\u00e3o tem perda \u2013 reduz, inclusive, parte dos gastos.<\/p>\n<p>Com o fim da PED (confira aqui os dados referentes a junho), se interrompe a maior s\u00e9rie hist\u00f3rica sobre desemprego no pa\u00eds. \u201cTalvez a Funda\u00e7\u00e3o Seade consiga manter a s\u00e9rie hist\u00f3rica de alguns indicadores\u201d, diz Clemente, para quem o Brasil possui \u201cum volume de estat\u00edstica bastante razo\u00e1vel\u201d. Ao mesmo tempo, ele observa que o campo estat\u00edstico est\u00e1 sob ataque do governo federal. O pr\u00f3prio IBGE e o Inpe (pesquisas espaciais) j\u00e1 foram alvo de Jair Bolsonaro.<\/p>\n<p>Segundo a nota que comunicou o fim da PED, a Funda\u00e7\u00e3o Seade lembrou que lan\u00e7ou o produto Informativos sobre Mercado de Trabalho (http:\/\/www.seade.gov.br\/mercado-trabalho\/), com boletins mensais sobre emprego formal baseados em informa\u00e7\u00e3o do Cadastro Geral de Empregados e Desempregados (Caged, do Minist\u00e9rio da Economia), e boletins trimestrais com informa\u00e7\u00f5es sobre a Pnad Cont\u00ednua. \u201cO Dieese, por sua vez, dever\u00e1 dar continuidade \u00e0 sua experi\u00eancia de produtor de informa\u00e7\u00f5es domiciliares, por meio da gradual constru\u00e7\u00e3o de uma pesquisa multitem\u00e1tica, nucleada pelo aperfei\u00e7oamento da metodologia PED, acrescida de outras investiga\u00e7\u00f5es pontuais que retratem as condi\u00e7\u00f5es de trabalho e vida em diversos espa\u00e7os territoriais.\u201d<\/p>\n<p><strong>Fonte: Rede Brasil Atual<\/strong><\/p>\n","protected":false},"excerpt":{"rendered":"<p>O levantamento com a maior s\u00e9rie hist\u00f3rica sobre mercado de trabalho no pa\u00eds, a Pesquisa de Emprego e Desemprego (PED), acabou. A Funda\u00e7\u00e3o Seade, ligada \u00e0 Secretaria de Governo paulista, anunciou o fim da PED, que come\u00e7ou a ser divulgada em 1985, em parceria com o Dieese, na regi\u00e3o metropolitana de S\u00e3o Paulo. Durante os [&hellip;]<\/p>\n","protected":false},"author":2,"featured_media":7299,"comment_status":"","ping_status":"","sticky":false,"template":"","format":"standard","meta":{"footnotes":""},"categories":[3],"tags":[],"class_list":["post-7300","post","type-post","status-publish","format-standard","has-post-thumbnail","hentry","category-noticias"],"_links":{"self":[{"href":"https:\/\/hostnetart.com.br\/baixada\/wp-json\/wp\/v2\/posts\/7300","targetHints":{"allow":["GET"]}}],"collection":[{"href":"https:\/\/hostnetart.com.br\/baixada\/wp-json\/wp\/v2\/posts"}],"about":[{"href":"https:\/\/hostnetart.com.br\/baixada\/wp-json\/wp\/v2\/types\/post"}],"author":[{"embeddable":true,"href":"https:\/\/hostnetart.com.br\/baixada\/wp-json\/wp\/v2\/users\/2"}],"replies":[{"embeddable":true,"href":"https:\/\/hostnetart.com.br\/baixada\/wp-json\/wp\/v2\/comments?post=7300"}],"version-history":[{"count":0,"href":"https:\/\/hostnetart.com.br\/baixada\/wp-json\/wp\/v2\/posts\/7300\/revisions"}],"wp:featuredmedia":[{"embeddable":true,"href":"https:\/\/hostnetart.com.br\/baixada\/wp-json\/wp\/v2\/media\/7299"}],"wp:attachment":[{"href":"https:\/\/hostnetart.com.br\/baixada\/wp-json\/wp\/v2\/media?parent=7300"}],"wp:term":[{"taxonomy":"category","embeddable":true,"href":"https:\/\/hostnetart.com.br\/baixada\/wp-json\/wp\/v2\/categories?post=7300"},{"taxonomy":"post_tag","embeddable":true,"href":"https:\/\/hostnetart.com.br\/baixada\/wp-json\/wp\/v2\/tags?post=7300"}],"curies":[{"name":"wp","href":"https:\/\/api.w.org\/{rel}","templated":true}]}}