{"id":7298,"date":"2019-08-07T20:05:43","date_gmt":"2019-08-07T23:05:43","guid":{"rendered":"https:\/\/hostnetart.com.br\/baixada\/bancarios-realizarao-dia-nacional-de-luta-contra-reestruturacao-no-banco-do-brasil\/"},"modified":"2019-08-07T20:05:43","modified_gmt":"2019-08-07T23:05:43","slug":"bancarios-realizarao-dia-nacional-de-luta-contra-reestruturacao-no-banco-do-brasil","status":"publish","type":"post","link":"https:\/\/hostnetart.com.br\/baixada\/bancarios-realizarao-dia-nacional-de-luta-contra-reestruturacao-no-banco-do-brasil\/","title":{"rendered":"Banc\u00e1rios realizar\u00e3o Dia Nacional de luta contra reestrutura\u00e7\u00e3o no Banco do Brasil"},"content":{"rendered":"<p>Sindicatos dos banc\u00e1rios de todo o pa\u00eds realizam na sexta-feira (9) um Dia Nacional de luta contra reestrutura\u00e7\u00e3o no Banco do Brasil, que\u00a0<a href=\"https:\/\/contrafcut.com.br\/noticias\/reestruturacao-no-banco-do-brasil-segue-com-cortes-e-fechamento-de-agencias\/\">anunciou n<\/a><a href=\"https:\/\/contrafcut.com.br\/noticias\/reestruturacao-no-banco-do-brasil-segue-com-cortes-e-fechamento-de-agencias\/\" target=\"_blank\" rel=\"noopener noreferrer\">o<\/a><a href=\"https:\/\/contrafcut.com.br\/noticias\/reestruturacao-no-banco-do-brasil-segue-com-cortes-e-fechamento-de-agencias\/\">\u00a0dia 29 de julho<\/a>\u00a0mais um Plano de Adequa\u00e7\u00e3o de Quadros (PAQ), com previs\u00e3o de extin\u00e7\u00e3o de fun\u00e7\u00f5es, redu\u00e7\u00e3o de postos de trabalho, fechamento de ag\u00eancias e departamentos. O banco tamb\u00e9m prepara um novo plano de desligamento incentivado. Os protestos desta sexta fazem do\u00a0<a href=\"https:\/\/contrafcut.com.br\/noticias\/bancarios-fortalecem-unidade-nacional-e-tracam-estrategias-para-defesa-de-direitos\/\" target=\"_blank\" rel=\"noopener noreferrer\">calend\u00e1rio de luta em defesa dos bancos p\u00fablicos<\/a>, definido na 21\u00aa Confer\u00eancia Nacional dos Banc\u00e1rios.<\/p>\n<p>\u201cO Banco do Brasil vem priorizando a prolifera\u00e7\u00e3o de ag\u00eancias digitais. Isso afetar\u00e1 sua fun\u00e7\u00e3o p\u00fablica e social. A pol\u00edtica de Estado para os bancos p\u00fablicos deve priorizar a bancariza\u00e7\u00e3o da popula\u00e7\u00e3o, principalmente a de mais baixa renda, ao inv\u00e9s de copiar o modelo adotado pelos bancos privados\u201d, criticou o coordenador da Comiss\u00e3o de Empresa dos Funcion\u00e1rios do Banco do Brasil, Jo\u00e3o Fukunaga. \u201cIsso n\u00e3o quer dizer que o BB n\u00e3o possa ter ag\u00eancias digitais, mas o banco n\u00e3o pode abrir m\u00e3o de ag\u00eancias f\u00edsicas arriscando descumprir com a fun\u00e7\u00e3o social que compete a um banco p\u00fablico\u201d, completou.<\/p>\n<p>Levantamento realizado pelo Departamento Intersindical de Estat\u00edstica e Estudos Socioecon\u00f4micos (Dieese) com base em\u00a0<a href=\"https:\/\/contrafcut.com.br\/noticias\/maioria-das-cidades-brasileiras-ficaria-sem-agencias-bancarias-se-bancos-publicos-fossem-privatizados\/\" target=\"_blank\" rel=\"noopener noreferrer\">dados do Banco Central<\/a>, aponta que, atualmente, dos 5.590 munic\u00edpios brasileiros, 3.365 (60,2%) contam com uma ou mais ag\u00eancia banc\u00e1ria. Do total de munic\u00edpios, 950 (17%) s\u00e3o atendidos somente por bancos p\u00fablicos. Os dados mostram, ainda que, com o fechamento de ag\u00eancias de bancos p\u00fablicos, 57% das cidades brasileiras podem ficar sem ag\u00eancias banc\u00e1rias e, neste caso, suas popula\u00e7\u00f5es ter\u00e3o que se deslocar para outros munic\u00edpios para ter acesso aos servi\u00e7os por elas prestados.<\/p>\n<p>O exemplo mais alarmante \u00e9 de Rond\u00f4nia. Dos 15 munic\u00edpios do estado, apenas seis contam com ag\u00eancias banc\u00e1rias e em cinco deles existem apenas bancos p\u00fablicos. Fechadas as ag\u00eancias de bancos p\u00fablicos, toda a popula\u00e7\u00e3o do estado teria de ir at\u00e9 a capital para utilizar um banco.<\/p>\n<p>\u201cA atual pol\u00edtica de Estado \u00e9 de exclus\u00e3o. Com isso, o papel do banco p\u00fablico, que deveria contribuir para o desenvolvimento regional igualit\u00e1rio e garantir a oferta de servi\u00e7os banc\u00e1rios para a popula\u00e7\u00e3o, vem se perdendo\u201d, afirmou o representante dos funcion\u00e1rios do BB.<\/p>\n<h3><strong>Revis\u00e3o de postos de trabalho<\/strong><\/h3>\n<p>Segundo informa\u00e7\u00f5es do banco, o n\u00famero de postos de trabalho ser\u00e1 aumentado em 1.505 ag\u00eancias, mas reduzido em 1.765 unidades. Sem detalhar as mudan\u00e7as, o BB informou que a Plataforma de Suporte Operacional (PSO) sofrer\u00e1 redimensionamento, o que j\u00e1 est\u00e1 afetando a rede de caixas. O movimento sindical cobra esclarecimentos.<\/p>\n<p>As Ger\u00eancias Regionais de Apoio ao Com\u00e9rcio Exterior (Gecex) tamb\u00e9m passar\u00e3o por altera\u00e7\u00f5es, com a cria\u00e7\u00e3o de unidades de neg\u00f3cios especializados, escrit\u00f3rios de com\u00e9rcio exterior digital e redimensionamento. Isso far\u00e1 com que sejam abertas vagas de assistentes, mas a rede perder\u00e1 uma s\u00e9rie de funcion\u00e1rios, principalmente escritur\u00e1rios.<\/p>\n<h3><strong>Plano de Desligamento Volunt\u00e1rio<\/strong><\/h3>\n<p>Al\u00e9m do fechamento de ag\u00eancias e movimenta\u00e7\u00e3o de pessoal, o banco prepara um novo Plano de Desligamento Volunt\u00e1rio (PDV), com ades\u00e3o volunt\u00e1ria e de car\u00e1ter pessoal. \u201cAinda n\u00e3o obtivemos informa\u00e7\u00f5es oficiais sobre o PDV, mas j\u00e1 apuramos que o plano s\u00f3 ser\u00e1 validado nas ag\u00eancias que tiverem \u2018quadro em excesso\u2019\u201d, informou Fukunaga. \u201cVamos ficar atentos e cobrar transpar\u00eancia, uma vez que est\u00e1 confuso como ser\u00e1 definido quando h\u00e1 ou n\u00e3o \u2018quadro em excesso\u2019 nas ag\u00eancias\u201d, completou o dirigente.<\/p>\n<h3><strong>Material de apoio<\/strong><\/h3>\n<p>A Confedera\u00e7\u00e3o Nacional dos Trabalhadores do Ramo Financeiro (Contraf-CUT) disponibilizou em seu site uma edi\u00e7\u00e3o especial do boletim\u00a0<a href=\"https:\/\/contrafcut.com.br\/publicacoes\/o-espelho-ago-2019\/\" target=\"_blank\" rel=\"noopener noreferrer\">O Espelho<\/a>, material espec\u00edfico voltado aos funcion\u00e1rios do Banco do Brasil. Na \u00e1rea restrita, os filiados \u00e0 Contraf-CUT t\u00eam acesso ao arquivo aberto do boletim. O material em PDF tamb\u00e9m foi enviado pela secretaria Geral a todos os sindicatos e federa\u00e7\u00f5es que fazem parte do Comando Nacional dos Banc\u00e1rios.<\/p>\n<p>No site da Contraf-CUT, tamb\u00e9m foram disponibilizados textos sobre o assunto e a arte de um adesivo que pode ser utilizado no Dia Nacional de Luta de sexta-feira e nas demais atividades em defesa do Banco do Brasil.<\/p>\n<p><strong>Fonte:<\/strong>\u00a0<strong>Contraf-CUT \/ Paulo Flores<\/strong><\/p>\n","protected":false},"excerpt":{"rendered":"<p>Sindicatos dos banc\u00e1rios de todo o pa\u00eds realizam na sexta-feira (9) um Dia Nacional de luta contra reestrutura\u00e7\u00e3o no Banco do Brasil, que\u00a0anunciou no\u00a0dia 29 de julho\u00a0mais um Plano de Adequa\u00e7\u00e3o de Quadros (PAQ), com previs\u00e3o de extin\u00e7\u00e3o de fun\u00e7\u00f5es, redu\u00e7\u00e3o de postos de trabalho, fechamento de ag\u00eancias e departamentos. O banco tamb\u00e9m prepara um [&hellip;]<\/p>\n","protected":false},"author":2,"featured_media":7297,"comment_status":"","ping_status":"","sticky":false,"template":"","format":"standard","meta":{"footnotes":""},"categories":[3],"tags":[],"class_list":["post-7298","post","type-post","status-publish","format-standard","has-post-thumbnail","hentry","category-noticias"],"_links":{"self":[{"href":"https:\/\/hostnetart.com.br\/baixada\/wp-json\/wp\/v2\/posts\/7298","targetHints":{"allow":["GET"]}}],"collection":[{"href":"https:\/\/hostnetart.com.br\/baixada\/wp-json\/wp\/v2\/posts"}],"about":[{"href":"https:\/\/hostnetart.com.br\/baixada\/wp-json\/wp\/v2\/types\/post"}],"author":[{"embeddable":true,"href":"https:\/\/hostnetart.com.br\/baixada\/wp-json\/wp\/v2\/users\/2"}],"replies":[{"embeddable":true,"href":"https:\/\/hostnetart.com.br\/baixada\/wp-json\/wp\/v2\/comments?post=7298"}],"version-history":[{"count":0,"href":"https:\/\/hostnetart.com.br\/baixada\/wp-json\/wp\/v2\/posts\/7298\/revisions"}],"wp:featuredmedia":[{"embeddable":true,"href":"https:\/\/hostnetart.com.br\/baixada\/wp-json\/wp\/v2\/media\/7297"}],"wp:attachment":[{"href":"https:\/\/hostnetart.com.br\/baixada\/wp-json\/wp\/v2\/media?parent=7298"}],"wp:term":[{"taxonomy":"category","embeddable":true,"href":"https:\/\/hostnetart.com.br\/baixada\/wp-json\/wp\/v2\/categories?post=7298"},{"taxonomy":"post_tag","embeddable":true,"href":"https:\/\/hostnetart.com.br\/baixada\/wp-json\/wp\/v2\/tags?post=7298"}],"curies":[{"name":"wp","href":"https:\/\/api.w.org\/{rel}","templated":true}]}}