{"id":7288,"date":"2019-08-06T14:29:11","date_gmt":"2019-08-06T17:29:11","guid":{"rendered":"https:\/\/hostnetart.com.br\/baixada\/contraf-cut-conquista-revogacao-da-exigencia-de-120-meses-para-aposentados-da-caixa\/"},"modified":"2019-08-06T14:29:11","modified_gmt":"2019-08-06T17:29:11","slug":"contraf-cut-conquista-revogacao-da-exigencia-de-120-meses-para-aposentados-da-caixa","status":"publish","type":"post","link":"https:\/\/hostnetart.com.br\/baixada\/contraf-cut-conquista-revogacao-da-exigencia-de-120-meses-para-aposentados-da-caixa\/","title":{"rendered":"Contraf-CUT conquista revoga\u00e7\u00e3o da exig\u00eancia de 120 meses para aposentados da Caixa"},"content":{"rendered":"<p>Depois da\u00a0<a href=\"https:\/\/contrafcut.com.br\/noticias\/contraf-cut-protesta-contra-alteracoes-do-rh-221-da-caixa\/\" target=\"_blank\" rel=\"noopener noreferrer\">cobran\u00e7a da Confedera\u00e7\u00e3o Nacional dos Trabalhadores no Ramo Financeiro (Contraf CUT), em junho,<\/a>\u00a0e reiterada tanto pelo Grupo de Trabalho de Sa\u00fade Caixa, quanto pelo Conselho de Usu\u00e1rios do Sa\u00fade Caixa, a Caixa voltou atr\u00e1s e vai\u00a0<a href=\"https:\/\/www.fenae.org.br\/portal\/fenae-portal\/noticias\/rh-221-caixa-revoga-exigencia-de-120-meses-para-aposentados.htm\" target=\"_blank\" rel=\"noopener noreferrer\">retirar do RH 221 a exig\u00eancia de contribui\u00e7\u00e3o m\u00ednima de 120 meses<\/a>para manter o plano ap\u00f3s rescis\u00e3o do contrato de empregado aposentado pelo INSS.<\/p>\n<p>A nova vers\u00e3o do normativo est\u00e1 em fase de elabora\u00e7\u00e3o e ser\u00e1 divulgada pela Caixa em breve.<\/p>\n<p>Outros pontos foram acatados, como o n\u00e3o cancelamento do Sa\u00fade Caixa para o aposentado que n\u00e3o se recadastrar no per\u00edodo determinado. A Caixa concordou que o plano fique suspenso at\u00e9 que o aposentado possa realizar o recadastramento. A altera\u00e7\u00e3o tamb\u00e9m valer\u00e1 para os filhos, maiores de 21 anos, permanentemente incapazes.<\/p>\n<p>Foi informado tamb\u00e9m que o filho permanentemente incapaz, pela nova vers\u00e3o do RH, poder\u00e1 ter renda de at\u00e9 01 (um) sal\u00e1rio m\u00ednimo para ser mantido como dependente direto ap\u00f3s completar 21 anos, n\u00e3o considerando nessa conta a pens\u00e3o aliment\u00edcia. Pela atual reda\u00e7\u00e3o, filhos nessas condi\u00e7\u00f5es somente podem ser mantidos se n\u00e3o tiverem nenhum tipo de rendimento.<\/p>\n<p>Em outros itens questionados a patrocinadora se manteve inflex\u00edvel, como no caso do casal Caixa, obrigando assim que o titular seja o de maior remunera\u00e7\u00e3o base.<\/p>\n<p>As mudan\u00e7as foram resultado do refor\u00e7o das cobran\u00e7as realizadas na reuni\u00e3o conjunta ocorrida do GT Sa\u00fade Caixa e do Conselho de Usu\u00e1rios do Sa\u00fade Caixa com a empresa. As altera\u00e7\u00f5es feriam o negociado com a categoria no Acordo Coletivo de Trabalho tal restri\u00e7\u00e3o, n\u00e3o cabendo a empresa criar novas regras. \u201cPermanecemos vigilantes na manuten\u00e7\u00e3o de todos os direitos que temos no Acordo Coletivo 2018\/2020, ainda mais no que se refere ao Sa\u00fade Caixa, uma das maiores conquistas dos empregados ao longo dos anos de luta\u201d disse Fabiana Uehara Proscholdt, secret\u00e1ria da Cultura da Contraf-CUT e representante da confedera\u00e7\u00e3o nas negocia\u00e7\u00f5es com o banco.<\/p>\n<p><strong>Fonte: Contraf-CUT<\/strong><\/p>\n","protected":false},"excerpt":{"rendered":"<p>Depois da\u00a0cobran\u00e7a da Confedera\u00e7\u00e3o Nacional dos Trabalhadores no Ramo Financeiro (Contraf CUT), em junho,\u00a0e reiterada tanto pelo Grupo de Trabalho de Sa\u00fade Caixa, quanto pelo Conselho de Usu\u00e1rios do Sa\u00fade Caixa, a Caixa voltou atr\u00e1s e vai\u00a0retirar do RH 221 a exig\u00eancia de contribui\u00e7\u00e3o m\u00ednima de 120 mesespara manter o plano ap\u00f3s rescis\u00e3o do contrato [&hellip;]<\/p>\n","protected":false},"author":2,"featured_media":7287,"comment_status":"","ping_status":"","sticky":false,"template":"","format":"standard","meta":{"footnotes":""},"categories":[3],"tags":[],"class_list":["post-7288","post","type-post","status-publish","format-standard","has-post-thumbnail","hentry","category-noticias"],"_links":{"self":[{"href":"https:\/\/hostnetart.com.br\/baixada\/wp-json\/wp\/v2\/posts\/7288","targetHints":{"allow":["GET"]}}],"collection":[{"href":"https:\/\/hostnetart.com.br\/baixada\/wp-json\/wp\/v2\/posts"}],"about":[{"href":"https:\/\/hostnetart.com.br\/baixada\/wp-json\/wp\/v2\/types\/post"}],"author":[{"embeddable":true,"href":"https:\/\/hostnetart.com.br\/baixada\/wp-json\/wp\/v2\/users\/2"}],"replies":[{"embeddable":true,"href":"https:\/\/hostnetart.com.br\/baixada\/wp-json\/wp\/v2\/comments?post=7288"}],"version-history":[{"count":0,"href":"https:\/\/hostnetart.com.br\/baixada\/wp-json\/wp\/v2\/posts\/7288\/revisions"}],"wp:featuredmedia":[{"embeddable":true,"href":"https:\/\/hostnetart.com.br\/baixada\/wp-json\/wp\/v2\/media\/7287"}],"wp:attachment":[{"href":"https:\/\/hostnetart.com.br\/baixada\/wp-json\/wp\/v2\/media?parent=7288"}],"wp:term":[{"taxonomy":"category","embeddable":true,"href":"https:\/\/hostnetart.com.br\/baixada\/wp-json\/wp\/v2\/categories?post=7288"},{"taxonomy":"post_tag","embeddable":true,"href":"https:\/\/hostnetart.com.br\/baixada\/wp-json\/wp\/v2\/tags?post=7288"}],"curies":[{"name":"wp","href":"https:\/\/api.w.org\/{rel}","templated":true}]}}