{"id":7282,"date":"2019-08-06T14:24:23","date_gmt":"2019-08-06T17:24:23","guid":{"rendered":"https:\/\/hostnetart.com.br\/baixada\/lucros-de-r-24-6-bilhoes-acentuam-potencial-estrategico-de-empresas-publicas\/"},"modified":"2019-08-06T14:24:23","modified_gmt":"2019-08-06T17:24:23","slug":"lucros-de-r-24-6-bilhoes-acentuam-potencial-estrategico-de-empresas-publicas","status":"publish","type":"post","link":"https:\/\/hostnetart.com.br\/baixada\/lucros-de-r-24-6-bilhoes-acentuam-potencial-estrategico-de-empresas-publicas\/","title":{"rendered":"Lucros de R$ 24,6 bilh\u00f5es acentuam potencial estrat\u00e9gico de empresas p\u00fablicas"},"content":{"rendered":"<p>As empresas p\u00fablicas federais registraram\u00a0lucro de R$ 24,6 bilh\u00f5es no primeiro trimestre, resultado 57,5% maior do que o apurado em igual per\u00edodo do\u00a0<a href=\"https:\/\/www.redebrasilatual.com.br\/economia\/2019\/04\/empresas-estatais-alvos-de-privatizacao-registraram-crescimento-de-132-em-2018\/\" target=\"_blank\" rel=\"noopener noreferrer\">ano passado<\/a>. Para o diretor t\u00e9cnico do Dieese, Clemente Ganz L\u00facio, os n\u00fameros mostram a import\u00e2ncia de manter as empresas sob controle da Uni\u00e3o.<\/p>\n<p>\u201cAs empresas estatais t\u00eam uma capacidade grande de conduzir uma estrat\u00e9gia para a economia que gera resultados. E esse lucro cria a possibilidade de reinvestir na infraestrutura social ou ampliar a capacidade produtiva destas empresas\u201d, explica Clemente \u00e0\u00a0<strong>R\u00e1dio Brasil Atual<\/strong>.<\/p>\n<p>Os n\u00fameros divulgados no 10\u00ba Boletim das Empresas Estatais Federais, no dia 1\u00ba, em Bras\u00edlia, apontam que Banco do Brasil, Caixa Econ\u00f4mica Federal, BNDES, Eletrobr\u00e1s e Petrobras representam mais de 90% dos ativos totais e do patrim\u00f4nio l\u00edquido das estatais federais.<\/p>\n<p>O diretor t\u00e9cnico do Dieese lembra que\u00a0o n\u00famero de estatais caiu de 134 para 133, em mar\u00e7o,\u00a0<a href=\"https:\/\/www.redebrasilatual.com.br\/economia\/2019\/07\/petroleiros-justica-br-distribuidora\/\" target=\"_blank\" rel=\"noopener noreferrer\">com a venda<\/a>\u00a0da Transportadora Associada de G\u00e1s (TAG). Ele critica o projeto privatista do governo Bolsonaro, pois despreza o potencial das empresas p\u00fablicas e transfere para o mercado privado o controle de setores estrat\u00e9gicos para a economia e a soberania.<\/p>\n<p>\u201cNeste segundo semestre, o governo Bolsonaro quer privatizar mais empresas estatais ou desmembr\u00e1-las. A privatiza\u00e7\u00e3o tira um ativo do Estado capaz\u00a0<a href=\"https:\/\/www.redebrasilatual.com.br\/economia\/2019\/01\/em-meio-a-crise-vendas-de-estatais-deixarao-governo-de-mao-atadas-diz-economista\/\" target=\"_blank\" rel=\"noopener noreferrer\">de conduzir a atividade econ\u00f4mica e cobrir problemas no or\u00e7amento<\/a>. Ent\u00e3o, vend\u00ea-las \u00e9 abrir m\u00e3o de lucros de bilh\u00f5es. \u00c9 um p\u00e9ssimo neg\u00f3cio, lembrando que a privatiza\u00e7\u00e3o resulta em aumento no pre\u00e7o das tarifas, como exemplo o setor de energia\u201d, afirma.<\/p>\n<p><strong>Fonte: Rede Brasil Atual<\/strong><\/p>\n","protected":false},"excerpt":{"rendered":"<p>As empresas p\u00fablicas federais registraram\u00a0lucro de R$ 24,6 bilh\u00f5es no primeiro trimestre, resultado 57,5% maior do que o apurado em igual per\u00edodo do\u00a0ano passado. Para o diretor t\u00e9cnico do Dieese, Clemente Ganz L\u00facio, os n\u00fameros mostram a import\u00e2ncia de manter as empresas sob controle da Uni\u00e3o. \u201cAs empresas estatais t\u00eam uma capacidade grande de conduzir [&hellip;]<\/p>\n","protected":false},"author":2,"featured_media":7281,"comment_status":"","ping_status":"","sticky":false,"template":"","format":"standard","meta":{"footnotes":""},"categories":[3],"tags":[],"class_list":["post-7282","post","type-post","status-publish","format-standard","has-post-thumbnail","hentry","category-noticias"],"_links":{"self":[{"href":"https:\/\/hostnetart.com.br\/baixada\/wp-json\/wp\/v2\/posts\/7282","targetHints":{"allow":["GET"]}}],"collection":[{"href":"https:\/\/hostnetart.com.br\/baixada\/wp-json\/wp\/v2\/posts"}],"about":[{"href":"https:\/\/hostnetart.com.br\/baixada\/wp-json\/wp\/v2\/types\/post"}],"author":[{"embeddable":true,"href":"https:\/\/hostnetart.com.br\/baixada\/wp-json\/wp\/v2\/users\/2"}],"replies":[{"embeddable":true,"href":"https:\/\/hostnetart.com.br\/baixada\/wp-json\/wp\/v2\/comments?post=7282"}],"version-history":[{"count":0,"href":"https:\/\/hostnetart.com.br\/baixada\/wp-json\/wp\/v2\/posts\/7282\/revisions"}],"wp:featuredmedia":[{"embeddable":true,"href":"https:\/\/hostnetart.com.br\/baixada\/wp-json\/wp\/v2\/media\/7281"}],"wp:attachment":[{"href":"https:\/\/hostnetart.com.br\/baixada\/wp-json\/wp\/v2\/media?parent=7282"}],"wp:term":[{"taxonomy":"category","embeddable":true,"href":"https:\/\/hostnetart.com.br\/baixada\/wp-json\/wp\/v2\/categories?post=7282"},{"taxonomy":"post_tag","embeddable":true,"href":"https:\/\/hostnetart.com.br\/baixada\/wp-json\/wp\/v2\/tags?post=7282"}],"curies":[{"name":"wp","href":"https:\/\/api.w.org\/{rel}","templated":true}]}}