{"id":7278,"date":"2019-08-05T03:19:26","date_gmt":"2019-08-05T06:19:26","guid":{"rendered":"https:\/\/hostnetart.com.br\/baixada\/bancarios-fortalecem-a-unidade-nacional-e-tracam-estrategias-para-defesa-de-direitos\/"},"modified":"2019-08-05T03:19:26","modified_gmt":"2019-08-05T06:19:26","slug":"bancarios-fortalecem-a-unidade-nacional-e-tracam-estrategias-para-defesa-de-direitos","status":"publish","type":"post","link":"https:\/\/hostnetart.com.br\/baixada\/bancarios-fortalecem-a-unidade-nacional-e-tracam-estrategias-para-defesa-de-direitos\/","title":{"rendered":"Banc\u00e1rios fortalecem a unidade nacional e tra\u00e7am estrat\u00e9gias para defesa de direitos"},"content":{"rendered":"<div class=\"elementor-element elementor-element-194680ec elementor-widget elementor-widget-theme-post-content\" data-id=\"194680ec\" data-element_type=\"widget\" data-widget_type=\"theme-post-content.default\">\n<div class=\"elementor-widget-container\">\n<p>A 21\u00aa Confer\u00eancia Nacional dos Banc\u00e1rios aprovou, neste domingo (4), as resolu\u00e7\u00f5es que v\u00e3o nortear o movimento sindical banc\u00e1rios no pr\u00f3ximo per\u00edodo. Os textos s\u00e3o resultados dos debates acumulado nas confer\u00eancias estaduais e regionais e durante os tr\u00eas dias de evento, que reuniu mais de 600 delegados sindicais, 395 homens e 209 mulheres, na quadra do Sindicato dos Banc\u00e1rios de S\u00e3o Paulo.<\/p>\n<p>\u201cA 21\u00aa Confer\u00eancia Nacional dos Banc\u00e1rios foi muito boa, com delegados e delegadas de quase todo o pa\u00eds, tanto das capitais como do interior, e tirou resolu\u00e7\u00f5es importantes em defesa da soberania nacional, em defesa do Brasil, em defesa do emprego, contra as privatiza\u00e7\u00f5es das empresas p\u00fablicas, que s\u00e3o estrat\u00e9gicas para que o pa\u00eds cres\u00e7a e gere empregos. Tamb\u00e9m tirou um calend\u00e1rio de lutas, que \u00e9 importante que todos os banc\u00e1rios e banc\u00e1rias do Brasil se engajem\u201d, declarou Juvandia Moreira, presidente da Confedera\u00e7\u00e3o Nacional dos Trabalhadores do Ramo Financeiro (Contraf-CUT) e uma das coordenadoras do Comando Nacional dos Banc\u00e1rios. <\/p>\n<p>\u201cTamb\u00e9m aprovamos a defesa da mesa \u00fanica, da CCT e dos acordos coletivos nacionais, reafirmando a import\u00e2ncia da unidade nacional da categoria\u201d, completou a presidenta da Contraf-CUT.<\/p>\n<p>As resolu\u00e7\u00f5es versam sobre as mobiliza\u00e7\u00f5es contra a Reforma da Previd\u00eancia e contra a MP 881, que libera o trabalho aos s\u00e1bados e domingos e feriados; em defesa da unidade da categoria banc\u00e1ria e da mesa \u00fanica de negocia\u00e7\u00e3o, em defesa da sa\u00fade, da soberania nacional, em da liberdade de imprensa e apoio ao jornalista Glenn Greenwald, pela apura\u00e7\u00e3o dos mandantes da morte de Marielle Franco, em defesa da liberdade do ex-presidente Lula, que \u00e9 um preso pol\u00edtico e n\u00e3o teve julgamento justo; e a defini\u00e7\u00e3o do calend\u00e1rio de lutas.<\/p>\n<h2>Mo\u00e7\u00f5es<\/h2>\n<p>As mo\u00e7\u00f5es aprovadas tratavam da defesa da Amaz\u00f4nia e um modelo de desenvolvimento com Justi\u00e7a Ambiental, contra a Pol\u00edcia de S\u00e3o Paulo e o governador do Estado Jo\u00e3o D\u00f3ria, pela derrota das pol\u00edticas do governo Bolsonaro, que s\u00e3o prejudiciais ao povo brasileiro; pela soberania nacional, em rep\u00fadio a tortura e seus defensores, contra o uso de agrot\u00f3xico e em defesa da vida, em defesa da democracia, contra a pris\u00e3o de Preta Ferreira e os outros cinco militantes do movimento de moradia, pela cota m\u00ednima de mulheres, com inclus\u00e3o de pelo mens 30% quando forem definidas as libera\u00e7\u00f5es de dirigentes dos seus locais de trabalho para a atua\u00e7\u00e3o sindical, e pela liberdade imediata do companheiro Daniel Ruiz.<\/p>\n<h2>Calend\u00e1rio<\/h2>\n<p>Os delegados e delegadas da 21\u00aa Confer\u00eancia Nacional dos Banc\u00e1rios aprovaram a participa\u00e7\u00e3o nas atividades do calend\u00e1rio de luta das centrais sindicais, como as manifesta\u00e7\u00f5es contra a reforma da Previd\u00eancia (6\/8) e em defesa da Educa\u00e7\u00e3o (13\/8).<\/p>\n<p><strong>Banco do Brasil<\/strong><br \/> 9\/8 \u2013 Dia Nacional de Luta contra a reestrutura\u00e7\u00e3o<br \/> 22\/8 \u2013 Dia de Luta pela Cassi<br \/> Setembro \u2013 Plen\u00e1ria e atividades em locais de trabalho em defesa da Cassi<br \/> Encontro Nacional sobre a Cassi<br \/> Abaixo-assinado contra a cobran\u00e7a de 1\/24 avos acumulado e aumento da coparticipa\u00e7\u00e3o na Cassi<\/p>\n<p><strong>Caixa<\/strong><br \/> Campanha Nacional de defesa do Sa\u00fade Caixa para todos<br \/> Conversar com os parlamentares defendendo a aprova\u00e7\u00e3o do PDC 956\/2008 da deputada \u00c9rica Kokay, que susta a resolu\u00e7\u00e3o 23 da CGPAR<br \/> 14\/8 \u2013 Atos pelo Sa\u00fade Caixa<br \/> 4\/9 \u2013 Atividades contra a reestrutura\u00e7\u00e3o e em defesa do Sa\u00fade Caixa<br \/> Campanha contra o fechamento de unidades envolvendo a popula\u00e7\u00e3o das ag\u00eancias afetadas<br \/> Audi\u00eancia P\u00fablica em todos os estados e munic\u00edpios em defesa dos bancos p\u00fablicos <br \/> 7\/10 \u2013 Apoiar a luta pela moradia<br \/> Aproveitar o p\u00fablico que est\u00e1 indo \u00e0s ag\u00eancias da Caixa para sacar o FGTS e fazer campanhas em defesa dos bancos p\u00fablicos e do FGTS<\/p>\n<p><span style=\"text-decoration: underline;\"><strong>Fonte: Contraf-CUT<\/strong><\/span><\/p>\n<\/div>\n<\/div>\n","protected":false},"excerpt":{"rendered":"<p>A 21\u00aa Confer\u00eancia Nacional dos Banc\u00e1rios aprovou, neste domingo (4), as resolu\u00e7\u00f5es que v\u00e3o nortear o movimento sindical banc\u00e1rios no pr\u00f3ximo per\u00edodo. Os textos s\u00e3o resultados dos debates acumulado nas confer\u00eancias estaduais e regionais e durante os tr\u00eas dias de evento, que reuniu mais de 600 delegados sindicais, 395 homens e 209 mulheres, na quadra [&hellip;]<\/p>\n","protected":false},"author":2,"featured_media":7277,"comment_status":"","ping_status":"","sticky":false,"template":"","format":"standard","meta":{"footnotes":""},"categories":[3],"tags":[],"class_list":["post-7278","post","type-post","status-publish","format-standard","has-post-thumbnail","hentry","category-noticias"],"_links":{"self":[{"href":"https:\/\/hostnetart.com.br\/baixada\/wp-json\/wp\/v2\/posts\/7278","targetHints":{"allow":["GET"]}}],"collection":[{"href":"https:\/\/hostnetart.com.br\/baixada\/wp-json\/wp\/v2\/posts"}],"about":[{"href":"https:\/\/hostnetart.com.br\/baixada\/wp-json\/wp\/v2\/types\/post"}],"author":[{"embeddable":true,"href":"https:\/\/hostnetart.com.br\/baixada\/wp-json\/wp\/v2\/users\/2"}],"replies":[{"embeddable":true,"href":"https:\/\/hostnetart.com.br\/baixada\/wp-json\/wp\/v2\/comments?post=7278"}],"version-history":[{"count":0,"href":"https:\/\/hostnetart.com.br\/baixada\/wp-json\/wp\/v2\/posts\/7278\/revisions"}],"wp:featuredmedia":[{"embeddable":true,"href":"https:\/\/hostnetart.com.br\/baixada\/wp-json\/wp\/v2\/media\/7277"}],"wp:attachment":[{"href":"https:\/\/hostnetart.com.br\/baixada\/wp-json\/wp\/v2\/media?parent=7278"}],"wp:term":[{"taxonomy":"category","embeddable":true,"href":"https:\/\/hostnetart.com.br\/baixada\/wp-json\/wp\/v2\/categories?post=7278"},{"taxonomy":"post_tag","embeddable":true,"href":"https:\/\/hostnetart.com.br\/baixada\/wp-json\/wp\/v2\/tags?post=7278"}],"curies":[{"name":"wp","href":"https:\/\/api.w.org\/{rel}","templated":true}]}}