{"id":7272,"date":"2019-08-05T03:03:28","date_gmt":"2019-08-05T06:03:28","guid":{"rendered":"https:\/\/hostnetart.com.br\/baixada\/bancarios-sao-contra-a-reforma-da-previdencia-que-fara-desigualdade-social-no-brasil-aumentar\/"},"modified":"2019-08-05T03:03:28","modified_gmt":"2019-08-05T06:03:28","slug":"bancarios-sao-contra-a-reforma-da-previdencia-que-fara-desigualdade-social-no-brasil-aumentar","status":"publish","type":"post","link":"https:\/\/hostnetart.com.br\/baixada\/bancarios-sao-contra-a-reforma-da-previdencia-que-fara-desigualdade-social-no-brasil-aumentar\/","title":{"rendered":"Banc\u00e1rios s\u00e3o contra a reforma da Previd\u00eancia que far\u00e1 desigualdade social no Brasil aumentar"},"content":{"rendered":"<div class=\"elementor-element elementor-element-194680ec elementor-widget elementor-widget-theme-post-content\" data-id=\"194680ec\" data-element_type=\"widget\" data-widget_type=\"theme-post-content.default\">\n<div class=\"elementor-widget-container\">\n<p>76% da categoria banc\u00e1ria \u00e9 contra a Reforma da Previd\u00eancia e 82% acreditam que as mudan\u00e7as far\u00e3o a desigualdade social no Brasil aumentar. Estes foram os principais resultados da Consulta Nacional dos Banc\u00e1rios, apresentada na manh\u00e3 deste domingo (4), no in\u00edcio dos trabalhados do \u00faltimo dia da 21\u00ba Confer\u00eancia Nacional dos Banc\u00e1rios.<\/p>\n<p>\u201cA consulta dos banc\u00e1rios \u00e9 importante para orientar o nosso trabalha de base, fundamental na luta em defesa das nossas principais bandeiras. Com esses dados, sabemos quais os assuntos e quais abordagem devemos ter no dialogo cotidiano com os banc\u00e1rios\u201d, afirmou Gustavo Tabatinga, secret\u00e1rio-geral da Confedera\u00e7\u00e3o Nacional dos Trabalhadores do Ramo Financeiro (Contraf-CUT).<\/p>\n<p>A pesquisa, realizada na base das 10 federa\u00e7\u00f5es representadas pelo Comando Nacional dos Banc\u00e1rios, do in\u00edcio de abril ao final de maio, mostra que 79% discorda com a altera\u00e7\u00e3o que o governo prop\u00f5e na Previd\u00eancia Social, que, al\u00e9m de instituir a idade m\u00ednima, aumenta o tempo m\u00ednimo de contribui\u00e7\u00e3o para 20 anos e exige 40 anos de contribui\u00e7\u00e3o para receber o benef\u00edcio integral. Outros 6% n\u00e3o souberam opinar.<\/p>\n<p>\u201cEssa consulta demonstrou mais do que a insatisfa\u00e7\u00e3o dos banc\u00e1rios com a reforma da Previd\u00eancia, mostrou que os banc\u00e1rios dominam o tema e est\u00e3o prontos e mobilizados para a luta\u201d, garantiu Tabatinga.<\/p>\n<p>O n\u00famero \u00e9 ainda maior quando o questionamento \u00e9 sobre a redu\u00e7\u00e3o dos valores dos benef\u00edcios para idosos pobres, 88% discordam e 6% n\u00e3o sabem opinar. Sobre a extin\u00e7\u00e3o do regime solid\u00e1rio e a implementa\u00e7\u00e3o do regime de capitaliza\u00e7\u00e3o individual como modelo b\u00e1sico para a Previd\u00eancia, 69% da categoria discordam e 16% n\u00e3o sabem opinar.<\/p>\n<p>A maioria da categoria, 78%, tamb\u00e9m \u00e9 contra o aumento da idade m\u00ednima e o tempo de contribui\u00e7\u00e3o para que as mulheres se aposentem.<\/p>\n<h3>Metas<\/h3>\n<p>Quando o tema da pergunta \u00e9 a press\u00e3o pelo cumprimento de metas que leva muitos banc\u00e1rios ao adoecimento e, consequentemente, a fazer uso de medica\u00e7\u00e3o controlada, 54% dos que responderam conhecem algu\u00e9m que j\u00e1 fez uso de medica\u00e7\u00e3o e 32% revelaram que j\u00e1 usaram.<\/p>\n<h3>Bancos p\u00fablicos<\/h3>\n<p>Outra bandeira fundamental da categoria atualmente, a defesa dos bancos p\u00fablicos \u00e9 classificada como muito importante por 72% dos trabalhadores e como importante por 17%.<\/p>\n<p>A 21\u00ba Confer\u00eancia Nacional dos Banc\u00e1rios continua neste domingo com o debate sobre o futuro do trabalho, impactos e organiza\u00e7\u00e3o sindical.<\/p>\n<p><strong>Fonte: Contraf-CUT<\/strong><\/p>\n<\/div>\n<\/div>\n","protected":false},"excerpt":{"rendered":"<p>76% da categoria banc\u00e1ria \u00e9 contra a Reforma da Previd\u00eancia e 82% acreditam que as mudan\u00e7as far\u00e3o a desigualdade social no Brasil aumentar. Estes foram os principais resultados da Consulta Nacional dos Banc\u00e1rios, apresentada na manh\u00e3 deste domingo (4), no in\u00edcio dos trabalhados do \u00faltimo dia da 21\u00ba Confer\u00eancia Nacional dos Banc\u00e1rios. \u201cA consulta dos [&hellip;]<\/p>\n","protected":false},"author":2,"featured_media":7271,"comment_status":"","ping_status":"","sticky":false,"template":"","format":"standard","meta":{"footnotes":""},"categories":[3],"tags":[],"class_list":["post-7272","post","type-post","status-publish","format-standard","has-post-thumbnail","hentry","category-noticias"],"_links":{"self":[{"href":"https:\/\/hostnetart.com.br\/baixada\/wp-json\/wp\/v2\/posts\/7272","targetHints":{"allow":["GET"]}}],"collection":[{"href":"https:\/\/hostnetart.com.br\/baixada\/wp-json\/wp\/v2\/posts"}],"about":[{"href":"https:\/\/hostnetart.com.br\/baixada\/wp-json\/wp\/v2\/types\/post"}],"author":[{"embeddable":true,"href":"https:\/\/hostnetart.com.br\/baixada\/wp-json\/wp\/v2\/users\/2"}],"replies":[{"embeddable":true,"href":"https:\/\/hostnetart.com.br\/baixada\/wp-json\/wp\/v2\/comments?post=7272"}],"version-history":[{"count":0,"href":"https:\/\/hostnetart.com.br\/baixada\/wp-json\/wp\/v2\/posts\/7272\/revisions"}],"wp:featuredmedia":[{"embeddable":true,"href":"https:\/\/hostnetart.com.br\/baixada\/wp-json\/wp\/v2\/media\/7271"}],"wp:attachment":[{"href":"https:\/\/hostnetart.com.br\/baixada\/wp-json\/wp\/v2\/media?parent=7272"}],"wp:term":[{"taxonomy":"category","embeddable":true,"href":"https:\/\/hostnetart.com.br\/baixada\/wp-json\/wp\/v2\/categories?post=7272"},{"taxonomy":"post_tag","embeddable":true,"href":"https:\/\/hostnetart.com.br\/baixada\/wp-json\/wp\/v2\/tags?post=7272"}],"curies":[{"name":"wp","href":"https:\/\/api.w.org\/{rel}","templated":true}]}}