{"id":7270,"date":"2019-08-03T00:12:31","date_gmt":"2019-08-03T03:12:31","guid":{"rendered":"https:\/\/hostnetart.com.br\/baixada\/conferencia-nacional-dos-bancarios-discute-ameacas-a-toda-a-classe-trabalhadora-diz-juvandia\/"},"modified":"2019-08-03T00:12:31","modified_gmt":"2019-08-03T03:12:31","slug":"conferencia-nacional-dos-bancarios-discute-ameacas-a-toda-a-classe-trabalhadora-diz-juvandia","status":"publish","type":"post","link":"https:\/\/hostnetart.com.br\/baixada\/conferencia-nacional-dos-bancarios-discute-ameacas-a-toda-a-classe-trabalhadora-diz-juvandia\/","title":{"rendered":"Confer\u00eancia Nacional dos Banc\u00e1rios discute amea\u00e7as a toda a classe trabalhadora, diz Juvandia"},"content":{"rendered":"<p>Banc\u00e1rios de todo o pa\u00eds se re\u00fanem em S\u00e3o Paulo a partir desta sexta-feira (2) para a sua<a href=\"https:\/\/www.redebrasilatual.com.br\/trabalho\/2019\/08\/bancarios-debatem-resistencia-defesa-direitos-classe-trabalhadora\/\" target=\"_blank\" rel=\"noopener noreferrer\"> 21\u00aa Confer\u00eancia Nacional.<\/a>\u00a0De acordo com a presidenta da Confedera\u00e7\u00e3o Nacional dos Trabalhadores do Ramo Financeiro (Contraf-CUT), Juvandia Moreira, o evento n\u00e3o debater\u00e1 s\u00f3 o futuro da categoria, mas de todos os trabalhadores do Brasil, amea\u00e7ados pela atual conjuntura do governo Bolsonaro.<\/p>\n<p>Nos debates de amanh\u00e3, est\u00e3o previstas \u00e0 presen\u00e7as do coordenador do Movimento dos Trabalhadores Sem Teto (MTST) Guilherme Boulos (que disputou a presid\u00eancia pelo Psol), do senador chileno Alejandro Guillier, independente, segundo colocado nas elei\u00e7\u00f5es presidenciais de 2017, do senador brasileiro Jaques Wagner (PT-BA), do dirigente do MST Jo\u00e3o Pedro Stedile, do economista Ladislau Dowbor e do ex-ministro da Previd\u00eancia Carlos Gabas.<\/p>\n<p>Em entrevista \u00e0 <strong>R\u00e1dio Brasil Atual<\/strong>, Juvandia explica que a confer\u00eancia\u00a0pretende discutir estrat\u00e9gias de defesa aos ataques contra os trabalhadores, representados pela \u201creforma\u201d da Previd\u00eancia e pela amea\u00e7a de privatiza\u00e7\u00e3o dos bancos p\u00fablicos pelo governo federal. Ao todo, 700 delegados de todo o Brasil participar\u00e3o do encontro.<\/p>\n<p>\u201cO ataque aos bancos p\u00fablicos n\u00e3o afeta s\u00f3 os banc\u00e1rios. A redu\u00e7\u00e3o das ag\u00eancias afeta toda a sociedade. Tem 950 munic\u00edpios brasileiros que s\u00f3 tem ag\u00eancia banc\u00e1ria pois s\u00e3o atendidos pelos bancos p\u00fablicos. As pessoas t\u00eam que ir pra outro munic\u00edpio pra sacar at\u00e9 a aposentadoria, \u00e9 uma s\u00e9rie de dificuldades\u201d, explicou ela.<\/p>\n<p>Apesar das vit\u00f3rias pontuais que alteraram o projeto da \u201creforma\u201d da Previd\u00eancia, como a retirada do modelo de capitaliza\u00e7\u00e3o da <a href=\"https:\/\/www.redebrasilatual.com.br\/politica\/2019\/07\/relatorio-aprovado-da-reforma-da-previdencia\/\" target=\"_blank\" rel=\"noopener noreferrer\">Proposta de Emenda a Constitui\u00e7\u00e3o (PEC) 6\/2019, <\/a>o projeto\u00a0ainda estar\u00e1 em pauta, j\u00e1 que as novas regras atingem a categoria. \u201cVamos discutir o futuro e como seremos afetados. At\u00e9 a conven\u00e7\u00e3o coletiva dos banc\u00e1rios ser\u00e1 afetada, pois tem uma cl\u00e1usula que garante a estabilidade na pr\u00e9-aposentadoria. Como as regras para a aposentadoria v\u00e3o mudar, quem estava pr\u00f3ximo de se aposentar ter\u00e1 de trabalhar mais tempo\u201d, afirmou.<\/p>\n<p>Desde ontem (1\u00ba), os\u00a0funcion\u00e1rios do Banco do Brasil e da Caixa Econ\u00f4mica Federal realizam seus respectivos congressos, tamb\u00e9m na capital paulista.\u00a0O\u00a030\u00ba Congresso Nacional dos Funcion\u00e1rios do Banco do Brasil tem como tema a defesa dos direitos dos trabalhadores na\u00a0<a href=\"https:\/\/www.redebrasilatual.com.br\/cidadania\/2019\/05\/bancarios-dizem-nao-a-censura-no-banco-do-brasil\/\" target=\"_blank\" rel=\"noopener noreferrer\">era digital<\/a>\u00a0e as amea\u00e7as de desmonte da institui\u00e7\u00e3o, encoberta pelo nome de \u201creorganiza\u00e7\u00e3o\u201d.\u00a0 Com o lema \u201cTodos contra o Retrocesso\u201d, o\u00a035\u00ba Congresso dos Empregados da Caixa tamb\u00e9m discute os riscos da reestrutura\u00e7\u00e3o e a amea\u00e7a a direitos, al\u00e9m de quest\u00f5es ligadas a condi\u00e7\u00f5es de trabalho e sa\u00fade.<\/p>\n<p><strong>Fonte: Rede Brasil Atual<\/strong><\/p>\n","protected":false},"excerpt":{"rendered":"<p>Banc\u00e1rios de todo o pa\u00eds se re\u00fanem em S\u00e3o Paulo a partir desta sexta-feira (2) para a sua 21\u00aa Confer\u00eancia Nacional.\u00a0De acordo com a presidenta da Confedera\u00e7\u00e3o Nacional dos Trabalhadores do Ramo Financeiro (Contraf-CUT), Juvandia Moreira, o evento n\u00e3o debater\u00e1 s\u00f3 o futuro da categoria, mas de todos os trabalhadores do Brasil, amea\u00e7ados pela atual [&hellip;]<\/p>\n","protected":false},"author":2,"featured_media":7269,"comment_status":"","ping_status":"","sticky":false,"template":"","format":"standard","meta":{"footnotes":""},"categories":[3],"tags":[],"class_list":["post-7270","post","type-post","status-publish","format-standard","has-post-thumbnail","hentry","category-noticias"],"_links":{"self":[{"href":"https:\/\/hostnetart.com.br\/baixada\/wp-json\/wp\/v2\/posts\/7270","targetHints":{"allow":["GET"]}}],"collection":[{"href":"https:\/\/hostnetart.com.br\/baixada\/wp-json\/wp\/v2\/posts"}],"about":[{"href":"https:\/\/hostnetart.com.br\/baixada\/wp-json\/wp\/v2\/types\/post"}],"author":[{"embeddable":true,"href":"https:\/\/hostnetart.com.br\/baixada\/wp-json\/wp\/v2\/users\/2"}],"replies":[{"embeddable":true,"href":"https:\/\/hostnetart.com.br\/baixada\/wp-json\/wp\/v2\/comments?post=7270"}],"version-history":[{"count":0,"href":"https:\/\/hostnetart.com.br\/baixada\/wp-json\/wp\/v2\/posts\/7270\/revisions"}],"wp:featuredmedia":[{"embeddable":true,"href":"https:\/\/hostnetart.com.br\/baixada\/wp-json\/wp\/v2\/media\/7269"}],"wp:attachment":[{"href":"https:\/\/hostnetart.com.br\/baixada\/wp-json\/wp\/v2\/media?parent=7270"}],"wp:term":[{"taxonomy":"category","embeddable":true,"href":"https:\/\/hostnetart.com.br\/baixada\/wp-json\/wp\/v2\/categories?post=7270"},{"taxonomy":"post_tag","embeddable":true,"href":"https:\/\/hostnetart.com.br\/baixada\/wp-json\/wp\/v2\/tags?post=7270"}],"curies":[{"name":"wp","href":"https:\/\/api.w.org\/{rel}","templated":true}]}}