{"id":7268,"date":"2019-08-03T00:11:17","date_gmt":"2019-08-03T03:11:17","guid":{"rendered":"https:\/\/hostnetart.com.br\/baixada\/plenaria-final-aprova-proposta-do-30-cnfbb-olivan-faustino\/"},"modified":"2019-08-03T00:11:17","modified_gmt":"2019-08-03T03:11:17","slug":"plenaria-final-aprova-proposta-do-30-cnfbb-olivan-faustino","status":"publish","type":"post","link":"https:\/\/hostnetart.com.br\/baixada\/plenaria-final-aprova-proposta-do-30-cnfbb-olivan-faustino\/","title":{"rendered":"Plen\u00e1ria final aprova proposta do 30\u00ba CNFBB Olivan Faustino"},"content":{"rendered":"<div class=\"elementor-element elementor-element-194680ec elementor-widget elementor-widget-theme-post-content\" data-id=\"194680ec\" data-element_type=\"widget\" data-widget_type=\"theme-post-content.default\">\n<div class=\"elementor-widget-container\">\n<p>A plen\u00e1ria final do 30\u00ba Congresso Nacional dos Funcion\u00e1rios do Banco do Brasil (CNFBB) Olivan Faustino, realizada na tarde desta sexta-feira (2), aprovou os encaminhamentos constru\u00eddos durante todos os pain\u00e9is realizados nesses dois dias de evento, pelos 260 participantes.<\/p>\n<p>Sobre o <a href=\"https:\/\/contrafcut.com.br\/noticias\/30o-cnfbb-reflete-sobre-o-mundo-digital-bancario\/\" target=\"_blank\" rel=\"noopener noreferrer\">painel do mundo do trabalho<\/a>, o encaminhamento \u00e9 refor\u00e7ar a mesa tem\u00e1tica sobre teletrabalho e home office. O objetivo \u00e9 organizar a mesa, para que se amplie o debate nos sindicatos de todo o pa\u00eds.<\/p>\n<p>\u201c\u00c9 uma forma de trabalho que, silenciosamente, tem crescido com o tema e \u00e9 um modelo que a gente precisa discutir bastante. Precisamos debater \u00a0as condi\u00e7\u00f5es de trabalho desses locais remotos, com o objetivo de proteger as banc\u00e1rias e banc\u00e1rios\u201d, explicou Wagner.<\/p>\n<p><a href=\"https:\/\/contrafcut.com.br\/noticias\/30o-cnfbb-debate-teses-de-correntes-sindicais\/\" target=\"_blank\" rel=\"noopener noreferrer\">Painel de Previd\u00eancia <\/a>encampar a luta contra a reforma da previd\u00eancia participando das atividades organizadas pelas centrais sindicais. Refor\u00e7ar a mesa dos bancos incorporados para melhorar o regulamento dos planos e que sejam administrados pela Previ.<\/p>\n<h3>Painel Cassi<\/h3>\n<p>O Congresso deliberou pela realiza\u00e7\u00e3o do Dia Nacional de Luta em Defesa da Cassi no dia 20 agosto, organizar abaixo-assinado contra a medida do Conselho Deliberativo que fere a cobran\u00e7a de 1\/24 na coparticipa\u00e7\u00e3o, intensificar a mobiliza\u00e7\u00e3o e as reuni\u00f5es nos locais de trabalho, buscar a reabertura de negocia\u00e7\u00e3o, refor\u00e7ar o trabalho com as entidades representantes, para juntos construir uma nova proposta.<\/p>\n<p>\u201cO cen\u00e1rio se agravou dentro da Cassi, com a nova dire\u00e7\u00e3o fiscal. N\u00f3s temos que discutir dentro desse cen\u00e1rio. Por isso, n\u00f3s precisamos intensificar a organiza\u00e7\u00e3o e a mobiliza\u00e7\u00e3o, al\u00e9m de estreitar os la\u00e7os com as outras institui\u00e7\u00f5es para juntos sair com a melhor proposta poss\u00edvel para o futuro da Cassi\u201d, afirmou o coordenador.<\/p>\n<h3>Mulheres<\/h3>\n<figure class=\"wp-block-image\"><img decoding=\"async\" class=\"wp-image-272990 lazyloaded\" src=\"https:\/\/contrafcut.com.br\/wp-content\/uploads\/2019\/08\/whatsapp-image-2019-08-02-at-16-31-01.jpeg?x98855\" sizes=\"(max-width: 1280px) 100vw, 1280px\" srcset=\"https:\/\/contrafcut.com.br\/wp-content\/uploads\/2019\/08\/whatsapp-image-2019-08-02-at-16-31-01.jpeg 1280w, https:\/\/contrafcut.com.br\/wp-content\/uploads\/2019\/08\/whatsapp-image-2019-08-02-at-16-31-01-165x110.jpeg 165w, https:\/\/contrafcut.com.br\/wp-content\/uploads\/2019\/08\/whatsapp-image-2019-08-02-at-16-31-01-345x230.jpeg 345w, https:\/\/contrafcut.com.br\/wp-content\/uploads\/2019\/08\/whatsapp-image-2019-08-02-at-16-31-01-768x512.jpeg 768w, https:\/\/contrafcut.com.br\/wp-content\/uploads\/2019\/08\/whatsapp-image-2019-08-02-at-16-31-01-750x500.jpeg 750w\" alt=\"\" data-lazy-srcset=\"https:\/\/contrafcut.com.br\/wp-content\/uploads\/2019\/08\/whatsapp-image-2019-08-02-at-16-31-01.jpeg 1280w, https:\/\/contrafcut.com.br\/wp-content\/uploads\/2019\/08\/whatsapp-image-2019-08-02-at-16-31-01-165x110.jpeg 165w, https:\/\/contrafcut.com.br\/wp-content\/uploads\/2019\/08\/whatsapp-image-2019-08-02-at-16-31-01-345x230.jpeg 345w, https:\/\/contrafcut.com.br\/wp-content\/uploads\/2019\/08\/whatsapp-image-2019-08-02-at-16-31-01-768x512.jpeg 768w, https:\/\/contrafcut.com.br\/wp-content\/uploads\/2019\/08\/whatsapp-image-2019-08-02-at-16-31-01-750x500.jpeg 750w\" data-lazy-sizes=\"(max-width: 1280px) 100vw, 1280px\" data-lazy-src=\"https:\/\/contrafcut.com.br\/wp-content\/uploads\/2019\/08\/whatsapp-image-2019-08-02-at-16-31-01.jpeg?x98855\" data-was-processed=\"true\" \/><\/figure>\n<p>A plen\u00e1ria final tamb\u00e9m aprovou as propostas tiradas na reuni\u00e3o das mulheres, realizada na manh\u00e3 desta sexta-feira. Entre elas, a inclus\u00e3o no 31\u00ba Congresso Nacional dos Funcion\u00e1rios do Banco do Brasil a pauta das mulheres, LGBT, negros e pessoas com defici\u00eancia (PCD); aumentar os debates sobre mulheres e negros nos sindicatos e que esses debates reflitam no congresso. Em rela\u00e7\u00e3o ao banco, aprovou uma mo\u00e7\u00e3o de rep\u00fadio ao veto da propaganda do banco e de toda a postura racista e homof\u00f3bica do presidente do banco, reivindicar e lutar para que as mulheres militantes n\u00e3o sofram preconceitos nos locais de trabalho e garantir locais de amamenta\u00e7\u00e3o em todos os postos de trabalho.<\/p>\n<h3>CEBB<\/h3>\n<p>A Comiss\u00e3o de Empresa dos Funcion\u00e1rios do Banco do Brasil completou 30 anos no 30\u00ba CNFBB Olivan Faustino. Por isso, foi realizada uma homenagem \u00e0 Comiss\u00e3o, com a entrega de placas para membros que constru\u00edram essa hist\u00f3ria e a transmiss\u00e3o de um document\u00e1rio. O material, inclusive, foi dividido em pequenas pe\u00e7as e transmitido durante todo o evento. \u00a0\u00a0\u00a0 Ainda nesta sexta-feira, Wagner Nascimento anunciou que a coordena\u00e7\u00e3o da Comiss\u00e3o de Empresa dos Funcion\u00e1rios do Banco do Brasil, a partir da pr\u00f3xima semana, ser\u00e1 exercida Jo\u00e3o Fukunaga, diretor do Sindicato dos Banc\u00e1rios de S\u00e3o Paulo.<\/p>\n<p><strong>Fonte: Contraf-CUT<\/strong><\/p>\n<\/div>\n<\/div>\n","protected":false},"excerpt":{"rendered":"<p>A plen\u00e1ria final do 30\u00ba Congresso Nacional dos Funcion\u00e1rios do Banco do Brasil (CNFBB) Olivan Faustino, realizada na tarde desta sexta-feira (2), aprovou os encaminhamentos constru\u00eddos durante todos os pain\u00e9is realizados nesses dois dias de evento, pelos 260 participantes. Sobre o painel do mundo do trabalho, o encaminhamento \u00e9 refor\u00e7ar a mesa tem\u00e1tica sobre teletrabalho [&hellip;]<\/p>\n","protected":false},"author":2,"featured_media":7267,"comment_status":"","ping_status":"","sticky":false,"template":"","format":"standard","meta":{"footnotes":""},"categories":[3],"tags":[],"class_list":["post-7268","post","type-post","status-publish","format-standard","has-post-thumbnail","hentry","category-noticias"],"_links":{"self":[{"href":"https:\/\/hostnetart.com.br\/baixada\/wp-json\/wp\/v2\/posts\/7268","targetHints":{"allow":["GET"]}}],"collection":[{"href":"https:\/\/hostnetart.com.br\/baixada\/wp-json\/wp\/v2\/posts"}],"about":[{"href":"https:\/\/hostnetart.com.br\/baixada\/wp-json\/wp\/v2\/types\/post"}],"author":[{"embeddable":true,"href":"https:\/\/hostnetart.com.br\/baixada\/wp-json\/wp\/v2\/users\/2"}],"replies":[{"embeddable":true,"href":"https:\/\/hostnetart.com.br\/baixada\/wp-json\/wp\/v2\/comments?post=7268"}],"version-history":[{"count":0,"href":"https:\/\/hostnetart.com.br\/baixada\/wp-json\/wp\/v2\/posts\/7268\/revisions"}],"wp:featuredmedia":[{"embeddable":true,"href":"https:\/\/hostnetart.com.br\/baixada\/wp-json\/wp\/v2\/media\/7267"}],"wp:attachment":[{"href":"https:\/\/hostnetart.com.br\/baixada\/wp-json\/wp\/v2\/media?parent=7268"}],"wp:term":[{"taxonomy":"category","embeddable":true,"href":"https:\/\/hostnetart.com.br\/baixada\/wp-json\/wp\/v2\/categories?post=7268"},{"taxonomy":"post_tag","embeddable":true,"href":"https:\/\/hostnetart.com.br\/baixada\/wp-json\/wp\/v2\/tags?post=7268"}],"curies":[{"name":"wp","href":"https:\/\/api.w.org\/{rel}","templated":true}]}}