{"id":7266,"date":"2019-08-02T23:56:29","date_gmt":"2019-08-03T02:56:29","guid":{"rendered":"https:\/\/hostnetart.com.br\/baixada\/unidade-e-resistencia-pautam-estrategias-dos-empregados-da-caixa\/"},"modified":"2019-08-02T23:56:29","modified_gmt":"2019-08-03T02:56:29","slug":"unidade-e-resistencia-pautam-estrategias-dos-empregados-da-caixa","status":"publish","type":"post","link":"https:\/\/hostnetart.com.br\/baixada\/unidade-e-resistencia-pautam-estrategias-dos-empregados-da-caixa\/","title":{"rendered":"Unidade e resist\u00eancia pautam estrat\u00e9gias dos empregados da Caixa"},"content":{"rendered":"<div class=\"elementor-element elementor-element-194680ec elementor-widget elementor-widget-theme-post-content\" data-id=\"194680ec\" data-element_type=\"widget\" data-widget_type=\"theme-post-content.default\">\n<div class=\"elementor-widget-container\">\n<p>Na atual conjuntura do pa\u00eds, com o patrim\u00f4nio p\u00fablico e os direitos dos trabalhadores em risco, unidade e resist\u00eancia s\u00e3o fundamentais para combater os retrocessos. Esta foi a defesa feita pelos delegados e delegadas que participaram do 35\u00ba Congresso Nacional dos Empregados da Caixa Econ\u00f4mica Federal (Conecef), realizado em S\u00e3o Paulo nesta quinta e sexta-feira (1 e 2 de agosto).<br \/>Com o slogan \u201cTodos contra o retrocesso\u201d, a categoria aprovou a pauta de reivindica\u00e7\u00f5es, reafirmando quest\u00f5es como a defesa da Caixa 100% p\u00fablica, do Sa\u00fade Caixa e da Funcef, contrata\u00e7\u00e3o de mais empregados e melhores condi\u00e7\u00f5es de trabalho, fim do ass\u00e9dio moral e do GDP (programa de gest\u00e3o de desempenho), combate ao descomissionamento arbitr\u00e1rio, dentre outras.<br \/> Para os participantes do Congresso, o projeto do governo de enfraquecer e diminuir a atua\u00e7\u00e3o do banco p\u00fablico a fim de entregar \u00e0 iniciativa privada setores como cart\u00f5es, loterias e gest\u00e3o do FGTS, est\u00e1 escancarado. O processo de desmonte passa tamb\u00e9m pelas in\u00fameras retiradas de direitos dos empregados, com resolu\u00e7\u00f5es do governo que impactam nos planos de sa\u00fade de autogest\u00e3o das empresas estatais como o Sa\u00fade Caixa. Destacam-se ainda medidas como a redu\u00e7\u00e3o de trabalhadores nas unidades, gerando sobrecarga de trabalho e adoecimento.<br \/> O Conecef deste ano contou com a participa\u00e7\u00e3o com 272 delegados, sendo 145 homens e 127 mulheres. O encontro \u00e9 o mais importante f\u00f3rum de delibera\u00e7\u00e3o dos empregados da Caixa, onde s\u00e3o definidas a pauta de reivindica\u00e7\u00f5es e estrat\u00e9gias de luta da categoria.<br \/> Os delegados e delegadas aprovaram tamb\u00e9m as seguintes mo\u00e7\u00f5es: em defesa da Caixa 100% P\u00fablica, do FGTS e do Brasil; em rep\u00fadio \u00e0 persegui\u00e7\u00e3o do Governo aos estados do Nordeste; em defesa da liberdade do ex-presidente Lula e do l\u00edder sindical argentino Daniel Ruiz; de apoio ao aposentado do banco e ex-presidente da Fenae, Pedro Eugenio Leite, processado judicialmente pelo atual presidente da Caixa, Pedro Guimar\u00e3es.<br \/> Durante dois dias, o encontro foi pautado por debates nos eixos: defesa da Caixa e dos bancos p\u00fablicos, o combate \u00e0 reestrutura\u00e7\u00e3o e ao desmonte dos direitos, a defesa do Sa\u00fade Caixa, da Funcef e dos aposentados, a contrata\u00e7\u00e3o de mais empregados, a sa\u00fade do trabalhador e condi\u00e7\u00f5es de trabalho, a luta contra a terceiriza\u00e7\u00e3o, a verticaliza\u00e7\u00e3o e o descomissionamento arbitr\u00e1rio e a defesa da Previd\u00eancia Social.<\/p>\n<h3>Resist\u00eancia<\/h3>\n<p>Dion\u00edsio Reis, coordenador da Comiss\u00e3o de Empregados da Caixa (CEE\/Caixa), destacou a import\u00e2ncia do 35\u00ba Conecef no enfrentamento contra o desmonte do maior banco p\u00fablico do pa\u00eds. \u201cS\u00e3o mais de 30 anos de muita luta e sairemos desse 35\u00ba congresso com uma pauta de reivindica\u00e7\u00f5es espec\u00edficas que traduza as necessidades atuais dos trabalhadores da Caixa, por melhoria das condi\u00e7\u00f5es de trabalho e contra o desmonte do banco\u201d, resumiu o diretor do Sindicato dos Banc\u00e1rios de S\u00e3o Paulo e coordenador da CEE\/Caixa (Comiss\u00e3o Executiva dos Empregados da Caixa), Dion\u00edsio Reis<br \/> \u201cPara n\u00f3s, empregados da Caixa, a defesa da empresa 100% p\u00fablica soma-se \u00e0 luta por mais contrata\u00e7\u00f5es e contra a precariedade das condi\u00e7\u00f5es de trabalho. Nacionalmente, temos o embate contra a reforma da Previd\u00eancia e a defesa da democracia, sem a qual nenhuma reivindica\u00e7\u00e3o \u00e9 poss\u00edvel. A conjuntura atual vai carecer de muita determina\u00e7\u00e3o e resist\u00eancia. N\u00e3o tenho d\u00favidas da nossa miss\u00e3o: defender os trabalhadores, os direitos, a democracia e a soberania nacional,\u201d avalia o presidente da Federa\u00e7\u00e3o Nacional das Associa\u00e7\u00f5es do Pessoal da Caixa (Fenae), Jair Pedro Ferreira.<\/p>\n<p><strong>Fonte: Contraf-CUT<\/strong><\/p>\n<\/div>\n<\/div>\n","protected":false},"excerpt":{"rendered":"<p>Na atual conjuntura do pa\u00eds, com o patrim\u00f4nio p\u00fablico e os direitos dos trabalhadores em risco, unidade e resist\u00eancia s\u00e3o fundamentais para combater os retrocessos. Esta foi a defesa feita pelos delegados e delegadas que participaram do 35\u00ba Congresso Nacional dos Empregados da Caixa Econ\u00f4mica Federal (Conecef), realizado em S\u00e3o Paulo nesta quinta e sexta-feira [&hellip;]<\/p>\n","protected":false},"author":2,"featured_media":7265,"comment_status":"","ping_status":"","sticky":false,"template":"","format":"standard","meta":{"footnotes":""},"categories":[3],"tags":[],"class_list":["post-7266","post","type-post","status-publish","format-standard","has-post-thumbnail","hentry","category-noticias"],"_links":{"self":[{"href":"https:\/\/hostnetart.com.br\/baixada\/wp-json\/wp\/v2\/posts\/7266","targetHints":{"allow":["GET"]}}],"collection":[{"href":"https:\/\/hostnetart.com.br\/baixada\/wp-json\/wp\/v2\/posts"}],"about":[{"href":"https:\/\/hostnetart.com.br\/baixada\/wp-json\/wp\/v2\/types\/post"}],"author":[{"embeddable":true,"href":"https:\/\/hostnetart.com.br\/baixada\/wp-json\/wp\/v2\/users\/2"}],"replies":[{"embeddable":true,"href":"https:\/\/hostnetart.com.br\/baixada\/wp-json\/wp\/v2\/comments?post=7266"}],"version-history":[{"count":0,"href":"https:\/\/hostnetart.com.br\/baixada\/wp-json\/wp\/v2\/posts\/7266\/revisions"}],"wp:featuredmedia":[{"embeddable":true,"href":"https:\/\/hostnetart.com.br\/baixada\/wp-json\/wp\/v2\/media\/7265"}],"wp:attachment":[{"href":"https:\/\/hostnetart.com.br\/baixada\/wp-json\/wp\/v2\/media?parent=7266"}],"wp:term":[{"taxonomy":"category","embeddable":true,"href":"https:\/\/hostnetart.com.br\/baixada\/wp-json\/wp\/v2\/categories?post=7266"},{"taxonomy":"post_tag","embeddable":true,"href":"https:\/\/hostnetart.com.br\/baixada\/wp-json\/wp\/v2\/tags?post=7266"}],"curies":[{"name":"wp","href":"https:\/\/api.w.org\/{rel}","templated":true}]}}