{"id":7264,"date":"2019-08-01T15:34:13","date_gmt":"2019-08-01T18:34:13","guid":{"rendered":"https:\/\/hostnetart.com.br\/baixada\/ato-do-dia-13-tera-muita-forca-intensidade-e-paralisacoes-garante-presidente-da-cut\/"},"modified":"2019-08-01T15:34:13","modified_gmt":"2019-08-01T18:34:13","slug":"ato-do-dia-13-tera-muita-forca-intensidade-e-paralisacoes-garante-presidente-da-cut","status":"publish","type":"post","link":"https:\/\/hostnetart.com.br\/baixada\/ato-do-dia-13-tera-muita-forca-intensidade-e-paralisacoes-garante-presidente-da-cut\/","title":{"rendered":"\u2018Ato do dia 13 ter\u00e1 muita for\u00e7a, intensidade e paralisa\u00e7\u00f5es\u2019, garante presidente da CUT"},"content":{"rendered":"<p>As <a href=\"https:\/\/www.redebrasilatual.com.br\/educacao\/2019\/07\/trabalhadores-educacao-greve-13-agosto\/\" target=\"_blank\" rel=\"noopener noreferrer\">manifesta\u00e7\u00f5es do pr\u00f3ximo dia 13,<\/a> contra a <strong>\u201creforma\u201d da Previd\u00eancia<\/strong> e o desmonte da educa\u00e7\u00e3o, prometem ser ainda maiores do que as realizadas nos dias 15 e 30 de maio. O presidente da CUT, Vagner Freitas, garante que os trabalhadores e estudantes levar\u00e3o \u00e0s ruas \u201cmuita for\u00e7a, intensidade e paralisa\u00e7\u00f5es\u201d, para rejeitar os retrocessos do governo Bolsonaro.<\/p>\n<p>Vagner diz que \u00e9 preciso continuar nas ruas, j\u00e1 que a Proposta de Emenda \u00e0 Constitui\u00e7\u00e3o (PEC) 6\/2019 ainda ser\u00e1 votada no Senado Federal, depois do segundo turno na C\u00e2mara dos Deputados, prevista para a semana que vem. \u201c\u00c9 uma luta \u00e1rdua. Percebeu-se na vota\u00e7\u00e3o da C\u00e2mara que os empres\u00e1rios mandam no Congresso, com governo despejando recursos financeiros para que os deputados votassem a favor da reforma. O mesmo ser\u00e1 feito no Senado. N\u00f3s precisamos continuar o enfrentamento\u201d, disse o dirigente \u00e0\u00a0<strong>TVT<\/strong>.<\/p>\n<p>Segundo o dirigente, a CUT se soma \u00e0 mobiliza\u00e7\u00e3o da Confedera\u00e7\u00e3o Nacional dos Trabalhadores da Educa\u00e7\u00e3o (CNTE) contra a \u201cReforma da Previd\u00eancia, em Defesa da Educa\u00e7\u00e3o P\u00fablica e por Empregos\u201d que j\u00e1 estava programada. \u201c\u00c9 importante ressaltar que essa \u00e9 a principal luta da CUT. N\u00e3o podemos esquecer que o governo Bolsonaro continua com seu processo de desmonte de todas as pol\u00edticas p\u00fablicas\u201d, <a href=\"https:\/\/www.cut.org.br\/noticias\/13-de-agosto-dia-nacional-de-luta-da-cut-sera-maior-ainda-diz-vagner-freitas-cd48\" target=\"_blank\" rel=\"noopener noreferrer\">acrescentou<\/a>.<\/p>\n<p>O presidente da CUT diz que os sindicatos filiados est\u00e3o orientados a realizar \u00a0paralisa\u00e7\u00f5es e, caso n\u00e3o tenham condi\u00e7\u00f5es de parar, devem realizar manifesta\u00e7\u00f5es. A ideia ainda \u00e9 pressionar os deputados em suas bases para que mudem os votos no segundo turno da vota\u00e7\u00e3o da PEC, na C\u00e2mara. \u201cVamos fazer manifesta\u00e7\u00f5es na pra\u00e7a, no coreto da cidade em que eles t\u00eam mais votos, espalhar cartazes mostrando que s\u00e3o contra a classe trabalhadora. Nessas cidades de pequeno ou m\u00e9dio porte os deputados se sentir\u00e3o mais pressionados. E se a base dele for uma cidade maior, nos grandes centros, vamos aos bairros onde tamb\u00e9m tem vota\u00e7\u00e3o\u201d, finalizou.<\/p>\n<p><strong>Fonte: Rede Brasil Atual<\/strong><\/p>\n","protected":false},"excerpt":{"rendered":"<p>As manifesta\u00e7\u00f5es do pr\u00f3ximo dia 13, contra a \u201creforma\u201d da Previd\u00eancia e o desmonte da educa\u00e7\u00e3o, prometem ser ainda maiores do que as realizadas nos dias 15 e 30 de maio. O presidente da CUT, Vagner Freitas, garante que os trabalhadores e estudantes levar\u00e3o \u00e0s ruas \u201cmuita for\u00e7a, intensidade e paralisa\u00e7\u00f5es\u201d, para rejeitar os retrocessos [&hellip;]<\/p>\n","protected":false},"author":2,"featured_media":7263,"comment_status":"","ping_status":"","sticky":false,"template":"","format":"standard","meta":{"footnotes":""},"categories":[3],"tags":[],"class_list":["post-7264","post","type-post","status-publish","format-standard","has-post-thumbnail","hentry","category-noticias"],"_links":{"self":[{"href":"https:\/\/hostnetart.com.br\/baixada\/wp-json\/wp\/v2\/posts\/7264","targetHints":{"allow":["GET"]}}],"collection":[{"href":"https:\/\/hostnetart.com.br\/baixada\/wp-json\/wp\/v2\/posts"}],"about":[{"href":"https:\/\/hostnetart.com.br\/baixada\/wp-json\/wp\/v2\/types\/post"}],"author":[{"embeddable":true,"href":"https:\/\/hostnetart.com.br\/baixada\/wp-json\/wp\/v2\/users\/2"}],"replies":[{"embeddable":true,"href":"https:\/\/hostnetart.com.br\/baixada\/wp-json\/wp\/v2\/comments?post=7264"}],"version-history":[{"count":0,"href":"https:\/\/hostnetart.com.br\/baixada\/wp-json\/wp\/v2\/posts\/7264\/revisions"}],"wp:featuredmedia":[{"embeddable":true,"href":"https:\/\/hostnetart.com.br\/baixada\/wp-json\/wp\/v2\/media\/7263"}],"wp:attachment":[{"href":"https:\/\/hostnetart.com.br\/baixada\/wp-json\/wp\/v2\/media?parent=7264"}],"wp:term":[{"taxonomy":"category","embeddable":true,"href":"https:\/\/hostnetart.com.br\/baixada\/wp-json\/wp\/v2\/categories?post=7264"},{"taxonomy":"post_tag","embeddable":true,"href":"https:\/\/hostnetart.com.br\/baixada\/wp-json\/wp\/v2\/tags?post=7264"}],"curies":[{"name":"wp","href":"https:\/\/api.w.org\/{rel}","templated":true}]}}