{"id":7262,"date":"2019-08-01T15:32:28","date_gmt":"2019-08-01T18:32:28","guid":{"rendered":"https:\/\/hostnetart.com.br\/baixada\/saques-do-fundo-de-garantia-vao-prejudicar-habitacao-popular-e-trabalhador-de-baixa-renda\/"},"modified":"2019-08-01T15:32:28","modified_gmt":"2019-08-01T18:32:28","slug":"saques-do-fundo-de-garantia-vao-prejudicar-habitacao-popular-e-trabalhador-de-baixa-renda","status":"publish","type":"post","link":"https:\/\/hostnetart.com.br\/baixada\/saques-do-fundo-de-garantia-vao-prejudicar-habitacao-popular-e-trabalhador-de-baixa-renda\/","title":{"rendered":"Saques do Fundo de Garantia v\u00e3o prejudicar habita\u00e7\u00e3o popular e trabalhador de baixa renda"},"content":{"rendered":"<p>A Medida Provis\u00f3ria (MP) 889, que cria duas novas modalidades para o saque do Fundo de Garantia do Tempo de Servi\u00e7o (FGTS) e prev\u00ea a distribui\u00e7\u00e3o de 100% dos lucros do fundo, amea\u00e7a programas de habita\u00e7\u00e3o como o Minha Casa Minha Vida. E tamb\u00e9m amea\u00e7a emprego na constru\u00e7\u00e3o civil. \u00c9 o que mostra a reportagem de Dayane Ponte, veiculada no <em>Seu Jornal<\/em>, da <strong>TVT<\/strong>.<\/p>\n<p>O FGTS \u00e9 uma importante ferramenta dos trabalhadores na conquista da casa pr\u00f3pria. Mas com a MP 889 aprovada, esse sonho pode ficar mais distante, al\u00e9m de agravar o desemprego. \u00c9 o que explica o t\u00e9cnico do Dieese Victor Pagani.<\/p>\n<p>\u201cEssa libera\u00e7\u00e3o dos recursos do FGTS vai acabar descapitalizando um fundo p\u00fablico, cuja finalidade al\u00e9m de dar uma garantia para o trabalhador no momento do desemprego e da aposentadoria \u00e9 contribuir para o financiamento, sobretudo da casa pr\u00f3pria\u201d, diz Pagani. \u201cCom a descaracteriza\u00e7\u00e3o do fundo pode faltar recursos para o financiamento do investimento em moradia e da infraestrutura para saneamento, e com isso agravar a crise de emprego que estamos vivendo no setor da constru\u00e7\u00e3o.\u201d<\/p>\n<p>Programas habitacionais como minha casa minha vida est\u00e3o entre os prejudicados. Marcelo Ferreira dos Santos, que \u00e9 presidente do Sindicato dos Trabalhadores da Constru\u00e7\u00e3o Civil na regi\u00e3o de Guarulhos e Aruj\u00e1, na Grande S\u00e3o Paulo, tem observado a redu\u00e7\u00e3o do setor nessas cidades. \u201cN\u00f3s tivermos falta de investimento nos \u00faltimos anos na quest\u00e3o do Minha Casa Minha Vida principalmente na baixa renda, que \u00e9 o que mais gera emprego.\u201d<\/p>\n<p>Trabalhadores de baixa renda est\u00e3o entre os que ser\u00e3o mais prejudicados, garante tamb\u00e9m Josemar Bernardes Andr\u00e9, presidente da Federa\u00e7\u00e3o dos Trabalhadores na Ind\u00fastria da Constru\u00e7\u00e3o, do Mobili\u00e1rio e da Madeira de S\u00e3o Paulo. \u201cA princ\u00edpio, o fundo de garantia subsidia as constru\u00e7\u00f5es populares e esses saques que ser\u00e3o liberados v\u00e3o prejudicar a constru\u00e7\u00e3o dessas moradias populares. Esse iniciativa do governo federal vai prejudicar principalmente os trabalhadores de baixa renda.\u201d<\/p>\n<p><strong>Fonte: Rede Brasil Atual<\/strong><\/p>\n","protected":false},"excerpt":{"rendered":"<p>A Medida Provis\u00f3ria (MP) 889, que cria duas novas modalidades para o saque do Fundo de Garantia do Tempo de Servi\u00e7o (FGTS) e prev\u00ea a distribui\u00e7\u00e3o de 100% dos lucros do fundo, amea\u00e7a programas de habita\u00e7\u00e3o como o Minha Casa Minha Vida. E tamb\u00e9m amea\u00e7a emprego na constru\u00e7\u00e3o civil. \u00c9 o que mostra a reportagem [&hellip;]<\/p>\n","protected":false},"author":2,"featured_media":7261,"comment_status":"","ping_status":"","sticky":false,"template":"","format":"standard","meta":{"footnotes":""},"categories":[3],"tags":[],"class_list":["post-7262","post","type-post","status-publish","format-standard","has-post-thumbnail","hentry","category-noticias"],"_links":{"self":[{"href":"https:\/\/hostnetart.com.br\/baixada\/wp-json\/wp\/v2\/posts\/7262","targetHints":{"allow":["GET"]}}],"collection":[{"href":"https:\/\/hostnetart.com.br\/baixada\/wp-json\/wp\/v2\/posts"}],"about":[{"href":"https:\/\/hostnetart.com.br\/baixada\/wp-json\/wp\/v2\/types\/post"}],"author":[{"embeddable":true,"href":"https:\/\/hostnetart.com.br\/baixada\/wp-json\/wp\/v2\/users\/2"}],"replies":[{"embeddable":true,"href":"https:\/\/hostnetart.com.br\/baixada\/wp-json\/wp\/v2\/comments?post=7262"}],"version-history":[{"count":0,"href":"https:\/\/hostnetart.com.br\/baixada\/wp-json\/wp\/v2\/posts\/7262\/revisions"}],"wp:featuredmedia":[{"embeddable":true,"href":"https:\/\/hostnetart.com.br\/baixada\/wp-json\/wp\/v2\/media\/7261"}],"wp:attachment":[{"href":"https:\/\/hostnetart.com.br\/baixada\/wp-json\/wp\/v2\/media?parent=7262"}],"wp:term":[{"taxonomy":"category","embeddable":true,"href":"https:\/\/hostnetart.com.br\/baixada\/wp-json\/wp\/v2\/categories?post=7262"},{"taxonomy":"post_tag","embeddable":true,"href":"https:\/\/hostnetart.com.br\/baixada\/wp-json\/wp\/v2\/tags?post=7262"}],"curies":[{"name":"wp","href":"https:\/\/api.w.org\/{rel}","templated":true}]}}