{"id":7260,"date":"2019-08-01T15:31:16","date_gmt":"2019-08-01T18:31:16","guid":{"rendered":"https:\/\/hostnetart.com.br\/baixada\/congressos-dos-bancarios-da-caixa-e-do-banco-do-brasil-comecam-hoje\/"},"modified":"2019-08-01T15:31:16","modified_gmt":"2019-08-01T18:31:16","slug":"congressos-dos-bancarios-da-caixa-e-do-banco-do-brasil-comecam-hoje","status":"publish","type":"post","link":"https:\/\/hostnetart.com.br\/baixada\/congressos-dos-bancarios-da-caixa-e-do-banco-do-brasil-comecam-hoje\/","title":{"rendered":"Congressos dos banc\u00e1rios da Caixa e do Banco do Brasil come\u00e7am hoje"},"content":{"rendered":"<div class=\"elementor-element elementor-element-194680ec elementor-widget elementor-widget-theme-post-content\" data-id=\"194680ec\" data-element_type=\"widget\" data-widget_type=\"theme-post-content.default\">\n<div class=\"elementor-widget-container\">\n<p>Os funcion\u00e1rios do Banco do Brasil e os empregados da Caixa de todo o Brasil se re\u00fanem a partir das 9h desta quinta-feira (1\u00ba) para debater sobre quest\u00f5es que afetam seus cotidianos de trabalho e definir estrat\u00e9gias e planos de a\u00e7\u00f5es para defender os bancos p\u00fablicos e seus direitos e conquistas. Os congressos seguem at\u00e9 sexta-feira (2).<\/p>\n<h3><strong>CNFBB<\/strong><\/h3>\n<p>O <a href=\"https:\/\/contrafcut.com.br\/noticias\/30o-cnfbb-enfocara-defesa-do-banco-do-brasil-e-dos-funcionarios\/\">3<\/a><a href=\"https:\/\/contrafcut.com.br\/noticias\/30o-cnfbb-enfocara-defesa-do-banco-do-brasil-e-dos-funcionarios\/\" target=\"_blank\" rel=\"noopener noreferrer\">0\u00ba Congresso Nacional dos Funcion\u00e1rios do Banco d<\/a><a href=\"https:\/\/contrafcut.com.br\/noticias\/30o-cnfbb-enfocara-defesa-do-banco-do-brasil-e-dos-funcionarios\/\">o Brasil (CNFBB)<\/a> seguir\u00e1 a tem\u00e1tica \u201cEm defesa do Banco do Brasil e dos seus funcion\u00e1rios na era digital e do desmonte\u201d. Os debates v\u00e3o girar em torno da import\u00e2ncia do banco para a sociedade e dos preju\u00edzos que a reestrutura\u00e7\u00e3o pode causar ao car\u00e1ter p\u00fablico da atua\u00e7\u00e3o do BB.<\/p>\n<p>\u201cO Banco do Brasil exerce papel fundamental para o desenvolvimento do pa\u00eds. Tem grande destaque no fomento do setor agropecu\u00e1rio, mas tamb\u00e9m em pol\u00edticas voltadas \u00e0s micro, pequena e m\u00e9dias empresas, \u00e0 educa\u00e7\u00e3o e \u00e0 habita\u00e7\u00e3o. Se a reestrutura\u00e7\u00e3o n\u00e3o levar isso em conta, toda a sociedade brasileira ser\u00e1 prejudicada\u201d, disse o coordenador da Comiss\u00e3o de Empresa dos Funcion\u00e1rios do Banco do Brasil (CEBB), Wagner Nascimento.<\/p>\n<h3><strong>Conecef<\/strong><\/h3>\n<p>Com o slogan \u201cTodos contra o retrocesso\u201d, o <a href=\"https:\/\/contrafcut.com.br\/noticias\/35o-conecef-comeca-no-dia-1o-de-agosto\/\" target=\"_blank\" rel=\"noopener noreferrer\">35\u00ba Congresso Nacional dos Empregados da Caixa (Conecef)<\/a>, os debates ter\u00e3o como eixos a defesa da Caixa e dos bancos p\u00fablicos; o combate \u00e0 reestrutura\u00e7\u00e3o e ao desmonte dos direitos; a defesa do Sa\u00fade Caixa, da Funcef e dos aposentados; e a defesa da Previd\u00eancia, entre outros.<\/p>\n<p>\u201cO evento ser\u00e1 fundamental para juntos tirarmos uma estrat\u00e9gia de defesa dos bancos p\u00fablicos e de luta pela soberania nacional\u201d, afirmou S\u00e9rgio Takemoto, secret\u00e1rio de Finan\u00e7as da Confedera\u00e7\u00e3o Nacional dos Trabalhadores do Ramo Financeiro (Contraf-CUT) e empregado do banco.<\/p>\n<h3><strong>Aplicativos<\/strong><\/h3>\n<p>O Comando Nacional dos Banc\u00e1rios desenvolveu aplicativos para dispositivos m\u00f3veis (celulares e tablets) visando a otimiza\u00e7\u00e3o da circula\u00e7\u00e3o dos materiais, das publica\u00e7\u00f5es e dos informativos do congresso.<\/p>\n<p>A iniciativa visa melhorar a utiliza\u00e7\u00e3o dos recursos da categoria e, com isso, ampliar a gama de informa\u00e7\u00f5es \u00e0s delegadas e aos delegados dos eventos programados.<\/p>\n<p> <strong>Fonte:<\/strong> <strong>Contraf-CUT<\/strong><\/p>\n<\/div>\n<\/div>\n","protected":false},"excerpt":{"rendered":"<p>Os funcion\u00e1rios do Banco do Brasil e os empregados da Caixa de todo o Brasil se re\u00fanem a partir das 9h desta quinta-feira (1\u00ba) para debater sobre quest\u00f5es que afetam seus cotidianos de trabalho e definir estrat\u00e9gias e planos de a\u00e7\u00f5es para defender os bancos p\u00fablicos e seus direitos e conquistas. Os congressos seguem at\u00e9 [&hellip;]<\/p>\n","protected":false},"author":2,"featured_media":7259,"comment_status":"","ping_status":"","sticky":false,"template":"","format":"standard","meta":{"footnotes":""},"categories":[3],"tags":[],"class_list":["post-7260","post","type-post","status-publish","format-standard","has-post-thumbnail","hentry","category-noticias"],"_links":{"self":[{"href":"https:\/\/hostnetart.com.br\/baixada\/wp-json\/wp\/v2\/posts\/7260","targetHints":{"allow":["GET"]}}],"collection":[{"href":"https:\/\/hostnetart.com.br\/baixada\/wp-json\/wp\/v2\/posts"}],"about":[{"href":"https:\/\/hostnetart.com.br\/baixada\/wp-json\/wp\/v2\/types\/post"}],"author":[{"embeddable":true,"href":"https:\/\/hostnetart.com.br\/baixada\/wp-json\/wp\/v2\/users\/2"}],"replies":[{"embeddable":true,"href":"https:\/\/hostnetart.com.br\/baixada\/wp-json\/wp\/v2\/comments?post=7260"}],"version-history":[{"count":0,"href":"https:\/\/hostnetart.com.br\/baixada\/wp-json\/wp\/v2\/posts\/7260\/revisions"}],"wp:featuredmedia":[{"embeddable":true,"href":"https:\/\/hostnetart.com.br\/baixada\/wp-json\/wp\/v2\/media\/7259"}],"wp:attachment":[{"href":"https:\/\/hostnetart.com.br\/baixada\/wp-json\/wp\/v2\/media?parent=7260"}],"wp:term":[{"taxonomy":"category","embeddable":true,"href":"https:\/\/hostnetart.com.br\/baixada\/wp-json\/wp\/v2\/categories?post=7260"},{"taxonomy":"post_tag","embeddable":true,"href":"https:\/\/hostnetart.com.br\/baixada\/wp-json\/wp\/v2\/tags?post=7260"}],"curies":[{"name":"wp","href":"https:\/\/api.w.org\/{rel}","templated":true}]}}