{"id":7258,"date":"2019-08-01T15:28:44","date_gmt":"2019-08-01T18:28:44","guid":{"rendered":"https:\/\/hostnetart.com.br\/baixada\/trabalhadores-cobram-explicacoes-sobre-declaracoes-do-presidente-do-itau\/"},"modified":"2019-08-01T15:28:44","modified_gmt":"2019-08-01T18:28:44","slug":"trabalhadores-cobram-explicacoes-sobre-declaracoes-do-presidente-do-itau","status":"publish","type":"post","link":"https:\/\/hostnetart.com.br\/baixada\/trabalhadores-cobram-explicacoes-sobre-declaracoes-do-presidente-do-itau\/","title":{"rendered":"Trabalhadores cobram explica\u00e7\u00f5es sobre declara\u00e7\u00f5es do presidente do Ita\u00fa"},"content":{"rendered":"<div class=\"elementor-element elementor-element-194680ec elementor-widget elementor-widget-theme-post-content\" data-id=\"194680ec\" data-element_type=\"widget\" data-widget_type=\"theme-post-content.default\">\n<div class=\"elementor-widget-container\">\n<p>Os representantes dos trabalhadores do Ita\u00fa querem explica\u00e7\u00f5es do presidente do banco, Candido Bracher, sobre as declara\u00e7\u00f5es dadas, na manh\u00e3 desta quarta-feira (31), em teleconfer\u00eancia com jornalistas para comentar os resultados do segundo trimestre.<\/p>\n<p>Bracher deu a entender que <a href=\"https:\/\/www.seudinheiro.com\/itau-fecha-mais-de-200-agencias-no-trimestre-com-avanco-de-servicos-digitais\/?xpromo=XD-MI-SDW-MTSD-BWHATS-X-WHATS-X-X-X&amp;utm_source=SDW&amp;utm_medium=WHATS&amp;utm_campaign=XD-MI-SDW-MTSD-BWHATS-X-WHATS-X-X-X\" target=\"_blank\" rel=\"noopener noreferrer\">o fechamento de suas ag\u00eancias deve continuar ao longo deste ano<\/a>, ainda que em um ritmo menor. \u201cOnde temos ag\u00eancias pr\u00f3ximas e uma delas \u00e9 capaz de comportar o fluxo de clientes h\u00e1 possibilidade de redu\u00e7\u00e3o\u201d, disse Bracher.<\/p>\n<p>De acordo com o relat\u00f3rio feito pelo<a href=\"https:\/\/contrafcut.com.br\/wp-content\/uploads\/2019\/07\/destaques-do-banco-itau_1sem2019.pdf?x98855\" target=\"_blank\" rel=\"noopener noreferrer\"> Departamento Intersindical de Estat\u00edstica e Estudos Socioecon\u00f4micos (Dieese)<\/a>, com base no<a href=\"https:\/\/contrafcut.com.br\/noticias\/itau-anuncia-pdv-no-dia-em-que-registra-r-139-bi-de-lucro\/\" target=\"_blank\" rel=\"noopener noreferrer\"> balan\u00e7o do banco<\/a>, em doze meses, foram fechadas 199 ag\u00eancias f\u00edsicas, sendo 195 somente no 2\u00ba trimestre e abertas 36 ag\u00eancias digitais (apenas uma no trimestre), totalizando 3.332 ag\u00eancias e 196 ag\u00eancias digitais, respectivamente).<\/p>\n<p>Segundo Bracher, o fluxo de clientes aos estabelecimentos tem diminu\u00eddo conforme cresce a oferta de servi\u00e7os digitais. O banco abre hoje 70 mil contas digitais por m\u00eas, praticamente o mesmo n\u00famero das ag\u00eancias, sem considerar as aberturas realizadas para atender a folha de pagamento de empresas, segundo o executivo.<\/p>\n<p>\u201cN\u00f3s queremos saber quais ag\u00eancias ser\u00e3o fechadas e como os trabalhadores delas ser\u00e3o realocados. N\u00e3o podemos aceitar que as pessoas tenham que se deslocar por grandes dist\u00e2ncias at\u00e9 encontrar uma ag\u00eancia banc\u00e1ria. Isso tamb\u00e9m prejudica a economia das cidades e bairros que ficam sem ag\u00eancia. As pessoas, at\u00e9 por quest\u00e3o de seguran\u00e7a, fazem as compras onde sacam o dinheiro. O com\u00e9rcio destas cidades mingua\u201d, criticou o coordenador da Comiss\u00e3o de Organiza\u00e7\u00e3o dos Empregados (COE) do Ita\u00fa, Jair Alves.<\/p>\n<p><strong>Fonte: Contraf-CUT<\/strong><\/p>\n<\/div>\n<\/div>\n","protected":false},"excerpt":{"rendered":"<p>Os representantes dos trabalhadores do Ita\u00fa querem explica\u00e7\u00f5es do presidente do banco, Candido Bracher, sobre as declara\u00e7\u00f5es dadas, na manh\u00e3 desta quarta-feira (31), em teleconfer\u00eancia com jornalistas para comentar os resultados do segundo trimestre. Bracher deu a entender que o fechamento de suas ag\u00eancias deve continuar ao longo deste ano, ainda que em um ritmo [&hellip;]<\/p>\n","protected":false},"author":2,"featured_media":7257,"comment_status":"","ping_status":"","sticky":false,"template":"","format":"standard","meta":{"footnotes":""},"categories":[3],"tags":[],"class_list":["post-7258","post","type-post","status-publish","format-standard","has-post-thumbnail","hentry","category-noticias"],"_links":{"self":[{"href":"https:\/\/hostnetart.com.br\/baixada\/wp-json\/wp\/v2\/posts\/7258","targetHints":{"allow":["GET"]}}],"collection":[{"href":"https:\/\/hostnetart.com.br\/baixada\/wp-json\/wp\/v2\/posts"}],"about":[{"href":"https:\/\/hostnetart.com.br\/baixada\/wp-json\/wp\/v2\/types\/post"}],"author":[{"embeddable":true,"href":"https:\/\/hostnetart.com.br\/baixada\/wp-json\/wp\/v2\/users\/2"}],"replies":[{"embeddable":true,"href":"https:\/\/hostnetart.com.br\/baixada\/wp-json\/wp\/v2\/comments?post=7258"}],"version-history":[{"count":0,"href":"https:\/\/hostnetart.com.br\/baixada\/wp-json\/wp\/v2\/posts\/7258\/revisions"}],"wp:featuredmedia":[{"embeddable":true,"href":"https:\/\/hostnetart.com.br\/baixada\/wp-json\/wp\/v2\/media\/7257"}],"wp:attachment":[{"href":"https:\/\/hostnetart.com.br\/baixada\/wp-json\/wp\/v2\/media?parent=7258"}],"wp:term":[{"taxonomy":"category","embeddable":true,"href":"https:\/\/hostnetart.com.br\/baixada\/wp-json\/wp\/v2\/categories?post=7258"},{"taxonomy":"post_tag","embeddable":true,"href":"https:\/\/hostnetart.com.br\/baixada\/wp-json\/wp\/v2\/tags?post=7258"}],"curies":[{"name":"wp","href":"https:\/\/api.w.org\/{rel}","templated":true}]}}