{"id":7256,"date":"2019-07-31T16:38:05","date_gmt":"2019-07-31T19:38:05","guid":{"rendered":"https:\/\/hostnetart.com.br\/baixada\/mercado-de-trabalho-brasileiro-bate-recorde-negativo\/"},"modified":"2019-07-31T16:38:05","modified_gmt":"2019-07-31T19:38:05","slug":"mercado-de-trabalho-brasileiro-bate-recorde-negativo","status":"publish","type":"post","link":"https:\/\/hostnetart.com.br\/baixada\/mercado-de-trabalho-brasileiro-bate-recorde-negativo\/","title":{"rendered":"Mercado de trabalho brasileiro bate recorde negativo"},"content":{"rendered":"<p>O<a href=\"https:\/\/contrafcut.com.br\/noticias\/mais-de-17-mil-bancarios-foram-demitidos-em-2019\/\" target=\"_blank\" rel=\"noopener noreferrer\">\u00a0mercado de trabalho brasileiro<\/a>\u00a0fechou o segundo trimestre de 2019 com dois recordes negativos, na s\u00e9rie hist\u00f3rica iniciada em 2012 pelo<a href=\"https:\/\/agenciadenoticias.ibge.gov.br\/agencia-sala-de-imprensa\/2013-agencia-de-noticias\/releases\/25092-pnad-continua-taxa-de-desocupacao-e-de-12-0-e-taxa-de-subutilizacao-e-24-8-no-trimestre-encerrado-em-junho-de-2019\" target=\"_blank\" rel=\"noopener noreferrer\">\u00a0Instituto Brasileiro de Geografia e Estat\u00edstica (IBGE)<\/a>, nas taxas da\u00a0<a href=\"https:\/\/www.cut.org.br\/noticias\/numero-de-trabalhadores-subocupados-ou-fazendo-bicos-bate-recorde-historico-9d47\" target=\"_blank\" rel=\"noopener noreferrer\">popula\u00e7\u00e3o subocupada e de trabalhadores por conta pr\u00f3pria<\/a>.<\/p>\n<p>A popula\u00e7\u00e3o subocupada, trabalhadores e trabalhadoras dispon\u00edveis e que precisam trabalhar mais horas, mas n\u00e3o conseguem, atingiu 7,4 milh\u00f5es de pessoas \u2013 aumento de 8,7% em rela\u00e7\u00e3o ao trimestre anterior e de 13,8% em rela\u00e7\u00e3o ao mesmo per\u00edodo de 2018.<\/p>\n<p>J\u00e1 o n\u00famero de trabalhadores por conta pr\u00f3pria, que fazem bicos para sobreviver, atingiu a marca de 24,1 milh\u00f5es de brasileiros, 1,6% a mais em rela\u00e7\u00e3o ao trimestre anterior e 5% em rela\u00e7\u00e3o ao mesmo per\u00edodo de 2018.<\/p>\n<p>Os dados s\u00e3o da Pesquisa Nacional por Amostra de Domic\u00edlios Cont\u00ednua (PNAD Cont\u00ednua), divulgada nesta quarta-feira (31) pelo IBGE.<\/p>\n<h3>Subutiliza\u00e7\u00e3o<\/h3>\n<p>No segundo trimestre do ano, a subutiliza\u00e7\u00e3o atingia 28,4 milh\u00f5es de pessoas (3,4% a mais). O grupo que o IBGE denomina \u2018subutilizados\u2019 \u00e9 formado por trabalhadores desempregados, desocupados, os subocupados, desalentados e uma parcela que n\u00e3o consegue procurar trabalho por motivos diversos. Entre essas pessoas, 12,8 milh\u00f5es estavam procurando emprego e 4,9 milh\u00f5es estavam desalentadas.<\/p>\n<h3>Desalento<\/h3>\n<p>O total de desalentados, trabalhadores que desistiram de buscar emprego depois de muito procurar e n\u00e3o encontrar, 4,9 milh\u00f5es de pessoas, n\u00e3o teve uma varia\u00e7\u00e3o significativa em rela\u00e7\u00e3o ao trimestre anterior ou ao mesmo per\u00edodo do ano passado, mas continua alto.<\/p>\n<h3>Sem carteira<\/h3>\n<p>O n\u00famero de trabalhadores sem carteira assinada chegou a 11,5 milh\u00f5es de empregados, um aumento de 3,4% na compara\u00e7\u00e3o com o trimestre anterior. J\u00e1 os com carteira assinada totalizou 33,2 milh\u00f5es de trabalhadores.<\/p>\n<p><strong>Fonte: Contraf-CUT<\/strong><\/p>\n","protected":false},"excerpt":{"rendered":"<p>O\u00a0mercado de trabalho brasileiro\u00a0fechou o segundo trimestre de 2019 com dois recordes negativos, na s\u00e9rie hist\u00f3rica iniciada em 2012 pelo\u00a0Instituto Brasileiro de Geografia e Estat\u00edstica (IBGE), nas taxas da\u00a0popula\u00e7\u00e3o subocupada e de trabalhadores por conta pr\u00f3pria. A popula\u00e7\u00e3o subocupada, trabalhadores e trabalhadoras dispon\u00edveis e que precisam trabalhar mais horas, mas n\u00e3o conseguem, atingiu 7,4 milh\u00f5es [&hellip;]<\/p>\n","protected":false},"author":2,"featured_media":7255,"comment_status":"","ping_status":"","sticky":false,"template":"","format":"standard","meta":{"footnotes":""},"categories":[3],"tags":[],"class_list":["post-7256","post","type-post","status-publish","format-standard","has-post-thumbnail","hentry","category-noticias"],"_links":{"self":[{"href":"https:\/\/hostnetart.com.br\/baixada\/wp-json\/wp\/v2\/posts\/7256","targetHints":{"allow":["GET"]}}],"collection":[{"href":"https:\/\/hostnetart.com.br\/baixada\/wp-json\/wp\/v2\/posts"}],"about":[{"href":"https:\/\/hostnetart.com.br\/baixada\/wp-json\/wp\/v2\/types\/post"}],"author":[{"embeddable":true,"href":"https:\/\/hostnetart.com.br\/baixada\/wp-json\/wp\/v2\/users\/2"}],"replies":[{"embeddable":true,"href":"https:\/\/hostnetart.com.br\/baixada\/wp-json\/wp\/v2\/comments?post=7256"}],"version-history":[{"count":0,"href":"https:\/\/hostnetart.com.br\/baixada\/wp-json\/wp\/v2\/posts\/7256\/revisions"}],"wp:featuredmedia":[{"embeddable":true,"href":"https:\/\/hostnetart.com.br\/baixada\/wp-json\/wp\/v2\/media\/7255"}],"wp:attachment":[{"href":"https:\/\/hostnetart.com.br\/baixada\/wp-json\/wp\/v2\/media?parent=7256"}],"wp:term":[{"taxonomy":"category","embeddable":true,"href":"https:\/\/hostnetart.com.br\/baixada\/wp-json\/wp\/v2\/categories?post=7256"},{"taxonomy":"post_tag","embeddable":true,"href":"https:\/\/hostnetart.com.br\/baixada\/wp-json\/wp\/v2\/tags?post=7256"}],"curies":[{"name":"wp","href":"https:\/\/api.w.org\/{rel}","templated":true}]}}