{"id":7252,"date":"2019-07-31T13:51:33","date_gmt":"2019-07-31T16:51:33","guid":{"rendered":"https:\/\/hostnetart.com.br\/baixada\/35-conecef-comeca-no-dia-1-de-agosto\/"},"modified":"2019-07-31T13:51:33","modified_gmt":"2019-07-31T16:51:33","slug":"35-conecef-comeca-no-dia-1-de-agosto","status":"publish","type":"post","link":"https:\/\/hostnetart.com.br\/baixada\/35-conecef-comeca-no-dia-1-de-agosto\/","title":{"rendered":"35\u00ba Conecef come\u00e7a no dia 1\u00ba de agosto"},"content":{"rendered":"<p>O 35\u00ba Congresso Nacional dos Empregados da Caixa (Conecef) ser\u00e1 realizado nos dias 1\u00ba e 2 de agosto, em S\u00e3o Paulo. Com o slogan \u201cTodos contra o retrocesso\u201d, o evento ter\u00e1 como eixos: a defesa da Caixa e dos bancos p\u00fablicos; o combate \u00e0 reestrutura\u00e7\u00e3o e ao desmonte dos direitos; a defesa do Sa\u00fade Caixa, da Funcef e dos aposentados; a contrata\u00e7\u00e3o de mais empregados para o banco; sa\u00fade do trabalhador e condi\u00e7\u00f5es de trabalho; a luta contra a terceiriza\u00e7\u00e3o, a verticaliza\u00e7\u00e3o e o descomissionamento arbitr\u00e1rio; e a defesa da Previd\u00eancia.<\/p>\n<p>\u201cO evento ser\u00e1 fundamental para juntos tirarmos uma estrat\u00e9gia de defesa dos bancos p\u00fablicos e de luta pela soberania nacional\u201d, afirmou S\u00e9rgio Takemoto, secret\u00e1rio de Finan\u00e7as da Confedera\u00e7\u00e3o Nacional dos Trabalhadores do Ramo Financeiro (Contraf-CUT) e empregado do banco.<\/p>\n<p>Os 328 delegados, entre empregados da ativa e aposentados, poder\u00e3o se credenciar a partir do dia 31 de julho, das 15h \u00e0s 20h, ou no dia 1\u00ba de agosto, das 9h \u00e0s 12h.<\/p>\n<p>\u201cOs empregados v\u00eam com uma responsabilidade \u00edmpar neste 35\u00ba Conecef, pois os ataques contra \u00e0 Caixa e aos direitos dos trabalhadores est\u00e3o cada vez maiores. Vamos refor\u00e7ar a unidade da luta e a mobiliza\u00e7\u00e3o de todos os colegas\u201d, declarou Fabiana Uehara, secret\u00e1ria de Cultura da Contraf-CUT e representante da Confedera\u00e7\u00e3o nas negocia\u00e7\u00f5es com o banco.<\/p>\n<h3><strong>Aplicativo<\/strong><\/h3>\n<p>O 35\u00ba Conecef ter\u00e1 uma novidade para os participantes. Um aplicativo que poder\u00e1 ser baixado nos celulares dos delegados e delegadas. A Coordena\u00e7\u00e3o do Comando Nacional dos Banc\u00e1rios desenvolveu aplicativos para dispositivos m\u00f3veis (celulares e tablets) visando a otimiza\u00e7\u00e3o da circula\u00e7\u00e3o dos materiais, das publica\u00e7\u00f5es e dos informativos do congresso.<\/p>\n<p>Todo o conte\u00fado do evento, como programa\u00e7\u00e3o, regimento interno, teses, orienta\u00e7\u00f5es, cartilhas e subs\u00eddios do Departamento Intersindical de Estat\u00edstica e Estudos Socioecon\u00f4micos (Dieese), ser\u00e1 disponibilizado nos aplicativos. A iniciativa visa melhorar a utiliza\u00e7\u00e3o dos recursos da categoria e, com isso, ampliar a gama de informa\u00e7\u00f5es \u00e0s delegadas e aos delegados dos eventos programados.<\/p>\n<h3><strong>Programa\u00e7\u00e3o<\/strong><\/h3>\n<p>O primeiro painel, no dia 1\u00ba, tratar\u00e1 de Sa\u00fade e Previd\u00eancia, com debate entre a vereadora Juliana Cardoso (PT-SP) e os assessores da Fenae, Albucacis de Casto Pereira e Paulo Borges. O tema \u201cResist\u00eancia ao Desmonte\u201d, por sua vez, reunir\u00e1 como debatedores a ex-presidenta da Caixa, Maria Fernanda Ramos Coelho e os advogados da LBS Advogados Associados, Jos\u00e9 Eymard Logu\u00e9rcio e La\u00eds Lima Muylaert Carrano. Na parte da tarde, os debates come\u00e7am com a \u201cDefesa da Caixa e do que \u00e9 p\u00fablico\u201d, com a deputada Erika Kokay (PT-DF), o economista Sergio Mendon\u00e7a e a conselheira eleita representante dos empregados no Conselho Administrativo (CA) da Caixa, Rita Serrano.<\/p>\n<p>A mesa seguinte ser\u00e1 Defesa dos Bancos P\u00fablicos, que marcar\u00e1 a abertura oficial do evento, formada por representantes da Contraf-CUT, da Comiss\u00e3o Executiva dos Empregados (CEE) da Caixa, da Comiss\u00e3o de Empresa dos Funcion\u00e1rios do Banco do Brasil, da Federa\u00e7\u00e3o Nacional das Associa\u00e7\u00f5es de Empregados da Caixa (Fenae), do Sindicato dos Banc\u00e1rios de S\u00e3o Paulo, da Central de Movimentos Populares (CMP), da Frente Parlamentar Mista em Defesa dos Bancos P\u00fablicos e dos deputados federais Jos\u00e9 Carlos (PT-MA) e Erika Kokay (PT-DF).<\/p>\n<p>Na sexta-feira, dia 2 de agosto, haver\u00e1 a apresenta\u00e7\u00e3o das teses e a Plen\u00e1ria Geral que definir\u00e1 as reivindica\u00e7\u00f5es dos empregados da Caixa para a Campanha Unificada de 2019.<\/p>\n<h3><strong>Confira abaixo a programa\u00e7\u00e3o:<\/strong><\/h3>\n<p><strong>*Credenciamento*<\/strong><\/p>\n<p>31 de julho (quarta-feira): 15h \u00e0s 20h<\/p>\n<p>01 de agosto (quinta-feira): 9h \u00e0s 12h<\/p>\n<p><strong>*Dia 01 de agosto: quinta-feira*<\/strong><\/p>\n<p>\u2013 Painel: Sa\u00fade e Previd\u00eancia \u201cN\u00e3o ao Retrocesso\u201d<\/p>\n<p>Juliana Cardoso (PT-SP), vereadora;<\/p>\n<p>Dr. Albucacis de Castro Pereira, assessor da Fenae;<\/p>\n<p>Paulo Borges, assessor da Fenae<\/p>\n<p>\u2013 Painel: Resist\u00eancia ao Desmonte \u201cN\u00e3o ao Retrocesso\u201d<\/p>\n<p>Maria Fernanda Ramos Coelho, ex-presidenta da Caixa;<\/p>\n<p>Dr. Jos\u00e9 Eymard Logu\u00e9rcio, assessor jur\u00eddico da CUT (LBS Advogados Associados)<\/p>\n<p>Dra. La\u00eds Lima Muylaert Carrano, assessora jur\u00eddica da Fenae (LBS Advogados Associados)<\/p>\n<p>\u2013 Almo\u00e7o<\/p>\n<p>\u2013 Painel: Defesa da Caixa e do que \u00e9 P\u00fablico<\/p>\n<p>Erika Kokay (PT-DF), deputada federal;<\/p>\n<p>Sergio Mendon\u00e7a, economista;<\/p>\n<p>Rita Serrano, conselheira eleita representante dos empregados no CA Caixa<\/p>\n<p>\u2013 Abertura: Defesa dos Bancos P\u00fablicos<\/p>\n<p>CONTRAF<\/p>\n<p>Comando Nacional dos Banc\u00e1rios<\/p>\n<p>CEE\/CAIXA<\/p>\n<p>CEBB<\/p>\n<p>FENAE \u2013 Jair Pedro Ferreira<\/p>\n<p>SEEB S\u00e3o Paulo \u2013 Ivone Maria da Silva<\/p>\n<p>Central de Movimentos Populares \u2013 CMP: Raimundo Bonfim;<\/p>\n<p>Representante da Frente Parlamentar Mista em Defesa dos Bancos P\u00fablico: deputado federal Jos\u00e9 Carlos (PT\/MA), coordenador da Frente, e deputada Federal Erika Kokay (PT\/DF)<\/p>\n<p><strong>*Dia 02 de agosto: sexta-feira*<\/strong><\/p>\n<p>\u2013 Apresenta\u00e7\u00e3o das Teses e Plen\u00e1ria Geral<\/p>\n<p>\u2013 Plen\u00e1ria Geral<\/p>\n<p>\u2013 Encerramento e almo\u00e7o.<\/p>\n<p>Local do evento: Hotel Wyndham Garden Convention Norte\/Espa\u00e7o Immensit\u00e1, S\u00e3o Paulo.<\/p>\n<p><strong>Fonte: Contraf-CUT<\/strong><\/p>\n","protected":false},"excerpt":{"rendered":"<p>O 35\u00ba Congresso Nacional dos Empregados da Caixa (Conecef) ser\u00e1 realizado nos dias 1\u00ba e 2 de agosto, em S\u00e3o Paulo. Com o slogan \u201cTodos contra o retrocesso\u201d, o evento ter\u00e1 como eixos: a defesa da Caixa e dos bancos p\u00fablicos; o combate \u00e0 reestrutura\u00e7\u00e3o e ao desmonte dos direitos; a defesa do Sa\u00fade Caixa, [&hellip;]<\/p>\n","protected":false},"author":2,"featured_media":7251,"comment_status":"","ping_status":"","sticky":false,"template":"","format":"standard","meta":{"footnotes":""},"categories":[3],"tags":[],"class_list":["post-7252","post","type-post","status-publish","format-standard","has-post-thumbnail","hentry","category-noticias"],"_links":{"self":[{"href":"https:\/\/hostnetart.com.br\/baixada\/wp-json\/wp\/v2\/posts\/7252","targetHints":{"allow":["GET"]}}],"collection":[{"href":"https:\/\/hostnetart.com.br\/baixada\/wp-json\/wp\/v2\/posts"}],"about":[{"href":"https:\/\/hostnetart.com.br\/baixada\/wp-json\/wp\/v2\/types\/post"}],"author":[{"embeddable":true,"href":"https:\/\/hostnetart.com.br\/baixada\/wp-json\/wp\/v2\/users\/2"}],"replies":[{"embeddable":true,"href":"https:\/\/hostnetart.com.br\/baixada\/wp-json\/wp\/v2\/comments?post=7252"}],"version-history":[{"count":0,"href":"https:\/\/hostnetart.com.br\/baixada\/wp-json\/wp\/v2\/posts\/7252\/revisions"}],"wp:featuredmedia":[{"embeddable":true,"href":"https:\/\/hostnetart.com.br\/baixada\/wp-json\/wp\/v2\/media\/7251"}],"wp:attachment":[{"href":"https:\/\/hostnetart.com.br\/baixada\/wp-json\/wp\/v2\/media?parent=7252"}],"wp:term":[{"taxonomy":"category","embeddable":true,"href":"https:\/\/hostnetart.com.br\/baixada\/wp-json\/wp\/v2\/categories?post=7252"},{"taxonomy":"post_tag","embeddable":true,"href":"https:\/\/hostnetart.com.br\/baixada\/wp-json\/wp\/v2\/tags?post=7252"}],"curies":[{"name":"wp","href":"https:\/\/api.w.org\/{rel}","templated":true}]}}