{"id":7250,"date":"2019-07-31T13:49:31","date_gmt":"2019-07-31T16:49:31","guid":{"rendered":"https:\/\/hostnetart.com.br\/baixada\/desemprego-cede-mas-informalidade-bate-recorde-e-o-rendimento-cai\/"},"modified":"2019-07-31T13:49:31","modified_gmt":"2019-07-31T16:49:31","slug":"desemprego-cede-mas-informalidade-bate-recorde-e-o-rendimento-cai","status":"publish","type":"post","link":"https:\/\/hostnetart.com.br\/baixada\/desemprego-cede-mas-informalidade-bate-recorde-e-o-rendimento-cai\/","title":{"rendered":"Desemprego cede, mas informalidade bate recorde e o rendimento cai"},"content":{"rendered":"<p>A taxa nacional de desemprego foi a 12% no trimestre encerrado em junho, ante 12,7% em mar\u00e7o e 12,4% h\u00e1 um ano, informou nesta quarta-feira (31) o IBGE. O pa\u00eds est\u00e1 com 12,766 milh\u00f5es de desempregados, menos 621 mil em tr\u00eas meses (-4,6%) e estatisticamente no mesmo n\u00edvel (-1,2%) de junho de 2018. Mas se o desemprego recuou, o trabalho sem carteira continua aumentando e a informalidade \u00e9 crescente: o n\u00famero de trabalhadores por conta pr\u00f3pria, 24,141 milh\u00f5es, atingiu recorde da s\u00e9rie hist\u00f3rica, com 1,156 milh\u00e3o a mais (5%) em 12 meses.<\/p>\n<p>O total de ocupados foi estimado em 93,342 milh\u00f5es, com crescimento de 1,6% no trimestre (1,479 milh\u00e3o a mais) e de 2,6% em um ano (2,401 milh\u00f5es). Houve crescimento do emprego formal, mas o trabalho sem carteira sobe em ritmo mais intenso. O total de empregados no setor privado com carteira assinada (33,213 milh\u00f5es) subiu 0,9% no trimestre e 1,4% em 12 meses (acr\u00e9scimo de 450 mil). E os empregados sem carteira (11,5 milh\u00f5es) tiveram alta de 3,4% e 5,2% (565 mil), respectivamente. O n\u00famero de trabalhadores conta pr\u00f3pria, al\u00e9m da alta anual de 5%, aumentou 1,6% no trimestre.<\/p>\n<p>A chamada subutiliza\u00e7\u00e3o da for\u00e7a de trabalho, que aponta pessoas que poderiam trabalhar mais, mas n\u00e3o conseguiram, teve taxa de 24,8%, est\u00e1vel nas duas compara\u00e7\u00f5es (25% no trimestre anterior e 24,5% um ano atr\u00e1s). S\u00e3o 28,4 milh\u00f5es de pessoas nessa situa\u00e7\u00e3o, 923 mil a mais em 12 meses (3,4%).<\/p>\n<h5>Desalento e renda<\/h5>\n<p>O total de desalentados, estimado em 4,9 milh\u00f5es, n\u00e3o se alterou. O percentual de desalentados em rela\u00e7\u00e3o \u00e0 for\u00e7a de trabalho manteve o recorde de 4,4%.<\/p>\n<p>Entre os setores, de mar\u00e7o a junho o IBGE apurou alta do emprego em agricultura\/pecu\u00e1ria, ind\u00fastria, administra\u00e7\u00e3o p\u00fablica e alguns servi\u00e7os, inclusive os dom\u00e9sticos. Em um ano, agricultura, administra\u00e7\u00e3o p\u00fablica e servi\u00e7os crescem, enquanto os demais ficam est\u00e1veis.<\/p>\n<p>Estimado em R$ 2.290, o rendimento m\u00e9dio caiu 1,3% no trimestre. Segundo o IBGE, n\u00e3o variou significativamente (-0,2%) em rela\u00e7\u00e3o a 2018. A massa de rendimentos ficou est\u00e1vel na compara\u00e7\u00e3o com mar\u00e7o e cresceu 2,4% em 12 meses, com o aumento da ocupa\u00e7\u00e3o.<\/p>\n<p><strong>Fonte: Rede Brasil Atual<\/strong><\/p>\n","protected":false},"excerpt":{"rendered":"<p>A taxa nacional de desemprego foi a 12% no trimestre encerrado em junho, ante 12,7% em mar\u00e7o e 12,4% h\u00e1 um ano, informou nesta quarta-feira (31) o IBGE. O pa\u00eds est\u00e1 com 12,766 milh\u00f5es de desempregados, menos 621 mil em tr\u00eas meses (-4,6%) e estatisticamente no mesmo n\u00edvel (-1,2%) de junho de 2018. Mas se [&hellip;]<\/p>\n","protected":false},"author":2,"featured_media":7249,"comment_status":"","ping_status":"","sticky":false,"template":"","format":"standard","meta":{"footnotes":""},"categories":[3],"tags":[],"class_list":["post-7250","post","type-post","status-publish","format-standard","has-post-thumbnail","hentry","category-noticias"],"_links":{"self":[{"href":"https:\/\/hostnetart.com.br\/baixada\/wp-json\/wp\/v2\/posts\/7250","targetHints":{"allow":["GET"]}}],"collection":[{"href":"https:\/\/hostnetart.com.br\/baixada\/wp-json\/wp\/v2\/posts"}],"about":[{"href":"https:\/\/hostnetart.com.br\/baixada\/wp-json\/wp\/v2\/types\/post"}],"author":[{"embeddable":true,"href":"https:\/\/hostnetart.com.br\/baixada\/wp-json\/wp\/v2\/users\/2"}],"replies":[{"embeddable":true,"href":"https:\/\/hostnetart.com.br\/baixada\/wp-json\/wp\/v2\/comments?post=7250"}],"version-history":[{"count":0,"href":"https:\/\/hostnetart.com.br\/baixada\/wp-json\/wp\/v2\/posts\/7250\/revisions"}],"wp:featuredmedia":[{"embeddable":true,"href":"https:\/\/hostnetart.com.br\/baixada\/wp-json\/wp\/v2\/media\/7249"}],"wp:attachment":[{"href":"https:\/\/hostnetart.com.br\/baixada\/wp-json\/wp\/v2\/media?parent=7250"}],"wp:term":[{"taxonomy":"category","embeddable":true,"href":"https:\/\/hostnetart.com.br\/baixada\/wp-json\/wp\/v2\/categories?post=7250"},{"taxonomy":"post_tag","embeddable":true,"href":"https:\/\/hostnetart.com.br\/baixada\/wp-json\/wp\/v2\/tags?post=7250"}],"curies":[{"name":"wp","href":"https:\/\/api.w.org\/{rel}","templated":true}]}}