{"id":7246,"date":"2019-07-31T13:46:50","date_gmt":"2019-07-31T16:46:50","guid":{"rendered":"https:\/\/hostnetart.com.br\/baixada\/30-cnfbb-enfocara-defesa-do-banco-do-brasil-e-dos-funcionarios\/"},"modified":"2019-07-31T13:46:50","modified_gmt":"2019-07-31T16:46:50","slug":"30-cnfbb-enfocara-defesa-do-banco-do-brasil-e-dos-funcionarios","status":"publish","type":"post","link":"https:\/\/hostnetart.com.br\/baixada\/30-cnfbb-enfocara-defesa-do-banco-do-brasil-e-dos-funcionarios\/","title":{"rendered":"30\u00ba CNFBB enfocar\u00e1 defesa do Banco do Brasil e dos funcion\u00e1rios"},"content":{"rendered":"<p>Funcion\u00e1rios do Banco do Brasil de todo o pa\u00eds se re\u00fanem nos dias 1\u00ba e 2 de agosto, em S\u00e3o Paulo, no 30\u00ba Congresso Nacional dos Funcion\u00e1rios do Banco do Brasil (CNFBB). Seguindo a tem\u00e1tica \u201cEm defesa do Banco do Brasil e dos seus funcion\u00e1rios na era digital e do desmonte\u201d, os debates v\u00e3o girar em torno da import\u00e2ncia do banco para a sociedade e dos preju\u00edzos que a reestrutura\u00e7\u00e3o pode causar ao car\u00e1ter p\u00fablico da atua\u00e7\u00e3o do BB.<\/p>\n<p>\u201cO Banco do Brasil exerce papel fundamental para o desenvolvimento do pa\u00eds. Tem grande destaque no fomento do setor agropecu\u00e1rio, mas tamb\u00e9m em pol\u00edticas voltadas \u00e0s micro, pequena e m\u00e9dias empresas, \u00e0 educa\u00e7\u00e3o e \u00e0 habita\u00e7\u00e3o. Se a reestrutura\u00e7\u00e3o n\u00e3o levar isso em conta, toda a sociedade brasileira ser\u00e1 prejudicada, mesmo com a utiliza\u00e7\u00e3o das mais diversas ferramentas digitais\u201d, disse o coordenador da Comiss\u00e3o de Empresa dos Funcion\u00e1rios do Banco do Brasil (CEBB), Wagner Nascimento.<\/p>\n<p>\u201cO Congresso visa debater essas quest\u00f5es e organizar a atua\u00e7\u00e3o dos funcion\u00e1rios na luta contra o desmonte do Banco do Brasil e dos demais bancos e empresas p\u00fablicas\u201d, ressaltou o secret\u00e1rio geral da Confedera\u00e7\u00e3o Nacional dos Trabalhadores do Ramo Financeiro (Contraf-CUT), Gustavo Tabatinga, que tamb\u00e9m \u00e9 funcion\u00e1rio do BB.<\/p>\n<h3><strong>Materiais e informa\u00e7\u00f5es<\/strong><\/h3>\n<p>Uma novidade desta 30\u00aa edi\u00e7\u00e3o do CNFBB ser\u00e1 a substitui\u00e7\u00e3o dos materiais impressos pela tecnologia. Toda a programa\u00e7\u00e3o, textos de reflex\u00f5es, demais subs\u00eddios e informa\u00e7\u00f5es estar\u00e3o dispon\u00edveis em um App que pode ser baixado nos celulares e\/ou tablets dos delegados.<\/p>\n<p>A iniciativa visa otimizar a utiliza\u00e7\u00e3o dos recursos da categoria e ampliar a gama de informa\u00e7\u00f5es sobre o evento.<\/p>\n<h3><strong>Atividades<\/strong><\/h3>\n<p>No primeiro painel, as reflex\u00f5es ser\u00e3o sobre o \u201cMundo Digital Banc\u00e1rio\u201d. Em seguida, ser\u00e3o apresentadas e debatidas as diferentes teses do congresso. Na sequ\u00eancia, haver\u00e1 uma an\u00e1lise da conjuntura nacional.<\/p>\n<p>Os trabalhos da tarde se iniciam com a apresenta\u00e7\u00e3o do projeto Reconta A\u00ed, formado por um grupo de comunicadores e economistas especializados em bancos p\u00fablicos e interessados na defesa do patrim\u00f4nio p\u00fablico. Em seguida, a Associa\u00e7\u00e3o Nacional dos Funcion\u00e1rios do Banco do Brasil (Anabb) far\u00e1 uma apresenta\u00e7\u00e3o sobre a campanha \u201cN\u00e3o mexe no meu BB\u201d. Tamb\u00e9m ser\u00e3o lan\u00e7ados os livros \u201cNovo Sindicalismo para o Capitalismo do S\u00e9culo XXI\u201d, de Marcello Azevedo, e \u201cGarimpeiro do Cotidiano\u201d, de Francisco Ferreira Alexandre.<\/p>\n<p>A tarde se encerra com os pain\u00e9is sobre a Previd\u00eancia P\u00fablica e Complementar, e sobre a Cassi\/Economus e Sa\u00fade dos Trabalhadores.<\/p>\n<p>O dia se encerra com uma cerim\u00f4nia em defesa dos bancos p\u00fablicos, com a participa\u00e7\u00e3o dos delegados e delegadas do 35\u00ba Congresso Nacional dos empregados da Caixa Econ\u00f4mica Federal e do 30\u00ba Congresso Nacional dos Funcion\u00e1rios do Banco do Brasil.<\/p>\n<p>Na sexta-feira (2), ser\u00e3o realizados um painel sobre a hist\u00f3ria da CEBB e a plen\u00e1ria de encerramento.<\/p>\n<p>Veja abaixo a programa\u00e7\u00e3o completa.<\/p>\n<h3><strong>Programa\u00e7\u00e3o:<\/strong><\/h3>\n<p><strong>31 de julho (quarta-feira):<\/strong><br \/><strong>Das 15h \u00e0s 20h<\/strong>\u00a0\u2013\u00a0<strong>Credenciamento<\/strong><\/p>\n<p><strong>01 de agosto (quinta-feira):\u00a0<\/strong><br \/><strong>Das 9h \u00e0s 12h<\/strong>\u00a0\u2013\u00a0<strong>Credenciamento<\/strong><br \/><strong>09h<\/strong>\u00a0\u2013\u00a0<strong>Abertura e apresenta\u00e7\u00e3o do APP do Congresso<\/strong><br \/><strong>09h30<\/strong>\u00a0\u2013\u00a0<strong>Leitura e aprova\u00e7\u00e3o do Regimento Interno<\/strong><br \/><strong>10h<\/strong>\u00a0\u2013\u00a0<strong>Painel Mundo Digital Banc\u00e1rio<br \/><\/strong>Palestrante: Ana T\u00e9rcia Sanches \u2013 Pesquisadora do Centro de Pesquisas 28 de Agosto<br \/><strong>11h<\/strong>\u00a0\u2013\u00a0<strong>Apresenta\u00e7\u00e3o das teses<\/strong><br \/><strong>12h<\/strong>\u00a0\u2013\u00a0<strong>Painel Conjuntura Nacional<br \/><\/strong>Palestrante: Mois\u00e9s Marques \u2013 Professor Dr. da Faculdade 28 de Agosto<\/p>\n<p><strong>13h \u2013 Almo\u00e7o<\/strong><\/p>\n<p>14h \u2013\u00a0<strong>Apresenta\u00e7\u00e3o Projeto Reconta A\u00ed<br \/><\/strong>Palestrante: S\u00e9rgio Mendon\u00e7a \u2013 Economista e ex-diretor-t\u00e9cnico do Departamento Intersindical de Estat\u00edstica e Estudos Socioecon\u00f4micos (Dieese)<br \/><strong>14h15<\/strong>\u00a0\u2013\u00a0<strong>Apresenta\u00e7\u00e3o da ANABB da Campanha em Defesa do Banco do Brasil \u201cN\u00e3o Mexe no Meu BB\u201d<br \/><\/strong>Reinaldo Fujimoto \u2013 Presidente da ANABB<br \/><strong>14h45<\/strong>\u00a0\u2013\u00a0<strong>Apresenta\u00e7\u00e3o e Lan\u00e7amento dos Livros:\u00a0<br \/>\u201cNovo Sindicalismo para o Capitalismo do S\u00e9culo XXI\u201d: \u2013 Autor: Marcello Azevedo<\/strong>\u00a0\u2013 Dirigente Sindical da Confedera\u00e7\u00e3o Nacional dos Trabalhadores do Ramo Financeiro \u2013 Contraf-CUT;\u00a0<strong>\u201cGarimpeiro do Cotidiano\u201d \u2013 Autor: Francisco Ferreira Alexandre<\/strong>\u00a0\u2013 aposentado do BB, militante, Ex-diretor da PREVI e Ex-presidente do Fundo de Pens\u00e3o dos Trabalhadores da BRF.<br \/><strong>15h15<\/strong>\u00a0\u2013\u00a0<strong>Painel Previd\u00eancia P\u00fablica e Complementar<br \/><\/strong>Paula Goto \u2013 Diretora de Planejamento da Previ; Marcio Souza \u2013 Diretor de Administra\u00e7\u00e3o da Previ; Marcel Barros \u2013 Diretor de Seguridade da Previ; Adilson Nascimento Ferreira \u2013 Diretor Superintendente do Economus; Francisco Ferreira Alexandre \u2013 Ex-diretor da Previ, ex-presidente do Fundo de Pens\u00e3o dos Trabalhadores da BRF e aposentado do Banco do Brasil<\/p>\n<p><strong>16h45 \u2013 Painel Cassi\/Economus e Sa\u00fade dos Trabalhadores<\/strong><br \/>Humberto Almeida \u2013 Diretor de Planos da Cassi; William Mendes \u2013 Ex-diretor da Cassi; Mauricio Messias<strong>\u00a0\u2013<\/strong>Diretor de Seguridade do Economus<br \/><strong>18h<\/strong>\u00a0\u2013\u00a0<strong>Abertura conjunta em Defesa dos Bancos P\u00fablicos do 35\u00ba Congresso Nacional dos empregados da Caixa Econ\u00f4mica Federal e 30\u00ba Congresso Nacional dos Funcion\u00e1rios do Banco do Brasil<\/strong><br \/><strong>20h30<\/strong>\u00a0\u2013\u00a0<strong>Coquetel e Confraterniza\u00e7\u00e3o<\/strong><\/p>\n<p><strong>Dia 02 de agosto (sexta-feira):<\/strong><br \/><strong>09h30<\/strong>\u00a0\u2013\u00a0<strong>Painel Hist\u00f3ria da CEBB<\/strong><br \/><strong>10h30<\/strong>\u00a0\u2013\u00a0<strong>Plen\u00e1ria final e encerramento<\/strong><\/p>\n<p><strong>13h00<\/strong>\u00a0\u2013\u00a0<strong>Almo\u00e7o<\/strong><\/p>\n<p><strong>Local do evento:<\/strong>\u00a0Hotel Wyndham Garden Convention Norte\/Espa\u00e7o Immensit\u00e1, S\u00e3o Paulo.<\/p>\n<p><span style=\"text-decoration: underline;\"><strong>Fonte: Contraf-CUT<\/strong><\/span><\/p>\n","protected":false},"excerpt":{"rendered":"<p>Funcion\u00e1rios do Banco do Brasil de todo o pa\u00eds se re\u00fanem nos dias 1\u00ba e 2 de agosto, em S\u00e3o Paulo, no 30\u00ba Congresso Nacional dos Funcion\u00e1rios do Banco do Brasil (CNFBB). Seguindo a tem\u00e1tica \u201cEm defesa do Banco do Brasil e dos seus funcion\u00e1rios na era digital e do desmonte\u201d, os debates v\u00e3o girar [&hellip;]<\/p>\n","protected":false},"author":2,"featured_media":7245,"comment_status":"","ping_status":"","sticky":false,"template":"","format":"standard","meta":{"footnotes":""},"categories":[3],"tags":[],"class_list":["post-7246","post","type-post","status-publish","format-standard","has-post-thumbnail","hentry","category-noticias"],"_links":{"self":[{"href":"https:\/\/hostnetart.com.br\/baixada\/wp-json\/wp\/v2\/posts\/7246","targetHints":{"allow":["GET"]}}],"collection":[{"href":"https:\/\/hostnetart.com.br\/baixada\/wp-json\/wp\/v2\/posts"}],"about":[{"href":"https:\/\/hostnetart.com.br\/baixada\/wp-json\/wp\/v2\/types\/post"}],"author":[{"embeddable":true,"href":"https:\/\/hostnetart.com.br\/baixada\/wp-json\/wp\/v2\/users\/2"}],"replies":[{"embeddable":true,"href":"https:\/\/hostnetart.com.br\/baixada\/wp-json\/wp\/v2\/comments?post=7246"}],"version-history":[{"count":0,"href":"https:\/\/hostnetart.com.br\/baixada\/wp-json\/wp\/v2\/posts\/7246\/revisions"}],"wp:featuredmedia":[{"embeddable":true,"href":"https:\/\/hostnetart.com.br\/baixada\/wp-json\/wp\/v2\/media\/7245"}],"wp:attachment":[{"href":"https:\/\/hostnetart.com.br\/baixada\/wp-json\/wp\/v2\/media?parent=7246"}],"wp:term":[{"taxonomy":"category","embeddable":true,"href":"https:\/\/hostnetart.com.br\/baixada\/wp-json\/wp\/v2\/categories?post=7246"},{"taxonomy":"post_tag","embeddable":true,"href":"https:\/\/hostnetart.com.br\/baixada\/wp-json\/wp\/v2\/tags?post=7246"}],"curies":[{"name":"wp","href":"https:\/\/api.w.org\/{rel}","templated":true}]}}