{"id":7244,"date":"2019-07-31T13:45:49","date_gmt":"2019-07-31T16:45:49","guid":{"rendered":"https:\/\/hostnetart.com.br\/baixada\/21-conferencia-nacional-dos-bancarios-acontece-neste-final-de-semana\/"},"modified":"2019-07-31T13:45:49","modified_gmt":"2019-07-31T16:45:49","slug":"21-conferencia-nacional-dos-bancarios-acontece-neste-final-de-semana","status":"publish","type":"post","link":"https:\/\/hostnetart.com.br\/baixada\/21-conferencia-nacional-dos-bancarios-acontece-neste-final-de-semana\/","title":{"rendered":"21\u00aa Confer\u00eancia Nacional dos Banc\u00e1rios acontece neste final de semana"},"content":{"rendered":"<p>Banc\u00e1rios de todo o pa\u00eds se re\u00fanem entre os dias 2 e 4 de agosto, em S\u00e3o Paulo, na 21\u00aa Confer\u00eancia Nacional da categoria. Os delegados e delegadas v\u00e3o debater sobre quest\u00f5es que interferem diretamente na sociedade, no cotidiano de trabalho nas ag\u00eancias e nos departamentos banc\u00e1rios e definir as estrat\u00e9gias e plano de a\u00e7\u00f5es para defender a soberania nacional, a democracia, os empregos, os direitos dos trabalhadores e a\u00e7\u00f5es contra a reforma da Previd\u00eancia e as privatiza\u00e7\u00f5es dos bancos e demais empresas p\u00fablicas.<\/p>\n<p>\u201cA categoria \u00e9 a \u00fanica que possui uma conven\u00e7\u00e3o coletiva que engloba todo o pa\u00eds. Os direitos dos banc\u00e1rios s\u00e3o os mesmos em qualquer ponto do territ\u00f3rio nacional. Temos tudo isso gra\u00e7as \u00e0 nossa unidade e, mais do que nunca, precisamos nos manter unidos para defender nossos direitos e conquistas, nossos empregos e o direito de nos organizarmos\u201d, explicou a presidenta da Confedera\u00e7\u00e3o Nacional dos Trabalhadores do Ramo Financeiro (Contraf-CUT), Juvandia Moreira, que \u00e9 uma das coordenadoras do Comando Nacional dos Banc\u00e1rios, respons\u00e1vel pela organiza\u00e7\u00e3o do evento.<\/p>\n<p>Juvandia ressaltou que os direitos dos trabalhadores est\u00e3o sob forte ataque no Brasil e no mundo. \u201cO capital internacional quer ditar o rumo das pol\u00edticas a serem adotadas para que obtenham cada vez mais lucros. Esse governo e o Congresso t\u00eam pautado a retirada de direitos, como o direito de se aposentar com dignidade; o direito a uma jornada e um trabalho dignos, atacados agora pela\u00a0<a href=\"https:\/\/contrafcut.com.br\/noticias\/bancarios-se-mobilizam-contra-trabalho-aos-sabados\/\" target=\"_blank\" rel=\"noopener noreferrer\">MP 881<\/a>\u201d, disse. \u201cBuscam minar as for\u00e7as dos sindicatos e demais movimentos sociais porque estes imp\u00f5em resist\u00eancia a estes desmandos. Temos que estar unidos, n\u00e3o apenas como categoria, mas no conjunto da classe trabalhadora, e nos preparar para nos defender e cobrar pol\u00edticas que gerem empregos, n\u00e3o aprofundem o desemprego\u201d, disse a presidenta da Contraf-CUT.<\/p>\n<h3><strong>Materiais e informa\u00e7\u00f5es<\/strong><\/h3>\n<p>Uma novidade da 21\u00aa Confer\u00eancia Nacional dos Banc\u00e1rios ser\u00e1 a substitui\u00e7\u00e3o dos materiais impressos pela tecnologia. Desde a programa\u00e7\u00e3o, aos subs\u00eddios de reflex\u00f5es e demais informa\u00e7\u00f5es estar\u00e3o dispon\u00edveis em um App que pode ser baixado nos celulares e\/ou tablets dos delegados.<\/p>\n<p>A iniciativa visa otimizar a utiliza\u00e7\u00e3o dos recursos da categoria e ampliar a gama de informa\u00e7\u00f5es sobre o evento.<\/p>\n<h3><strong>Redes sociais<\/strong><\/h3>\n<p>O evento ter\u00e1 cobertura total de imprensa, com publica\u00e7\u00e3o imediata de textos no site da Contraf-CUT, e transmiss\u00e3o ao vivo de algumas mesas de debates, com v\u00eddeos veiculados na\u00a0<a href=\"https:\/\/www.facebook.com\/contrafcut\/\" target=\"_blank\" rel=\"noopener noreferrer\">p\u00e1gina da Contraf-CUT no Facebook<\/a>. Nas redes sociais, os delegados ser\u00e3o instru\u00eddos a utilizar as hashtags #21C e #NossaLuta\u00c9 nas fotos, coment\u00e1rios e demais postagens.<\/p>\n<h3><strong>Programa\u00e7\u00e3o<\/strong><\/h3>\n<p>Veja abaixo a programa\u00e7\u00e3o completa da 21\u00aa Confer\u00eancia Nacional dos Banc\u00e1rios.<\/p>\n<p><strong>Dia 02 de agosto: sexta-feira<br \/>12h \u00e0s 20h \u2013<\/strong>\u00a0Credenciamento de delegadas e de delegados.<br \/><strong>19h \u2013<\/strong>\u00a0Abertura solene<\/p>\n<p><strong>Dia 03 de agosto: s\u00e1bado<br \/>9h \u00e0s 13h \u2013<\/strong>\u00a0Credenciamento de delegados e de delegadas.<br \/><strong>9h \u00e0s 9h30 \u2013<\/strong>\u00a0Vota\u00e7\u00e3o do Regimento Interno<br \/><strong>10h \u00e0s 13h \u2013<\/strong>\u00a0Mesa 1 \u2013 An\u00e1lise de conjuntura<br \/><strong>13h \u00e0s 14h \u2013<\/strong>\u00a0Prazo para substitui\u00e7\u00f5es de delegadas ou de delegados<\/p>\n<p><strong>13h \u00e0s 14h30 \u2013<\/strong>\u00a0Intervalo para almo\u00e7o<\/p>\n<p><strong>14h30 \u00e0s 16h30 \u2013<\/strong>\u00a0Mesa 2 \u2013 Soberania Nacional<br \/><strong>16h30 \u00e0s 18h \u2013<\/strong>\u00a0Mesa 3 \u2013 Reforma da Previd\u00eancia<br \/><strong>19h \u2013<\/strong>\u00a0Confraterniza\u00e7\u00e3o<\/p>\n<p><strong>Dia 04 de agosto: domingo<br \/>10h \u00e0s 11h30 \u2013<\/strong>\u00a0Mesa 4 \u2013 Futuro do Trabalho, Impactos nos empregos e na Organiza\u00e7\u00e3o Sindical<br \/><strong>12h \u00e0s 14h \u2013<\/strong>\u00a0Mesa 5 \u2013 Resolu\u00e7\u00f5es e mo\u00e7\u00f5es<\/p>\n<p><strong>Fonte:\u00a0Contraf-CUT \/ Paulo Flores<\/strong><\/p>\n","protected":false},"excerpt":{"rendered":"<p>Banc\u00e1rios de todo o pa\u00eds se re\u00fanem entre os dias 2 e 4 de agosto, em S\u00e3o Paulo, na 21\u00aa Confer\u00eancia Nacional da categoria. Os delegados e delegadas v\u00e3o debater sobre quest\u00f5es que interferem diretamente na sociedade, no cotidiano de trabalho nas ag\u00eancias e nos departamentos banc\u00e1rios e definir as estrat\u00e9gias e plano de a\u00e7\u00f5es [&hellip;]<\/p>\n","protected":false},"author":2,"featured_media":7243,"comment_status":"","ping_status":"","sticky":false,"template":"","format":"standard","meta":{"footnotes":""},"categories":[3],"tags":[],"class_list":["post-7244","post","type-post","status-publish","format-standard","has-post-thumbnail","hentry","category-noticias"],"_links":{"self":[{"href":"https:\/\/hostnetart.com.br\/baixada\/wp-json\/wp\/v2\/posts\/7244","targetHints":{"allow":["GET"]}}],"collection":[{"href":"https:\/\/hostnetart.com.br\/baixada\/wp-json\/wp\/v2\/posts"}],"about":[{"href":"https:\/\/hostnetart.com.br\/baixada\/wp-json\/wp\/v2\/types\/post"}],"author":[{"embeddable":true,"href":"https:\/\/hostnetart.com.br\/baixada\/wp-json\/wp\/v2\/users\/2"}],"replies":[{"embeddable":true,"href":"https:\/\/hostnetart.com.br\/baixada\/wp-json\/wp\/v2\/comments?post=7244"}],"version-history":[{"count":0,"href":"https:\/\/hostnetart.com.br\/baixada\/wp-json\/wp\/v2\/posts\/7244\/revisions"}],"wp:featuredmedia":[{"embeddable":true,"href":"https:\/\/hostnetart.com.br\/baixada\/wp-json\/wp\/v2\/media\/7243"}],"wp:attachment":[{"href":"https:\/\/hostnetart.com.br\/baixada\/wp-json\/wp\/v2\/media?parent=7244"}],"wp:term":[{"taxonomy":"category","embeddable":true,"href":"https:\/\/hostnetart.com.br\/baixada\/wp-json\/wp\/v2\/categories?post=7244"},{"taxonomy":"post_tag","embeddable":true,"href":"https:\/\/hostnetart.com.br\/baixada\/wp-json\/wp\/v2\/tags?post=7244"}],"curies":[{"name":"wp","href":"https:\/\/api.w.org\/{rel}","templated":true}]}}