{"id":7236,"date":"2019-07-30T19:01:38","date_gmt":"2019-07-30T22:01:38","guid":{"rendered":"https:\/\/hostnetart.com.br\/baixada\/itau-anuncia-pdv-no-dia-em-que-registra-r-13-9-bi-de-lucro\/"},"modified":"2019-07-30T19:01:38","modified_gmt":"2019-07-30T22:01:38","slug":"itau-anuncia-pdv-no-dia-em-que-registra-r-13-9-bi-de-lucro","status":"publish","type":"post","link":"https:\/\/hostnetart.com.br\/baixada\/itau-anuncia-pdv-no-dia-em-que-registra-r-13-9-bi-de-lucro\/","title":{"rendered":"Ita\u00fa anuncia PDV no dia em que registra R$ 13,9 bi de lucro"},"content":{"rendered":"<p>No mesmo dia em que teve divulgado um lucro R$ 13,9 bilh\u00f5es no primeiro semestre de 2019, o Banco Ita\u00fa anunciou o lan\u00e7amento de um<a href=\"https:\/\/g1.globo.com\/economia\/noticia\/2019\/07\/29\/itau-anuncia-pdv-para-seus-funcionarios-programa-comeca-em-agosto.ghtml\" target=\"_blank\" rel=\"noopener noreferrer\">\u00a0Programa de Desligamento Volunt\u00e1rio (PDV<\/a>), que ter\u00e1\u00a0<a href=\"https:\/\/contrafcut.com.br\/wp-content\/uploads\/2019\/07\/resumo-pdv-sindicatos.pptx?x98855\" target=\"_blank\" rel=\"noopener noreferrer\">in\u00edcio no dia 1\u00ba de agosto e dura\u00e7\u00e3o at\u00e9 o dia 31 do mesmo m\u00eas<\/a>. O an\u00fancio foi feito em comunicado divulgado ao mercado, e vale para \u201ctodas as empresas controladas exclusivamente pelo Ita\u00fa Unibanco Holding S.A. no Brasil\u201d.<\/p>\n<p>Segundo<a href=\"https:\/\/economia.uol.com.br\/noticias\/estadao-conteudo\/2019\/07\/30\/pdv-do-itau-contempla-69-mil-funcionarios-diz-bracher.htm\" target=\"_blank\" rel=\"noopener noreferrer\">\u00a0reportagem do UOL<\/a>, o PDV espera atingir 6.900 funcion\u00e1rios. De acordo com o informe passado \u00e0 Confedera\u00e7\u00e3o Nacional dos Trabalhadores no Ramo Financeiro (Contraf-CUT), os desligamentos ocorrer\u00e3o de acordo com a programa\u00e7\u00e3o da empresa, at\u00e9 novembro\/2019 na modalidade sem justa causa.<\/p>\n<p>\u201cN\u00f3s queremos entender o motivo deste PDV. Ele \u00e9 uma op\u00e7\u00e3o de cada funcion\u00e1rio aderir ou n\u00e3o. Mas, nossa preocupa\u00e7\u00e3o \u00e9 com os banc\u00e1rios que n\u00e3o aderirem ao programa e permanecerem no banco. Eles n\u00e3o podem ser prejudicados com sobrecarga de trabalho e aumento da press\u00e3o e do ass\u00e9dio, que pode afetar a sa\u00fade. Os clientes tamb\u00e9m n\u00e3o podem ser prejudicados com a piora na qualidade do atendimento\u201d, afirmou Jair Alves, coordenador da Comiss\u00e3o de Organiza\u00e7\u00e3o dos Empregados (COE) do Ita\u00fa. \u201cEsta postura do banco de lan\u00e7ar esse PDV, no atual cen\u00e1rio da economia brasileira, vem na contram\u00e3o da pol\u00edtica de gerar emprego, e aumenta o risco de terceiriza\u00e7\u00e3o e precariza\u00e7\u00e3o. Ela s\u00f3 aumenta mais o desemprego e a mis\u00e9ria que est\u00e1 vigente atualmente no Brasil\u201d, completou Jair.<\/p>\n<h3>Lucro do Ita\u00fa<\/h3>\n<p>De acordo com o\u00a0<a href=\"https:\/\/contrafcut.com.br\/wp-content\/uploads\/2019\/07\/destaques-do-banco-itau_1sem2019.pdf?x98855\" target=\"_blank\" rel=\"noopener noreferrer\">relat\u00f3rio<\/a>\u00a0feito pelo Departamento Intersindical de Estat\u00edstica e Estudos Socioecon\u00f4micos (Dieese) em cima do balan\u00e7o, o lucro do Ita\u00fa representa um crescimento de 8,7% em rela\u00e7\u00e3o ao mesmo per\u00edodo de 2018 e de 2,3% no trimestre. A receita com presta\u00e7\u00e3o de servi\u00e7os e tarifas banc\u00e1rias cresceu 2,4% em doze meses, totalizando R$ 19,3 bilh\u00f5es. As despesas de pessoal, por sua vez, subiram 5,8%, somando, aproximadamente, R$ 12 bilh\u00f5es. Com isso, a cobertura destas pelas receitas secund\u00e1rias do banco foi de 160,9% em junho de 2019.<\/p>\n<p>A holding encerrou o 1\u00ba semestre de 2019 com 85.161 empregados no pa\u00eds, com fechamento de 983 postos de trabalho em doze meses, por\u00e9m, foram fechados 1.043 postos somente no \u00faltimo trimestre do ano.<\/p>\n<p>De acordo com o relat\u00f3rio do banco, \u201cno Brasil, a redu\u00e7\u00e3o anual do quadro de colaboradores est\u00e1 relacionada ao encerramento de ag\u00eancias f\u00edsicas\u201d. Em doze meses, foram fechadas 199 ag\u00eancias f\u00edsicas, sendo 195 somente no 2\u00ba trimestre do ano e abertas 36 ag\u00eancias digitais abertas (apenas uma aberta no trimestre), totalizando 3.332 ag\u00eancias e 196 ag\u00eancias digitais, respectivamente).<\/p>\n<p>\u201cO Resultado j\u00e1 era esperado e teve um grande custo para os trabalhadores, j\u00e1 que veio com o fechamento de ag\u00eancias e a diminui\u00e7\u00e3o no quadro de funcion\u00e1rios. Os n\u00fameros mostram que est\u00e1 na hora de iniciar uma movimenta\u00e7\u00e3o contr\u00e1ria, com a contrata\u00e7\u00e3o de mais trabalhadores\u201d, completou Jair.<\/p>\n<p><strong>Fonte: Contraf-CUT<\/strong><\/p>\n","protected":false},"excerpt":{"rendered":"<p>No mesmo dia em que teve divulgado um lucro R$ 13,9 bilh\u00f5es no primeiro semestre de 2019, o Banco Ita\u00fa anunciou o lan\u00e7amento de um\u00a0Programa de Desligamento Volunt\u00e1rio (PDV), que ter\u00e1\u00a0in\u00edcio no dia 1\u00ba de agosto e dura\u00e7\u00e3o at\u00e9 o dia 31 do mesmo m\u00eas. O an\u00fancio foi feito em comunicado divulgado ao mercado, e [&hellip;]<\/p>\n","protected":false},"author":2,"featured_media":7235,"comment_status":"","ping_status":"","sticky":false,"template":"","format":"standard","meta":{"footnotes":""},"categories":[3],"tags":[],"class_list":["post-7236","post","type-post","status-publish","format-standard","has-post-thumbnail","hentry","category-noticias"],"_links":{"self":[{"href":"https:\/\/hostnetart.com.br\/baixada\/wp-json\/wp\/v2\/posts\/7236","targetHints":{"allow":["GET"]}}],"collection":[{"href":"https:\/\/hostnetart.com.br\/baixada\/wp-json\/wp\/v2\/posts"}],"about":[{"href":"https:\/\/hostnetart.com.br\/baixada\/wp-json\/wp\/v2\/types\/post"}],"author":[{"embeddable":true,"href":"https:\/\/hostnetart.com.br\/baixada\/wp-json\/wp\/v2\/users\/2"}],"replies":[{"embeddable":true,"href":"https:\/\/hostnetart.com.br\/baixada\/wp-json\/wp\/v2\/comments?post=7236"}],"version-history":[{"count":0,"href":"https:\/\/hostnetart.com.br\/baixada\/wp-json\/wp\/v2\/posts\/7236\/revisions"}],"wp:featuredmedia":[{"embeddable":true,"href":"https:\/\/hostnetart.com.br\/baixada\/wp-json\/wp\/v2\/media\/7235"}],"wp:attachment":[{"href":"https:\/\/hostnetart.com.br\/baixada\/wp-json\/wp\/v2\/media?parent=7236"}],"wp:term":[{"taxonomy":"category","embeddable":true,"href":"https:\/\/hostnetart.com.br\/baixada\/wp-json\/wp\/v2\/categories?post=7236"},{"taxonomy":"post_tag","embeddable":true,"href":"https:\/\/hostnetart.com.br\/baixada\/wp-json\/wp\/v2\/tags?post=7236"}],"curies":[{"name":"wp","href":"https:\/\/api.w.org\/{rel}","templated":true}]}}