{"id":7234,"date":"2019-07-30T13:35:17","date_gmt":"2019-07-30T16:35:17","guid":{"rendered":"https:\/\/hostnetart.com.br\/baixada\/venda-da-br-distribuidora-atende-a-interesses-do-mercado-financeiro-no-curto-prazo\/"},"modified":"2019-07-30T13:35:17","modified_gmt":"2019-07-30T16:35:17","slug":"venda-da-br-distribuidora-atende-a-interesses-do-mercado-financeiro-no-curto-prazo","status":"publish","type":"post","link":"https:\/\/hostnetart.com.br\/baixada\/venda-da-br-distribuidora-atende-a-interesses-do-mercado-financeiro-no-curto-prazo\/","title":{"rendered":"Venda da BR Distribuidora atende a interesses do mercado financeiro no curto prazo"},"content":{"rendered":"<p class=\"p1\"><span class=\"s1\">A venda de 30% das a\u00e7\u00f5es da\u00a0<strong>BR Distribuidora<\/strong>\u00a0mostra que o governo\u00a0<strong>Bolsonaro<\/strong>\u00a0quer que a Petrobras atue, cada vez mais, apenas como empresa privada, sem se preocupar com a\u00a0<a href=\"https:\/\/www.redebrasilatual.com.br\/politica\/2019\/07\/bancos-convidados-para-reuniao-com-dallagnol-sao-os-mesmos-que-compraram-a-br-distribuidora\/\" target=\"_blank\" rel=\"noopener noreferrer\">soberania e o desenvolvimento<\/a>\u00a0do Brasil. Essa \u00e9 a an\u00e1lise do professor Giorgio Romano, da Universidade Federal do ABC (UFABC), em entrevista a Glauco Faria e Marilu Caba\u00f1as, na\u00a0<strong>R\u00e1dio Brasil Atual<\/strong>.<\/span><\/p>\n<p class=\"p1\"><span class=\"s1\">\u201cO \u00fanico objetivo \u00e9 valorizar as a\u00e7\u00f5es no mercado, o interesse financeiro a curto prazo\u201d, opina Romano. Para ele, os interesses de quem atua nesse mercado e passa a tomar conta do transporte, do g\u00e1s ou da petroqu\u00edmica, significa que as decis\u00f5es ser\u00e3o tomadas no exterior, levando em conta interesses que n\u00e3o necessariamente s\u00e3o os do desenvolvimento do Brasil. O percentual de\u00a0<a href=\"https:\/\/www.redebrasilatual.com.br\/economia\/2019\/07\/petroleiros-justica-br-distribuidora\/\" target=\"_blank\" rel=\"noopener noreferrer\">30% em a\u00e7\u00f5es da BR Distribuidora foi vendido a 160 investidores<\/a>, oriundos de diversos pa\u00edses. Outros 28,75% da empresa j\u00e1 havia sido vendido durante o governo de Michel Temer.<\/span><\/p>\n<p class=\"p1\"><span class=\"s1\">Assim, a partir de agora, a Petrobras tem apenas 41,25% da BR Distribuidora. \u201cO desmonte do Estado virou uma coisa positiva em si, sem considerar a vontade estrat\u00e9gica. Na verdade, eles querem privatizar a Petrobras, isso est\u00e1 claro na cabe\u00e7a do Paulo Guedes, s\u00f3 que n\u00e3o h\u00e1 ainda for\u00e7a pol\u00edtica para fazer isso de uma vez, por isso v\u00e3o por partes\u201d, afirma.<\/span><\/p>\n<p class=\"p1\"><span class=\"s1\">Giorgio Romano avalia que a venda da BR Distribuidora se insere no contexto de desmonte da Petrobras como uma empresa integrada, um processo iniciado ap\u00f3s o impeachment da ex-presidenta Dilma Rousseff. \u201cA empresa tem seu poder de mercado e sua capacidade de contribuir com o desenvolvimento do Brasil por controlar a cadeia toda, do po\u00e7o ao posto\u201d, explica. Ele destaca que a BR Distribuidora, ao ser desmembrada da Petrobras, se torna a quarta maior empresa do Brasil, atr\u00e1s da pr\u00f3pria Petrobras, da JBS e da Vale. Em 2018, a BR Distribuidora obteve mais de R$ 3 bilh\u00f5es de lucro.<\/span><\/p>\n<p class=\"p1\"><span class=\"s1\">Para o professor, a quest\u00e3o daqui em diante \u00e9 analisar o que acontecer\u00e1 com a \u201cpulveriza\u00e7\u00e3o\u201d da venda das a\u00e7\u00f5es da BR Distribuidora. Segundo ele, ainda n\u00e3o est\u00e1 claro se a venda pulverizada das a\u00e7\u00f5es da empresa tem ou ter\u00e1 um \u00fanico controlador por tr\u00e1s. Caso n\u00e3o tenha, a Petrobras pode permanecer como acionista majorit\u00e1ria por ainda deter 41,25% da empresa, mas se houver uma empresa ou grupo financeiro controlando as a\u00e7\u00f5es vendidas a Petrobras deixa de ser a acionista majorit\u00e1ria.<\/span><\/p>\n<p class=\"p1\"><span class=\"s1\">\u201cTudo indica que n\u00e3o \u00e9 isso que vai se concretizar mais \u00e0 frente. \u00c9 um cen\u00e1rio plaus\u00edvel, ainda a se verificar, que essas a\u00e7\u00f5es depois passem para o controle de uma empresa, provavelmente estrangeira\u201d, pondera Giorgio, ressaltando que essas empresas provavelmente ser\u00e3o estrangeiras e concorrentes da Petrobras.<\/span><\/p>\n<p class=\"p1\"><strong><span class=\"s1\">Fonte: Rede Brasil Atual<\/span><\/strong><\/p>\n","protected":false},"excerpt":{"rendered":"<p>A venda de 30% das a\u00e7\u00f5es da\u00a0BR Distribuidora\u00a0mostra que o governo\u00a0Bolsonaro\u00a0quer que a Petrobras atue, cada vez mais, apenas como empresa privada, sem se preocupar com a\u00a0soberania e o desenvolvimento\u00a0do Brasil. Essa \u00e9 a an\u00e1lise do professor Giorgio Romano, da Universidade Federal do ABC (UFABC), em entrevista a Glauco Faria e Marilu Caba\u00f1as, na\u00a0R\u00e1dio Brasil [&hellip;]<\/p>\n","protected":false},"author":2,"featured_media":7233,"comment_status":"","ping_status":"","sticky":false,"template":"","format":"standard","meta":{"footnotes":""},"categories":[3],"tags":[],"class_list":["post-7234","post","type-post","status-publish","format-standard","has-post-thumbnail","hentry","category-noticias"],"_links":{"self":[{"href":"https:\/\/hostnetart.com.br\/baixada\/wp-json\/wp\/v2\/posts\/7234","targetHints":{"allow":["GET"]}}],"collection":[{"href":"https:\/\/hostnetart.com.br\/baixada\/wp-json\/wp\/v2\/posts"}],"about":[{"href":"https:\/\/hostnetart.com.br\/baixada\/wp-json\/wp\/v2\/types\/post"}],"author":[{"embeddable":true,"href":"https:\/\/hostnetart.com.br\/baixada\/wp-json\/wp\/v2\/users\/2"}],"replies":[{"embeddable":true,"href":"https:\/\/hostnetart.com.br\/baixada\/wp-json\/wp\/v2\/comments?post=7234"}],"version-history":[{"count":0,"href":"https:\/\/hostnetart.com.br\/baixada\/wp-json\/wp\/v2\/posts\/7234\/revisions"}],"wp:featuredmedia":[{"embeddable":true,"href":"https:\/\/hostnetart.com.br\/baixada\/wp-json\/wp\/v2\/media\/7233"}],"wp:attachment":[{"href":"https:\/\/hostnetart.com.br\/baixada\/wp-json\/wp\/v2\/media?parent=7234"}],"wp:term":[{"taxonomy":"category","embeddable":true,"href":"https:\/\/hostnetart.com.br\/baixada\/wp-json\/wp\/v2\/categories?post=7234"},{"taxonomy":"post_tag","embeddable":true,"href":"https:\/\/hostnetart.com.br\/baixada\/wp-json\/wp\/v2\/tags?post=7234"}],"curies":[{"name":"wp","href":"https:\/\/api.w.org\/{rel}","templated":true}]}}