{"id":7230,"date":"2019-07-30T13:32:46","date_gmt":"2019-07-30T16:32:46","guid":{"rendered":"https:\/\/hostnetart.com.br\/baixada\/tres-dias-antes-que-em-2018-planeta-entra-no-periodo-anual-de-deficit-dos-recursos-naturais\/"},"modified":"2019-07-30T13:32:46","modified_gmt":"2019-07-30T16:32:46","slug":"tres-dias-antes-que-em-2018-planeta-entra-no-periodo-anual-de-deficit-dos-recursos-naturais","status":"publish","type":"post","link":"https:\/\/hostnetart.com.br\/baixada\/tres-dias-antes-que-em-2018-planeta-entra-no-periodo-anual-de-deficit-dos-recursos-naturais\/","title":{"rendered":"Tr\u00eas dias antes que em 2018, planeta entra no per\u00edodo anual de d\u00e9ficit dos recursos naturais"},"content":{"rendered":"<p>Ontem, 29 de julho, foi o\u00a0<a href=\"https:\/\/www.redebrasilatual.com.br\/ambiente\/2018\/08\/especialista-alerta-sobre-esgotamento-de-recursos-naturais-cada-vez-mais-cedo\/\" target=\"_blank\" rel=\"noopener noreferrer\">Dia da Sobrecarga da Terra<\/a>, alertaram os ambientalistas em todo o mundo. Isso quer dizer que de hoje (30) a 31 de dezembro deste ano todos os recursos naturais utilizados pela atividade humana est\u00e3o al\u00e9m da capacidade de renova\u00e7\u00e3o sustent\u00e1vel do planeta. Por isso, ontem foi considerado tamb\u00e9m o dia em que o planeta \u201centrou no vermelho\u201d, j\u00e1 que os recursos usados a partir de agora n\u00e3o ser\u00e3o mais recuperados.<\/p>\n<p>Em rela\u00e7\u00e3o ao ano passado, esse limite foi atingido tr\u00eas dias antes \u2013 em 2018, a data foi registrada em 1\u00ba de agosto. O c\u00e1lculo da data \u00e9 feito pela entidade internacional\u00a0<a href=\"https:\/\/www.footprintnetwork.org\/\" target=\"_blank\" rel=\"noopener noreferrer\">Global Footprint Network (GFN)<\/a>. Para chegar ao resultado, o total de recursos que o planeta \u00e9 capaz de produzir em um ano \u00e9 dividido pela demanda da humanidade no mesmo ano, considerando o n\u00famero de dias do ano.<\/p>\n<p>29 de julho representa a data mais recuada desde que o planeta entrou em d\u00e9ficit ecol\u00f3gico no in\u00edcio dos anos 70. \u201cCom o dia chegando cada vez mais cedo no ano, e com o volume crescente de emiss\u00f5es de CO2, a import\u00e2ncia de a\u00e7\u00f5es decisivas fica cada vez mais evidente\u201d, adverte a ministra do Meio Ambiente do Chile, Mar\u00eda Carolina Schmidt Zald\u00edvar, que \u00e9 tamb\u00e9m presidente da Confer\u00eancia das Partes da Conven\u00e7\u00e3o do Clima das Na\u00e7\u00f5es Unidas (COP25), que ser\u00e1 realizada em Santiago em dezembro.<\/p>\n<p>\u201cUma situa\u00e7\u00e3o que est\u00e1 empobrecendo cada vez mais a terra e quebra o equil\u00edbrio da natureza e do futuro do pr\u00f3prio homem\u201d,\u00a0<a href=\"https:\/\/www.vaticannews.va\/pt\/mundo\/news\/2019-07\/ecologia-terra-ecologia-sobrecarga-terra.html\" target=\"_blank\" rel=\"noopener noreferrer\">afirma ao site\u00a0<i>Vatican News<\/i><\/a>\u00a0Alfonso Cauteruccio, presidente da Greenaccord, uma entidade n\u00e3o governamental crist\u00e3 que trabalha pela sensibiliza\u00e7\u00e3o da quest\u00e3o ambiental.<\/p>\n<p>Oficialmente o primeiro Dia da Sobrecarga da Terra foi 21 de dezembro de 1971, quando a terra registrou 10 dias \u201cno vermelho\u201d. Depois desta data a tend\u00eancia foi sempre de antecipar o dia, chegando a 1\u00ba de agosto em 2018.<\/p>\n<p>Na situa\u00e7\u00e3o atual do planeta, atualmente sua capacidade regenerativa \u00e9 consumida 1,7 vez por ano. A continuar nesse ritmo, em 2050 a humanidade consumir\u00e1 o dobro do que o planeta produz. \u201cSomos uma gera\u00e7\u00e3o de cigarras e n\u00e3o de formigas \u2013 explica Cauteruccio ao\u00a0<i>Vatican News\u00a0<\/i>\u2013 de fato exageramos nos consumos e n\u00e3o temos a sobriedade que a Terra nos implora. Com a natureza n\u00e3o se brinca porque quando o dano \u00e9 grave n\u00e3o se pode arrepender\u201d.<\/p>\n<hr \/>\n<p><strong><em>* Com informa\u00e7\u00f5es do Vatican News e da GFN<\/em><\/strong><\/p>\n","protected":false},"excerpt":{"rendered":"<p>Ontem, 29 de julho, foi o\u00a0Dia da Sobrecarga da Terra, alertaram os ambientalistas em todo o mundo. Isso quer dizer que de hoje (30) a 31 de dezembro deste ano todos os recursos naturais utilizados pela atividade humana est\u00e3o al\u00e9m da capacidade de renova\u00e7\u00e3o sustent\u00e1vel do planeta. Por isso, ontem foi considerado tamb\u00e9m o dia [&hellip;]<\/p>\n","protected":false},"author":2,"featured_media":7229,"comment_status":"","ping_status":"","sticky":false,"template":"","format":"standard","meta":{"footnotes":""},"categories":[3],"tags":[],"class_list":["post-7230","post","type-post","status-publish","format-standard","has-post-thumbnail","hentry","category-noticias"],"_links":{"self":[{"href":"https:\/\/hostnetart.com.br\/baixada\/wp-json\/wp\/v2\/posts\/7230","targetHints":{"allow":["GET"]}}],"collection":[{"href":"https:\/\/hostnetart.com.br\/baixada\/wp-json\/wp\/v2\/posts"}],"about":[{"href":"https:\/\/hostnetart.com.br\/baixada\/wp-json\/wp\/v2\/types\/post"}],"author":[{"embeddable":true,"href":"https:\/\/hostnetart.com.br\/baixada\/wp-json\/wp\/v2\/users\/2"}],"replies":[{"embeddable":true,"href":"https:\/\/hostnetart.com.br\/baixada\/wp-json\/wp\/v2\/comments?post=7230"}],"version-history":[{"count":0,"href":"https:\/\/hostnetart.com.br\/baixada\/wp-json\/wp\/v2\/posts\/7230\/revisions"}],"wp:featuredmedia":[{"embeddable":true,"href":"https:\/\/hostnetart.com.br\/baixada\/wp-json\/wp\/v2\/media\/7229"}],"wp:attachment":[{"href":"https:\/\/hostnetart.com.br\/baixada\/wp-json\/wp\/v2\/media?parent=7230"}],"wp:term":[{"taxonomy":"category","embeddable":true,"href":"https:\/\/hostnetart.com.br\/baixada\/wp-json\/wp\/v2\/categories?post=7230"},{"taxonomy":"post_tag","embeddable":true,"href":"https:\/\/hostnetart.com.br\/baixada\/wp-json\/wp\/v2\/tags?post=7230"}],"curies":[{"name":"wp","href":"https:\/\/api.w.org\/{rel}","templated":true}]}}