{"id":7222,"date":"2019-07-29T16:05:13","date_gmt":"2019-07-29T19:05:13","guid":{"rendered":"https:\/\/hostnetart.com.br\/baixada\/imprensa-repercute-intervencao-da-ans-na-cassi\/"},"modified":"2019-07-29T16:05:13","modified_gmt":"2019-07-29T19:05:13","slug":"imprensa-repercute-intervencao-da-ans-na-cassi","status":"publish","type":"post","link":"https:\/\/hostnetart.com.br\/baixada\/imprensa-repercute-intervencao-da-ans-na-cassi\/","title":{"rendered":"Imprensa repercute interven\u00e7\u00e3o da ANS na Cassi"},"content":{"rendered":"<div class=\"elementor-element elementor-element-194680ec elementor-widget elementor-widget-theme-post-content\" data-id=\"194680ec\" data-element_type=\"widget\" data-widget_type=\"theme-post-content.default\">\n<div class=\"elementor-widget-container\">\n<p>O \u201cBlog do Servidor\u201d, do jornal Correio Braziliense, publicou na semana passada um <a href=\"http:\/\/blogs.correiobraziliense.com.br\/servidor\/impasse-pode-provocar-a-venda-da-cassi-plano-de-saude-dos-funcionarios-do-bb\/#respond\" target=\"_blank\" rel=\"noopener noreferrer\">texto afirmando<\/a> que \u201cImpasse pode provocar a venda da Cassi, plano de sa\u00fade dos funcion\u00e1rios do BB\u201d (Banco do Brasil).<\/p>\n<p>O texto traz informa\u00e7\u00f5es sobre a <a href=\"https:\/\/contrafcut.com.br\/noticias\/cassi-apresenta-numeros-e-esclarecimentos-sobre-intervencao-da-ans\/\">reuni\u00e3o ocorrida no dia 24<\/a>, na qual a diretoria da Caixa de Assist\u00eancia dos Funcion\u00e1rios do Banco do Brasil apresentou n\u00fameros e esclarecimentos sobre interven\u00e7\u00e3o da Ag\u00eancia Nacional de Sa\u00fade Suplementar (ANS) \u00e0 Confedera\u00e7\u00e3o Nacional dos Trabalhadores do Ramo Financeiro (Contraf-CUT) e demais entidades de representa\u00e7\u00e3o dos funcion\u00e1rios do banco.<\/p>\n<p>O risco de a Cassi, institui\u00e7\u00e3o privada sob a forma de associa\u00e7\u00e3o sem fins lucrativos, mudar de m\u00e3os \u00e9 real, de acordo com Wagner Nascimento, coordenador da Comiss\u00e3o de Empresas dos Funcion\u00e1rios do Banco do Brasil (CEBB) e representante da Contraf-CUT na mesa de negocia\u00e7\u00f5es com o BB e a Cassi.<\/p>\n<p>\u201cA imprensa tem nos procurado e divulgado mais textos sobre o assunto. Isso mostra que a venda ou a aliena\u00e7\u00e3o da carteira da Cassi encontra eco dentro do banco. Ou seja, que a medida \u00e9 poss\u00edvel\u201d, observou.<\/p>\n<h3><strong>Interven\u00e7\u00e3o<\/strong><\/h3>\n<p>O texto informa que, no mesmo dia em que <a href=\"http:\/\/www.in.gov.br\/web\/dou\/-\/resolucao-operacional-ro-n-2.439-de-19-de-julho-de-2019-201618344\" target=\"_blank\" rel=\"noopener noreferrer\">entrou com o processo de regime fiscal<\/a>, o primeiro passo do processo de interven\u00e7\u00e3o, a ANS nomeou Maria Socorro de Oliveira Barbosa como diretora fiscal. Lembra tamb\u00e9m que a Cassi ainda n\u00e3o apresentou um projeto de saneamento das contas, porque a operadora, maior institui\u00e7\u00e3o de autogest\u00e3o de sa\u00fade do pa\u00eds, precisa resolver o impasse interno que provocou a interven\u00e7\u00e3o.<\/p>\n<p>O Blog do Servidor diz que o governo prop\u00f4s extinguir os planos de sa\u00fade para os novos empossados por concurso p\u00fablico \u2013 somente quando se aposentassem \u2013 e elevar o percentual de contribui\u00e7\u00e3o (hoje o BB arca com 60% do total e os funcion\u00e1rios, com 40%) para 50% para as partes, a partir de 2022, entre outros itens de governan\u00e7a. Al\u00e9m disso, na pr\u00e1tica, a proposta aumentava a contribui\u00e7\u00e3o dos servidores de 3% do sal\u00e1rio para 4%. O banco, que arcava com 4,5%, passou a dispor de R$ 23 milh\u00f5es por m\u00eas para cobrir o d\u00e9ficit crescente, que aumentou de R$ 109 milh\u00f5es, em 2014, para R$ 378 milh\u00f5es, em 2018, segundo dados da Cassi.<\/p>\n<p>\u201c<a href=\"https:\/\/contrafcut.com.br\/noticias\/proposta-para-a-cassi-nao-e-aprovada-mesmo-com-maioria-de-votos-a-favor\/\" target=\"_blank\" rel=\"noopener noreferrer\">Os benefici\u00e1rios do plano n\u00e3o aceitaram o acordo<\/a>. Como n\u00e3o houve consenso, a ANS instaurou o processo de interven\u00e7\u00e3o fiscal. Chegamos a esse impasse. A Cassi n\u00e3o tem d\u00edvida no mercado. H\u00e1 um descasamento entre custo assistencial e receita, o que gera insufici\u00eancia de margem de solv\u00eancia em torno de R$ 800 milh\u00f5es\u201d, explicou Wagner Nascimento. \u201cN\u00e3o queremos a venda da carteira e sim a reabertura do processo de negocia\u00e7\u00e3o\u201d, completou.<\/p>\n<p>A Contraf-CUT, seus sindicatos e federa\u00e7\u00f5es filiadas e demais prepararam <a href=\"https:\/\/contrafcut.com.br\/publicacoes\/o-espelho-maio-2019\/\" target=\"_blank\" rel=\"noopener noreferrer\">materiais<\/a> explicando a <a href=\"https:\/\/www.cassi.com.br\/propostacassi\/\" target=\"_blank\" rel=\"noopener noreferrer\">proposta<\/a> e as consequ\u00eancias da n\u00e3o aprova\u00e7\u00e3o da mesma que, segundo o Blog do Servidor.<\/p>\n<p><strong> Fonte: Contraf-CUT \/ Paulo Flores<\/strong><\/p>\n<\/div>\n<\/div>\n","protected":false},"excerpt":{"rendered":"<p>O \u201cBlog do Servidor\u201d, do jornal Correio Braziliense, publicou na semana passada um texto afirmando que \u201cImpasse pode provocar a venda da Cassi, plano de sa\u00fade dos funcion\u00e1rios do BB\u201d (Banco do Brasil). O texto traz informa\u00e7\u00f5es sobre a reuni\u00e3o ocorrida no dia 24, na qual a diretoria da Caixa de Assist\u00eancia dos Funcion\u00e1rios do [&hellip;]<\/p>\n","protected":false},"author":2,"featured_media":7221,"comment_status":"","ping_status":"","sticky":false,"template":"","format":"standard","meta":{"footnotes":""},"categories":[3],"tags":[],"class_list":["post-7222","post","type-post","status-publish","format-standard","has-post-thumbnail","hentry","category-noticias"],"_links":{"self":[{"href":"https:\/\/hostnetart.com.br\/baixada\/wp-json\/wp\/v2\/posts\/7222","targetHints":{"allow":["GET"]}}],"collection":[{"href":"https:\/\/hostnetart.com.br\/baixada\/wp-json\/wp\/v2\/posts"}],"about":[{"href":"https:\/\/hostnetart.com.br\/baixada\/wp-json\/wp\/v2\/types\/post"}],"author":[{"embeddable":true,"href":"https:\/\/hostnetart.com.br\/baixada\/wp-json\/wp\/v2\/users\/2"}],"replies":[{"embeddable":true,"href":"https:\/\/hostnetart.com.br\/baixada\/wp-json\/wp\/v2\/comments?post=7222"}],"version-history":[{"count":0,"href":"https:\/\/hostnetart.com.br\/baixada\/wp-json\/wp\/v2\/posts\/7222\/revisions"}],"wp:featuredmedia":[{"embeddable":true,"href":"https:\/\/hostnetart.com.br\/baixada\/wp-json\/wp\/v2\/media\/7221"}],"wp:attachment":[{"href":"https:\/\/hostnetart.com.br\/baixada\/wp-json\/wp\/v2\/media?parent=7222"}],"wp:term":[{"taxonomy":"category","embeddable":true,"href":"https:\/\/hostnetart.com.br\/baixada\/wp-json\/wp\/v2\/categories?post=7222"},{"taxonomy":"post_tag","embeddable":true,"href":"https:\/\/hostnetart.com.br\/baixada\/wp-json\/wp\/v2\/tags?post=7222"}],"curies":[{"name":"wp","href":"https:\/\/api.w.org\/{rel}","templated":true}]}}