{"id":7220,"date":"2019-07-29T14:28:25","date_gmt":"2019-07-29T17:28:25","guid":{"rendered":"https:\/\/hostnetart.com.br\/baixada\/contraf-cut-participa-de-18-conferencia-internacional-de-direitos-humanos-e-civis\/"},"modified":"2019-07-29T14:28:25","modified_gmt":"2019-07-29T17:28:25","slug":"contraf-cut-participa-de-18-conferencia-internacional-de-direitos-humanos-e-civis","status":"publish","type":"post","link":"https:\/\/hostnetart.com.br\/baixada\/contraf-cut-participa-de-18-conferencia-internacional-de-direitos-humanos-e-civis\/","title":{"rendered":"Contraf-CUT participa de 18\u00aa Confer\u00eancia Internacional de Direitos Humanos e Civis"},"content":{"rendered":"<div class=\"elementor-element elementor-element-194680ec elementor-widget elementor-widget-theme-post-content\" data-id=\"194680ec\" data-element_type=\"widget\" data-widget_type=\"theme-post-content.default\">\n<div class=\"elementor-widget-container\">\n<p>Terminou na \u00faltima sexta-feira (26), a 18\u00aa Confer\u00eancia Internacional de Direitos Humanos e Civis, em Minneapolis, Minnesota, EUA. Realizada pela Confedera\u00e7\u00e3o de Trabalhadores Unity and Strenght foUR Workers \u2013 USW, que representa trabalhadores dos Estados Unidos e Canad\u00e1, o evento levanta debates sobre o combate ao racismo desde Martin Luther King. <\/p>\n<p>O tema deste ano \u201cN\u00e3o nos impe\u00e7a agora! Caminhemos juntos\u201d vai al\u00e9m do combate ao racismo e aborda tamb\u00e9m o preconceito contra as mulheres, LGBTQ+ e a situa\u00e7\u00e3o dos imigrantes no pa\u00eds. <\/p>\n<p>No total, 580 delegados e delegadas participaram do evento, incluindo delega\u00e7\u00f5es internacionais, como: dirigentes do Reino Unido; e do Brasil, representados por Almir Aguiar, Secret\u00e1rio de Combate ao Racismo da Confedera\u00e7\u00e3o Nacional dos Trabalhadores do Ramo Financeiro e Rosane Fernandes, Secret\u00e1ria Adjunta da Secretaria Nacional de Combate ao Racismo da CUT-Brasil. <\/p>\n<p>\u201cPara o Secret\u00e1rio de Combate ao Racismo da Contraf-CUT, Almir Aguiar, a realidade de uma parcela da popula\u00e7\u00e3o americana, n\u00e3o difere da <a href=\"https:\/\/contrafcut.com.br\/noticias\/seja-um-agente-da-diversidade-desigualdade-racial-ainda-predomina-na-sociedade-e-no-mercado-de-trabalho\/\" target=\"_blank\" rel=\"noopener noreferrer\">popula\u00e7\u00e3o negra brasileira<\/a>: discrimina\u00e7\u00e3o, sal\u00e1rios menores que os brancos, e, principalmente, a viol\u00eancia policial, que persegue e mata pessoas, pela cor de sua pele. Mas, os debates deixaram claro que os trabalhadores est\u00e3o organizados pelos direitos sociais, com pol\u00edticas de negocia\u00e7\u00f5es e enfrentamentos\u201d, disse. <\/p>\n<p>Durante o evento, tamb\u00e9m foi realizada uma passeata com todos os participantes at\u00e9 a prefeitura Minneapolis para denunciar os abusos contra a popula\u00e7\u00e3o negra.<\/p>\n<h3><strong>Representa\u00e7\u00e3o Importante<\/strong><\/h3>\n<p>A Confer\u00eancia contou com a participa\u00e7\u00e3o de Keith Maurice, que foi deputado e atualmente \u00e9 o Procurador Geral do Estado de Minnesota, nos EUA. Keith criticou o Partido Democrata e atribuiu o insucesso nas elei\u00e7\u00f5es ao afastamento das bases e por terem se aproximado somente no ano eleitoral. Ele destacou tamb\u00e9m que quem mais fez pelos Direitos Humanos n\u00e3o foi o governo e nenhum bilion\u00e1rio americano, mas, as lutas dos sindicatos e dos trabalhadores por melhores acordos. Ele tamb\u00e9m citou como exemplo a situa\u00e7\u00e3o dos refugiados Som\u00e1lios, que trabalham na Amazon e que lutaram e levaram a empresa para a mesa de negocia\u00e7\u00e3o. <\/p>\n<p>O Governador de Minnesota, Tim Walz, tamb\u00e9m participou da confer\u00eancia e destacou a import\u00e2ncia dessa realiza\u00e7\u00e3o. O parlamentar disse que \u00e9 fundamental a luta por direitos sociais e alertou que muitas pessoas saem para trabalhar pela manh\u00e3 e no final do dia n\u00e3o sabe se t\u00eam seus empregos. <\/p>\n<p>A procuradora, Marilyn Mosby, da cidade de Baltimore, indiciou em 2015, seis policiais pela morte do jovem negro chamado Freddie Gray. Ela comentou que o n\u00famero de presos negros nos Estados Unidos \u00e9 maior do que presos brancos e 30% dos jovens negros americanos vivem abaixo da linha da pobreza.<\/p>\n<figure class=\"wp-block-image\"><img decoding=\"async\" class=\"wp-image-272534 lazyloaded\" src=\"https:\/\/contrafcut.com.br\/wp-content\/uploads\/2019\/07\/whatsapp-image-2019-07-26-at-13-01-57.jpeg?x98855\" sizes=\"(max-width: 1168px) 100vw, 1168px\" srcset=\"https:\/\/contrafcut.com.br\/wp-content\/uploads\/2019\/07\/whatsapp-image-2019-07-26-at-13-01-57.jpeg 1168w, https:\/\/contrafcut.com.br\/wp-content\/uploads\/2019\/07\/whatsapp-image-2019-07-26-at-13-01-57-410x230.jpeg 410w, https:\/\/contrafcut.com.br\/wp-content\/uploads\/2019\/07\/whatsapp-image-2019-07-26-at-13-01-57-768x432.jpeg 768w\" alt=\"\" data-lazy-srcset=\"https:\/\/contrafcut.com.br\/wp-content\/uploads\/2019\/07\/whatsapp-image-2019-07-26-at-13-01-57.jpeg 1168w, https:\/\/contrafcut.com.br\/wp-content\/uploads\/2019\/07\/whatsapp-image-2019-07-26-at-13-01-57-410x230.jpeg 410w, https:\/\/contrafcut.com.br\/wp-content\/uploads\/2019\/07\/whatsapp-image-2019-07-26-at-13-01-57-768x432.jpeg 768w\" data-lazy-sizes=\"(max-width: 1168px) 100vw, 1168px\" data-lazy-src=\"https:\/\/contrafcut.com.br\/wp-content\/uploads\/2019\/07\/whatsapp-image-2019-07-26-at-13-01-57.jpeg?x98855\" data-was-processed=\"true\" \/><\/figure>\n<h3><strong>Participa\u00e7\u00e3o Brasileira<\/strong><\/h3>\n<p>O secret\u00e1rio de Combate ao Racismo da Contraf-CUT participou do Workshop \u201cFighting for Worker \u2013 Rights in the Global Economy\u201d. Em sua apresenta\u00e7\u00e3o, afirmou que o Brasil tem um hist\u00f3rico de discrimina\u00e7\u00e3o, que reflete no trabalho e na vida social, fruto de um per\u00edodo escravocrata que se reflete at\u00e9 os dias atuais. <\/p>\n<p>Almir relatou ainda a luta hist\u00f3rica do movimento sindical banc\u00e1rio por igualdade e oportunidades, que iniciou em 2000 com a realiza\u00e7\u00e3o de uma pesquisa com foco em g\u00eanero e ra\u00e7a, junto com Departamento Intersindical de Estat\u00edstica e Estudos Socioecon\u00f4micos (Dieese). A partir da\u00ed muitos avan\u00e7os foram poss\u00edveis. Por\u00e9m, de acordo com o secret\u00e1rio de Combate ao Racismo da Contraf-CUT, a realidade ainda \u00e9 cruel. \u201cS\u00e3o poucos negros na categoria, s\u00e3o poucos em cargos de comando, quase nenhum em cargo de dire\u00e7\u00e3o, as mulheres, em especial as mulheres negras s\u00e3o discriminadas e a cor da pele \u00e9 um empecilho para ascens\u00e3o profissional. Hoje, estamos discutindo o terceiro <a href=\"https:\/\/contrafcut.com.br\/noticias\/3o-censo-da-diversidade-bancaria-avalia-realidade-da-categoria-nos-bancos\/\" target=\"_blank\" rel=\"noopener noreferrer\">Censo da Diversidade<\/a>, num outro formato. Criamos o <a href=\"https:\/\/contrafcut.com.br\/noticias\/bancarios-participam-de-campanha-de-valorizacao-da-diversidade\/\" target=\"_blank\" rel=\"noopener noreferrer\">agente da diversidade<\/a>, que estar\u00e1 em cada ag\u00eancia e departamento nos bancos para fazer o debate contra o preconceito e a discrimina\u00e7\u00e3o\u201d, explicou. <\/p>\n<p>Rosana Fernandes, destacou que este ano tem sido um ano de luta e resist\u00eancia. \u201cO Brasil teve a mais longa e numerosa escravid\u00e3o do mundo. Foi o \u00faltimo pa\u00eds a botar fim a esse regime e instituiu h\u00e1 exatos 130 anos a Lei \u00c1urea, que em tese acabou com a escravid\u00e3o. O racismo \u00e9 o projeto pol\u00edtico e ideol\u00f3gico que congela mulheres e homens negros na base da pir\u00e2mide social brasileira e que ao fim os levam para a morte f\u00edsica ou simb\u00f3lica, o que o movimento negro nacional caracteriza como um projeto genocida\u201d, disse.<\/p>\n<p><strong>Fonte: Contraf-CUT<\/strong><\/p>\n<\/div>\n<\/div>\n","protected":false},"excerpt":{"rendered":"<p>Terminou na \u00faltima sexta-feira (26), a 18\u00aa Confer\u00eancia Internacional de Direitos Humanos e Civis, em Minneapolis, Minnesota, EUA. Realizada pela Confedera\u00e7\u00e3o de Trabalhadores Unity and Strenght foUR Workers \u2013 USW, que representa trabalhadores dos Estados Unidos e Canad\u00e1, o evento levanta debates sobre o combate ao racismo desde Martin Luther King. O tema deste ano [&hellip;]<\/p>\n","protected":false},"author":2,"featured_media":7219,"comment_status":"","ping_status":"","sticky":false,"template":"","format":"standard","meta":{"footnotes":""},"categories":[3],"tags":[],"class_list":["post-7220","post","type-post","status-publish","format-standard","has-post-thumbnail","hentry","category-noticias"],"_links":{"self":[{"href":"https:\/\/hostnetart.com.br\/baixada\/wp-json\/wp\/v2\/posts\/7220","targetHints":{"allow":["GET"]}}],"collection":[{"href":"https:\/\/hostnetart.com.br\/baixada\/wp-json\/wp\/v2\/posts"}],"about":[{"href":"https:\/\/hostnetart.com.br\/baixada\/wp-json\/wp\/v2\/types\/post"}],"author":[{"embeddable":true,"href":"https:\/\/hostnetart.com.br\/baixada\/wp-json\/wp\/v2\/users\/2"}],"replies":[{"embeddable":true,"href":"https:\/\/hostnetart.com.br\/baixada\/wp-json\/wp\/v2\/comments?post=7220"}],"version-history":[{"count":0,"href":"https:\/\/hostnetart.com.br\/baixada\/wp-json\/wp\/v2\/posts\/7220\/revisions"}],"wp:featuredmedia":[{"embeddable":true,"href":"https:\/\/hostnetart.com.br\/baixada\/wp-json\/wp\/v2\/media\/7219"}],"wp:attachment":[{"href":"https:\/\/hostnetart.com.br\/baixada\/wp-json\/wp\/v2\/media?parent=7220"}],"wp:term":[{"taxonomy":"category","embeddable":true,"href":"https:\/\/hostnetart.com.br\/baixada\/wp-json\/wp\/v2\/categories?post=7220"},{"taxonomy":"post_tag","embeddable":true,"href":"https:\/\/hostnetart.com.br\/baixada\/wp-json\/wp\/v2\/tags?post=7220"}],"curies":[{"name":"wp","href":"https:\/\/api.w.org\/{rel}","templated":true}]}}