{"id":7218,"date":"2019-07-26T23:02:58","date_gmt":"2019-07-27T02:02:58","guid":{"rendered":"https:\/\/hostnetart.com.br\/baixada\/dia-internacional-da-mulher-latino-americana-e-caribenha-e-marcado-por-atos-em-todo-o-pais\/"},"modified":"2019-07-26T23:02:58","modified_gmt":"2019-07-27T02:02:58","slug":"dia-internacional-da-mulher-latino-americana-e-caribenha-e-marcado-por-atos-em-todo-o-pais","status":"publish","type":"post","link":"https:\/\/hostnetart.com.br\/baixada\/dia-internacional-da-mulher-latino-americana-e-caribenha-e-marcado-por-atos-em-todo-o-pais\/","title":{"rendered":"Dia Internacional da Mulher Latino Americana e Caribenha \u00e9 marcado por atos em todo o pa\u00eds"},"content":{"rendered":"<div class=\"elementor-element elementor-element-194680ec elementor-widget elementor-widget-theme-post-content\" data-id=\"194680ec\" data-element_type=\"widget\" data-widget_type=\"theme-post-content.default\">\n<div class=\"elementor-widget-container\">\n<p>O dia 25 de julho, no qual se comemora o Dia Internacional da Mulher Latino Americana e Caribenha, foi marcado por v\u00e1rias manifesta\u00e7\u00f5es contra o racismo e preconceito que predominam na sociedade.<\/p>\n<p>Em S\u00e3o Paulo, uma roda de conversa com as mulheres na regi\u00e3o do ABC destacou a import\u00e2ncia da luta. No centro da cidade, um ato come\u00e7ou na Rep\u00fablica e seguiu pelas ruas at\u00e9 a igreja dos homens pretos. Durante todo o trajeto, as mulheres recitaram poesias e dan\u00e7aram ritmos africanos como forma de den\u00fancia contra todos os preconceitos que elas sofrem na sociedade devido a cor de sua pele.<\/p>\n<p>As crian\u00e7as tamb\u00e9m marcaram presen\u00e7a na marcha. A coordenadora do Coletivo de Igualdade Racial do\u00a0Seeb SP, Osasco e regi\u00e3o, Ana Marta Lima, ressaltou a import\u00e2ncia das mulheres levarem as crian\u00e7as na marcha. \u00a0\u201cFoi lindo e emocionante ver as crian\u00e7as participando. \u00c9 importante as m\u00e3es explicarem logo cedo, ensinar seus filhos a valorizar a sua ancestralidade e a hist\u00f3ria das mulheres negras na sociedade. Deixar claro que estar nas ruas, lutando, tem um significado muito grande.\u201d, disse.<\/p>\n<p>Para a secret\u00e1ria da Mulher da Contraf-CUT, Elaine Cutis, esse preconceito tamb\u00e9m pode ser percebido nos locais de trabalho. \u201cOs n\u00fameros do censo deixam muito claro a realidade das mulheres negras, quando observa o n\u00famero pequeno de funcion\u00e1rias negras dentro dos bancos.\u00a0 Ainda h\u00e1 muita discrimina\u00e7\u00e3o nas contrata\u00e7\u00f5es e o governo s\u00f3 faz refor\u00e7ar essas pr\u00e1ticas com seu discurso conservador e falta de pol\u00edticas p\u00fablicas\u201d, disse.<\/p>\n<p>O fato de ser uma mulher negra coloca as trabalhadoras do setor banc\u00e1rio em posi\u00e7\u00e3o de desvantagem frente aos demais trabalhadores e trabalhadoras. Analisando a m\u00e9dia salarial, uma banc\u00e1ria negra ganha em m\u00e9dia 26% menos do que um banc\u00e1rio branco.\u00a0\u00a0<\/p>\n<p> Mesmo com mais anos de escolaridade, representando praticamente metade da categoria banc\u00e1ria (48,3%) e sendo a maioria no Sudeste (51,9%), as mulheres enfrentam maiores barreiras para ascender na carreira no setor financeiro.\u00a0<\/p>\n<h3><strong>Campanha UniSororidad<\/strong><\/h3>\n<p>Para combater o racismo presente na sociedade e no ambiente de trabalho, a Confedera\u00e7\u00e3o Nacional dos Trabalhadores do Ramo Financeiro (Contraf-CUT) escolheu o dia 25 de julho para dar in\u00edcio a campanha #UniSororidad. O movimento acontece no dia 25 de cada m\u00eas, pela rede social Twitter e re\u00fane informa\u00e7\u00f5es e protestos sobre a realidade do g\u00eanero na sociedade.\u00a0<\/p>\n<p>\u201cA campanha foi definida no \u00faltimo encontro da Rede Uni Am\u00e9rica Mulheres, no qual constatamos que \u00e9 extremamente importante refor\u00e7ar a nossa luta de combate \u00e0 viol\u00eancia contra a mulher. O nosso objetivo \u00e9 sensibilizar e dar ainda mais visibilidade contra este grave problema e salientar a import\u00e2ncia de a\u00e7\u00f5es efetivas para o combate \u00e0 viol\u00eancia\u201d, afirmou Elaine Cutis, secret\u00e1ria da Mulher da Contraf-CUT.<\/p>\n<p><strong>Fonte: Contraf-CUT<\/strong><\/p>\n<\/div>\n<\/div>\n","protected":false},"excerpt":{"rendered":"<p>O dia 25 de julho, no qual se comemora o Dia Internacional da Mulher Latino Americana e Caribenha, foi marcado por v\u00e1rias manifesta\u00e7\u00f5es contra o racismo e preconceito que predominam na sociedade. Em S\u00e3o Paulo, uma roda de conversa com as mulheres na regi\u00e3o do ABC destacou a import\u00e2ncia da luta. No centro da cidade, [&hellip;]<\/p>\n","protected":false},"author":2,"featured_media":7217,"comment_status":"","ping_status":"","sticky":false,"template":"","format":"standard","meta":{"footnotes":""},"categories":[3],"tags":[],"class_list":["post-7218","post","type-post","status-publish","format-standard","has-post-thumbnail","hentry","category-noticias"],"_links":{"self":[{"href":"https:\/\/hostnetart.com.br\/baixada\/wp-json\/wp\/v2\/posts\/7218","targetHints":{"allow":["GET"]}}],"collection":[{"href":"https:\/\/hostnetart.com.br\/baixada\/wp-json\/wp\/v2\/posts"}],"about":[{"href":"https:\/\/hostnetart.com.br\/baixada\/wp-json\/wp\/v2\/types\/post"}],"author":[{"embeddable":true,"href":"https:\/\/hostnetart.com.br\/baixada\/wp-json\/wp\/v2\/users\/2"}],"replies":[{"embeddable":true,"href":"https:\/\/hostnetart.com.br\/baixada\/wp-json\/wp\/v2\/comments?post=7218"}],"version-history":[{"count":0,"href":"https:\/\/hostnetart.com.br\/baixada\/wp-json\/wp\/v2\/posts\/7218\/revisions"}],"wp:featuredmedia":[{"embeddable":true,"href":"https:\/\/hostnetart.com.br\/baixada\/wp-json\/wp\/v2\/media\/7217"}],"wp:attachment":[{"href":"https:\/\/hostnetart.com.br\/baixada\/wp-json\/wp\/v2\/media?parent=7218"}],"wp:term":[{"taxonomy":"category","embeddable":true,"href":"https:\/\/hostnetart.com.br\/baixada\/wp-json\/wp\/v2\/categories?post=7218"},{"taxonomy":"post_tag","embeddable":true,"href":"https:\/\/hostnetart.com.br\/baixada\/wp-json\/wp\/v2\/tags?post=7218"}],"curies":[{"name":"wp","href":"https:\/\/api.w.org\/{rel}","templated":true}]}}