{"id":7210,"date":"2019-07-26T14:34:51","date_gmt":"2019-07-26T17:34:51","guid":{"rendered":"https:\/\/hostnetart.com.br\/baixada\/contraf-cut-cobra-respeito-aos-empregados-da-caixa\/"},"modified":"2019-07-26T14:34:51","modified_gmt":"2019-07-26T17:34:51","slug":"contraf-cut-cobra-respeito-aos-empregados-da-caixa","status":"publish","type":"post","link":"https:\/\/hostnetart.com.br\/baixada\/contraf-cut-cobra-respeito-aos-empregados-da-caixa\/","title":{"rendered":"Contraf-CUT cobra respeito aos empregados da Caixa"},"content":{"rendered":"<p>A Confedera\u00e7\u00e3o Nacional dos Trabalhadores do Ramo Financeiro (Contraf-CUT) enviou of\u00edcio \u00e0 Caixa Econ\u00f4mica Federal solicitando explica\u00e7\u00f5es sobre a proposta de abertura de ag\u00eancias aos s\u00e1bados e domingos e exigindo respeito aos empregados do banco. <a href=\"https:\/\/epocanegocios.globo.com\/Economia\/noticia\/2019\/07\/epoca-negocios-guimaraes-106-milhoes-de-pessoas-serao-beneficiadas-com-saques-so-na-caixa.html\" target=\"_blank\" rel=\"noopener noreferrer\">O presidente do banco, Pedro Guimar\u00e3es, declarou que as ag\u00eancias e postos fixos da Caixa operar\u00e3o aos s\u00e1bados e domingos para dar vaz\u00e3o aos saques<\/a>. \u201cEu e os vice-presidentes estaremos todos os domingos em ag\u00eancias da Caixa em todo o Brasil\u201d, disse, nesta quarta-feira (25), durante evento de an\u00fancio no Planalto de medidas que tamb\u00e9m incluem a libera\u00e7\u00e3o de recursos do PIS\/Pasep.<\/p>\n<p>\u201c\u00c9 um absurdo esta declara\u00e7\u00e3o. Os trabalhadores j\u00e1 est\u00e3o sobrecarregados pela falta de empregados e tem apenas o final de semana para descansar. Essa medida, que j\u00e1 n\u00e3o ir\u00e1 resolver as quest\u00f5es econ\u00f4micas, ainda prejudicar a sa\u00fade dos empregados. Tem ainda a quest\u00e3o de seguran\u00e7a das ag\u00eancias que, como outras quest\u00f5es, ainda n\u00e3o foram discutidas e est\u00e3o sendo anunciadas de forma irrespons\u00e1vel pelo presidente da Caixa\u201d, afirmou Dion\u00edsio Reis, coordenador da Comiss\u00e3o Executiva dos Empregados (CEE) da Caixa.<\/p>\n<p>Os trabalhadores <a href=\"https:\/\/contrafcut.com.br\/noticias\/contraf-cut-volta-a-cobrar-suspensao-do-processo-de-reestruturacao-da-caixa\/\">cobram mais essa<\/a> explica\u00e7\u00e3o do presidente. No dia 9 de julho, Pedro Guimar\u00e3es, ap\u00f3s confirmar sua participa\u00e7\u00e3o, <a href=\"https:\/\/contrafcut.com.br\/noticias\/presidente-da-caixa-falta-audiencia-e-evita-debater-o-futuro-do-banco\/\">se negou a comparecer \u00e0 audi\u00eancia p\u00fablica na Comiss\u00e3o de Trabalho, de Administra\u00e7\u00e3o e Servi\u00e7o P\u00fablico da C\u00e2mara Federal<\/a>. Ele iria debater com entidades, representantes da sociedade civil e empregados da Caixa algumas medidas da sua gest\u00e3o que tendem ao enfraquecimento da institui\u00e7\u00e3o e do seu papel no desenvolvimento econ\u00f4mico e social do Brasil. O presidente anunciou ainda a suspens\u00e3o do <a href=\"https:\/\/contrafcut.com.br\/noticias\/contraf-cut-cobra-a-reposicao-do-quadro-de-empregados-da-caixa\/\">programa de demiss\u00e3o volunt\u00e1ria (PDVE<\/a>), que foi aberto em maio deste ano.<\/p>\n<p><strong>Fonte: Contraf-CUT<\/strong><\/p>\n","protected":false},"excerpt":{"rendered":"<p>A Confedera\u00e7\u00e3o Nacional dos Trabalhadores do Ramo Financeiro (Contraf-CUT) enviou of\u00edcio \u00e0 Caixa Econ\u00f4mica Federal solicitando explica\u00e7\u00f5es sobre a proposta de abertura de ag\u00eancias aos s\u00e1bados e domingos e exigindo respeito aos empregados do banco. O presidente do banco, Pedro Guimar\u00e3es, declarou que as ag\u00eancias e postos fixos da Caixa operar\u00e3o aos s\u00e1bados e domingos [&hellip;]<\/p>\n","protected":false},"author":2,"featured_media":7209,"comment_status":"","ping_status":"","sticky":false,"template":"","format":"standard","meta":{"footnotes":""},"categories":[3],"tags":[],"class_list":["post-7210","post","type-post","status-publish","format-standard","has-post-thumbnail","hentry","category-noticias"],"_links":{"self":[{"href":"https:\/\/hostnetart.com.br\/baixada\/wp-json\/wp\/v2\/posts\/7210","targetHints":{"allow":["GET"]}}],"collection":[{"href":"https:\/\/hostnetart.com.br\/baixada\/wp-json\/wp\/v2\/posts"}],"about":[{"href":"https:\/\/hostnetart.com.br\/baixada\/wp-json\/wp\/v2\/types\/post"}],"author":[{"embeddable":true,"href":"https:\/\/hostnetart.com.br\/baixada\/wp-json\/wp\/v2\/users\/2"}],"replies":[{"embeddable":true,"href":"https:\/\/hostnetart.com.br\/baixada\/wp-json\/wp\/v2\/comments?post=7210"}],"version-history":[{"count":0,"href":"https:\/\/hostnetart.com.br\/baixada\/wp-json\/wp\/v2\/posts\/7210\/revisions"}],"wp:featuredmedia":[{"embeddable":true,"href":"https:\/\/hostnetart.com.br\/baixada\/wp-json\/wp\/v2\/media\/7209"}],"wp:attachment":[{"href":"https:\/\/hostnetart.com.br\/baixada\/wp-json\/wp\/v2\/media?parent=7210"}],"wp:term":[{"taxonomy":"category","embeddable":true,"href":"https:\/\/hostnetart.com.br\/baixada\/wp-json\/wp\/v2\/categories?post=7210"},{"taxonomy":"post_tag","embeddable":true,"href":"https:\/\/hostnetart.com.br\/baixada\/wp-json\/wp\/v2\/tags?post=7210"}],"curies":[{"name":"wp","href":"https:\/\/api.w.org\/{rel}","templated":true}]}}