{"id":721,"date":"2015-04-10T18:26:00","date_gmt":"2015-04-10T21:26:00","guid":{"rendered":"https:\/\/hostnetart.com.br\/baixada\/cunha-vendeu-aos-empresarios-compromisso-de-aprovar-pl-diz-vannuchi\/"},"modified":"2015-04-10T18:26:00","modified_gmt":"2015-04-10T21:26:00","slug":"cunha-vendeu-aos-empresarios-compromisso-de-aprovar-pl-diz-vannuchi","status":"publish","type":"post","link":"https:\/\/hostnetart.com.br\/baixada\/cunha-vendeu-aos-empresarios-compromisso-de-aprovar-pl-diz-vannuchi\/","title":{"rendered":"\u2018Cunha vendeu aos empres\u00e1rios compromisso de aprovar PL\u2019, diz Vannuchi"},"content":{"rendered":"<div class=\"real-content\">\n<p><span style=\"color: #464646;\">Segundo o ex-ministro e integrante da Comiss\u00e3o Interamericana de Direitos Humanos da OEA, Paulo Vannuchi, empresariado interessado no lucro e trabalhadores lutando pela preserva\u00e7\u00e3o de direitos configuram embate em torno do PL 4.330; segundo ele, o presidente da C\u00e2mara, Eduardo Cunha (PMDB), que \u201cconseguiu recursos financeiros extraordin\u00e1rios para eleger uma grande bancada de deputados fieis a ele\u201d, \u201cvendeu aos empres\u00e1rios o seu compromisso de aprovar o PL que tramita h\u00e1 dez anos\u201d<\/span><br style=\"color: #464646;\" \/><br style=\"color: #464646;\" \/><span style=\"color: #464646;\">As manifesta\u00e7\u00f5es a serem realizadas hoje (7) pelas centrais sindicais e movimentos sociais contra o PL 4.330, que trata da terceiriza\u00e7\u00e3o, t\u00eam por objetivo barrar mais uma tentativa de suprimir direitos, no bojo da \u201cofensiva conservadora e reacion\u00e1ria\u201d, afirma Paulo Vannuchi, analista pol\u00edtico da R\u00e1dio Brasil Atual. A ofensiva, segundo o analista, \u00e9 liderada pelo presidente da C\u00e2mara, o deputado Eduardo Cunha (PMDB-RJ). Tal epis\u00f3dio \u201cdeixa n\u00edtidos os conflitos de classe\u201d, afirma.<\/span><br style=\"color: #464646;\" \/><br style=\"color: #464646;\" \/><span style=\"color: #464646;\">Cunha, que \u201cconseguiu recursos financeiros extraordin\u00e1rios para eleger uma grande bancada de deputados fieis a ele\u201d, afirma Vannuchi, \u201cvendeu aos empres\u00e1rios o seu compromisso de aprovar o PL 4.330, que tramita h\u00e1 dez anos\u201d.<\/span><br style=\"color: #464646;\" \/><br style=\"color: #464646;\" \/><span style=\"color: #464646;\">O projeto de lei que determina terceiriza\u00e7\u00e3o foi primeiramente proposto pelo ex-deputado e empres\u00e1rio Sandro Mabel (PMDB-GO) e o substitutivo a ser votado hoje \u00e9 de autoria do deputado Arthur Maia, do partido Solidariedade, criado por Paulo Pereira, da For\u00e7a Sindical.<\/span><br style=\"color: #464646;\" \/><br style=\"color: #464646;\" \/><span style=\"color: #464646;\">Vannuchi afirma que tal iniciativa \u00e9 uma \u201cradiografia\u201d de que a for\u00e7a pol\u00edtica liderada por Paulinho representa \u201cum sindicalismo que se alia a interesses empresariais em troca de recursos, atacando direitos trabalhistas\u201d.<\/span><br style=\"color: #464646;\" \/><br style=\"color: #464646;\" \/><span style=\"color: #464646;\">O comentarista ressalta que todos os direitos trabalhistas e \u201ctudo o que se conseguiu, na busca de um estado de bem estar social, foi fruto da mobiliza\u00e7\u00e3o dos trabalhadores. Greves, rebeli\u00f5es, partidos pol\u00edticos, press\u00f5es, enfrentamentos, com sangue, suor, mortes e l\u00e1grimas\u201d.<\/span><br style=\"color: #464646;\" \/><br style=\"color: #464646;\" \/><span style=\"color: #464646;\">As posi\u00e7\u00f5es em torno do projeto de lei demonstram, de maneira cristalina, a diverg\u00eancia entra a classe empresarial e patronal, de um lado, \u201cinteressada no lucro e na reprodu\u00e7\u00e3o ampliada do capital\u201d e, do outro lado, os trabalhadores, que \u201cquerem mais direitos, dignidade e trabalho decente\u201d, diz Vannuchi.<\/span><br style=\"color: #464646;\" \/><br style=\"color: #464646;\" \/><span style=\"color: #464646;\">Vannuchi lembra que o processo de terceiriza\u00e7\u00e3o conservava \u201ccerta l\u00f3gica\u201d quando era executado nas ditas fun\u00e7\u00f5es-meio, quando, por exemplo, uma montadora contrata uma empresa respons\u00e1vel pela alimenta\u00e7\u00e3o dos funcion\u00e1rios. No caso, seria essa a fun\u00e7\u00e3o-meio, a fun\u00e7\u00e3o-fim de uma montadora \u00e9 produzir carros. Pela legisla\u00e7\u00e3o atual, as fun\u00e7\u00f5es-fim s\u00e3o impedidas de ser terceirizadas.<\/span><br style=\"color: #464646;\" \/><br style=\"color: #464646;\" \/><span style=\"color: #464646;\">O PL 4330 visa a acabar com essa separa\u00e7\u00e3o e libera a terceiriza\u00e7\u00e3o \u201campla, geral, e irrestrita\u201d, segundo Vannuchi, que frisa tamb\u00e9m tamb\u00e9m que os trabalhadores terceirizados ganham 25% menos, trabalham mais, mais expostos a acidentes, e t\u00eam 3,4 mais chance de morrer no local de trabalho. Atualmente, no Brasil, j\u00e1 s\u00e3o mais de 13 milh\u00f5es trabalhadores expostos a tal condi\u00e7\u00e3o.<\/span><br style=\"color: #464646;\" \/><br style=\"color: #464646;\" \/><span style=\"color: #464646;\">Vannuchi diz que a mobiliza\u00e7\u00e3o das centrais sindicais e movimentos vai pressionar por adiamento ou uma \u201cmudan\u00e7a profunda\u201d na concep\u00e7\u00e3o do projeto de lei, aos moldes da proposta defendida pelo deputado Vicentinho (PT-SP), volta a estabelecer crit\u00e9rios e limites para a terceiriza\u00e7\u00e3o. O comentarista espera \u201cuma vit\u00f3ria da resist\u00eancia dos trabalhadores contra o retrocesso\u201d.<\/span><br style=\"color: #464646;\" \/><br style=\"color: #464646;\" \/><br style=\"color: #464646;\" \/><span style=\"color: #464646;\">Fonte: Rede Brasil Atual<\/span><\/p>\n<div class=\"clear\">\u00a0<\/div>\n<\/div>\n<div class=\"in_post_widget clearfix\">\n<h3 class=\"title widget-title\">Posts Similares<\/h3>\n<\/div>\n","protected":false},"excerpt":{"rendered":"<p>Segundo o ex-ministro e integrante da Comiss\u00e3o Interamericana de Direitos Humanos da OEA, Paulo Vannuchi, empresariado interessado no lucro e trabalhadores lutando pela preserva\u00e7\u00e3o de direitos configuram embate em torno do PL 4.330; segundo ele, o presidente da C\u00e2mara, Eduardo Cunha (PMDB), que \u201cconseguiu recursos financeiros extraordin\u00e1rios para eleger uma grande bancada de deputados fieis [&hellip;]<\/p>\n","protected":false},"author":1,"featured_media":0,"comment_status":"","ping_status":"","sticky":false,"template":"","format":"standard","meta":{"footnotes":""},"categories":[3],"tags":[],"class_list":["post-721","post","type-post","status-publish","format-standard","hentry","category-noticias"],"_links":{"self":[{"href":"https:\/\/hostnetart.com.br\/baixada\/wp-json\/wp\/v2\/posts\/721","targetHints":{"allow":["GET"]}}],"collection":[{"href":"https:\/\/hostnetart.com.br\/baixada\/wp-json\/wp\/v2\/posts"}],"about":[{"href":"https:\/\/hostnetart.com.br\/baixada\/wp-json\/wp\/v2\/types\/post"}],"author":[{"embeddable":true,"href":"https:\/\/hostnetart.com.br\/baixada\/wp-json\/wp\/v2\/users\/1"}],"replies":[{"embeddable":true,"href":"https:\/\/hostnetart.com.br\/baixada\/wp-json\/wp\/v2\/comments?post=721"}],"version-history":[{"count":0,"href":"https:\/\/hostnetart.com.br\/baixada\/wp-json\/wp\/v2\/posts\/721\/revisions"}],"wp:attachment":[{"href":"https:\/\/hostnetart.com.br\/baixada\/wp-json\/wp\/v2\/media?parent=721"}],"wp:term":[{"taxonomy":"category","embeddable":true,"href":"https:\/\/hostnetart.com.br\/baixada\/wp-json\/wp\/v2\/categories?post=721"},{"taxonomy":"post_tag","embeddable":true,"href":"https:\/\/hostnetart.com.br\/baixada\/wp-json\/wp\/v2\/tags?post=721"}],"curies":[{"name":"wp","href":"https:\/\/api.w.org\/{rel}","templated":true}]}}