{"id":7208,"date":"2019-07-25T19:15:57","date_gmt":"2019-07-25T22:15:57","guid":{"rendered":"https:\/\/hostnetart.com.br\/baixada\/cassi-apresenta-numeros-e-esclarecimentos-sobre-intervencao-da-ans\/"},"modified":"2019-07-25T19:15:57","modified_gmt":"2019-07-25T22:15:57","slug":"cassi-apresenta-numeros-e-esclarecimentos-sobre-intervencao-da-ans","status":"publish","type":"post","link":"https:\/\/hostnetart.com.br\/baixada\/cassi-apresenta-numeros-e-esclarecimentos-sobre-intervencao-da-ans\/","title":{"rendered":"Cassi apresenta n\u00fameros e esclarecimentos sobre interven\u00e7\u00e3o da ANS"},"content":{"rendered":"<p>A Caixa de Assist\u00eancia dos Funcion\u00e1rios do Banco do Brasil (Cassi) apresentou os n\u00fameros financeiros e esclarecimentos sobre o processo de\u00a0<a href=\"https:\/\/bancariosdf.com.br\/portal\/contraf-cut-cobra-reuniao-para-esclarecimentos-da-intervencao-da-ans-na-cassi\/\" target=\"_blank\" rel=\"noopener noreferrer\">interven\u00e7\u00e3o da Ag\u00eancia Nacional de Sa\u00fade Suplementar (ANS) na Cassi<\/a>\u00a0para a Confedera\u00e7\u00e3o Nacional dos Trabalhadores do Ramo Financeiro (Contraf-CUT) e as demais entidades de representa\u00e7\u00e3o dos funcion\u00e1rios do banco. A apresenta\u00e7\u00e3o ocorreu na quarta-feira (24), na sede da Cassi, em Bras\u00edlia.<\/p>\n<p>Na segunda-feira (22), foi publicado no Di\u00e1rio Oficial da Uni\u00e3o a decis\u00e3o de\u00a0<a href=\"https:\/\/contrafcut.com.br\/noticias\/contraf-cut-cobra-reuniao-para-esclarecimentos-da-intervencao-da-ans-na-cassi\/\" target=\"_blank\" rel=\"noopener noreferrer\">instaura\u00e7\u00e3o do Regime de Dire\u00e7\u00e3o Fiscal na Cassi<\/a>, que \u00e9 a primeira etapa do processo da interven\u00e7\u00e3o. Com a medida, \u00e9 nomeado um terceiro para tratar da quest\u00e3o do desiquil\u00edbrio financeiro na entidade.<\/p>\n<p>Para a Contraf-CUT e a Comiss\u00e3o de Empresa dos Funcion\u00e1rios do Banco do Brasil (CEBB), a melhor solu\u00e7\u00e3o \u00e9 o entendimento entre o banco e os associados.<\/p>\n<h3><strong>Dados apresentados<\/strong><\/h3>\n<p>Na reuni\u00e3o desta quarta-feira (24), foram apresentados os dados mais atualizados dos balancetes financeiros, as curvas de evolu\u00e7\u00e3o de diversos indicadores, entre eles o \u00edndice de solv\u00eancia e de patrim\u00f4nio l\u00edquido.<\/p>\n<p>A diretoria da Cassi informou ainda sobre as medidas tomadas que, segundo eles, melhoraram o \u00edndice de efici\u00eancia, mas que ainda se mostram insuficientes para reverter o patrim\u00f4nio l\u00edquido negativo ou uma melhoria significativa do \u00edndice de solv\u00eancia.<\/p>\n<p>Entre as medidas apresentadas est\u00e3o a melhoria em despesas administrativas e assistenciais, bem como o aumento da coparticipa\u00e7\u00e3o e o congelamento de sal\u00e1rios dos funcion\u00e1rios da Cassi.<\/p>\n<p>Wagner Nascimento, coordenador da Comiss\u00e3o de Empresa dos Funcion\u00e1rios do BB e representante da Contraf-CUT nas negocia\u00e7\u00f5es com o BB e a Cassi, ressaltou que a\u00a0<a href=\"https:\/\/contrafcut.com.br\/noticias\/contraf-cut-e-contra-aumento-da-coparticipacao-na-cassi\/\" target=\"_blank\" rel=\"noopener noreferrer\">Contraf-CUT \u00e9 contra o aumento da coparticipa\u00e7\u00e3o<\/a>. \u201c\u00c9 uma medida que pune quem mais precisa e n\u00e3o resolve o problema financeiro da Cassi\u201d, disse.<\/p>\n<p>Para Nascimento, a melhoria dos n\u00fameros da Cassi \u00e9 positiva, mas insuficiente para garantir a perenidade do plano. \u201cVamos continuar defendendo a Cassi para os funcion\u00e1rios e aposentados do Banco do Brasil, mas \u00e9 preocupante, porque uma nova proposta, se negociada, ter\u00e1 que atender o que a ANS espera para a garantia do plano\u201d, disse.<\/p>\n<p>A diretoria da Cassi tamb\u00e9m prestou esclarecimentos sobre a Dire\u00e7\u00e3o Fiscal e o escopo do trabalho da ANS dentro da Cassi at\u00e9 o momento.<\/p>\n<p>A diretora fiscal nomeada far\u00e1 an\u00e1lise dos dados cont\u00e1beis da Cassi e analisar\u00e1 a efici\u00eancia das medidas de saneamento apresentadas pela diretoria da Cassi, emitindo relat\u00f3rios que ser\u00e3o analisados pelo colegiado da ANS.<\/p>\n<p>O sal\u00e1rio da diretoria fiscal \u00e9 pago pela Cassi.<\/p>\n<h3><strong>Reabertura das negocia\u00e7\u00f5es com o BB<\/strong><\/h3>\n<p>A Contraf-CUT cobrou mais intensidade da diretoria da Cassi na cobran\u00e7a ao Banco do Brasil para a reabertura do processo de negocia\u00e7\u00e3o, pedido apoiado pelas demais entidades.<\/p>\n<p>Wagner tamb\u00e9m pediu esclarecimentos sobre\u00a0<a href=\"https:\/\/outline.com\/pSvAW6\" target=\"_blank\" rel=\"noopener noreferrer\">mat\u00e9ria veiculada no jornal O Estado de S.Paulo\u00a0<\/a>sobre poss\u00edvel venda da carteira da Cassi e lembrou que a entidade tem gest\u00e3o parit\u00e1ria e seu estatuto prev\u00ea consultas ao corpo social para temas desta relev\u00e2ncia.<\/p>\n<p>A Cassi, no entanto, informou que, n\u00e3o havendo medida que garanta a sustentabilidade e a ANS entenda que a aliena\u00e7\u00e3o da carteira ou a liquida\u00e7\u00e3o seja a medida administrativa a ser adotada, a mesma n\u00e3o passar\u00e1 por consulta aos associados.<\/p>\n<p>Para Wagner, \u00e9 estranha a movimenta\u00e7\u00e3o e interesse da imprensa e do mercado financeiro na interven\u00e7\u00e3o da ANS.<\/p>\n<p>\u201cPrecisamos conscientizar os associados de que a falta de proposta agrava a situa\u00e7\u00e3o e a perda da Cassi por venda da carteira ou liquida\u00e7\u00e3o deixa de ser algo remoto. Por isso, continuaremos cobrando a reabertura das negocia\u00e7\u00f5es com o Banco do Brasil\u201d.<\/p>\n<p><strong>Fonte: Contraf-CUT<\/strong><\/p>\n","protected":false},"excerpt":{"rendered":"<p>A Caixa de Assist\u00eancia dos Funcion\u00e1rios do Banco do Brasil (Cassi) apresentou os n\u00fameros financeiros e esclarecimentos sobre o processo de\u00a0interven\u00e7\u00e3o da Ag\u00eancia Nacional de Sa\u00fade Suplementar (ANS) na Cassi\u00a0para a Confedera\u00e7\u00e3o Nacional dos Trabalhadores do Ramo Financeiro (Contraf-CUT) e as demais entidades de representa\u00e7\u00e3o dos funcion\u00e1rios do banco. A apresenta\u00e7\u00e3o ocorreu na quarta-feira (24), [&hellip;]<\/p>\n","protected":false},"author":2,"featured_media":7207,"comment_status":"","ping_status":"","sticky":false,"template":"","format":"standard","meta":{"footnotes":""},"categories":[3],"tags":[],"class_list":["post-7208","post","type-post","status-publish","format-standard","has-post-thumbnail","hentry","category-noticias"],"_links":{"self":[{"href":"https:\/\/hostnetart.com.br\/baixada\/wp-json\/wp\/v2\/posts\/7208","targetHints":{"allow":["GET"]}}],"collection":[{"href":"https:\/\/hostnetart.com.br\/baixada\/wp-json\/wp\/v2\/posts"}],"about":[{"href":"https:\/\/hostnetart.com.br\/baixada\/wp-json\/wp\/v2\/types\/post"}],"author":[{"embeddable":true,"href":"https:\/\/hostnetart.com.br\/baixada\/wp-json\/wp\/v2\/users\/2"}],"replies":[{"embeddable":true,"href":"https:\/\/hostnetart.com.br\/baixada\/wp-json\/wp\/v2\/comments?post=7208"}],"version-history":[{"count":0,"href":"https:\/\/hostnetart.com.br\/baixada\/wp-json\/wp\/v2\/posts\/7208\/revisions"}],"wp:featuredmedia":[{"embeddable":true,"href":"https:\/\/hostnetart.com.br\/baixada\/wp-json\/wp\/v2\/media\/7207"}],"wp:attachment":[{"href":"https:\/\/hostnetart.com.br\/baixada\/wp-json\/wp\/v2\/media?parent=7208"}],"wp:term":[{"taxonomy":"category","embeddable":true,"href":"https:\/\/hostnetart.com.br\/baixada\/wp-json\/wp\/v2\/categories?post=7208"},{"taxonomy":"post_tag","embeddable":true,"href":"https:\/\/hostnetart.com.br\/baixada\/wp-json\/wp\/v2\/tags?post=7208"}],"curies":[{"name":"wp","href":"https:\/\/api.w.org\/{rel}","templated":true}]}}